{"id":185206,"date":"2025-06-18T06:32:11","date_gmt":"2025-06-18T06:32:11","guid":{"rendered":"https:\/\/www.europesays.com\/fr\/185206\/"},"modified":"2025-06-18T06:32:11","modified_gmt":"2025-06-18T06:32:11","slug":"mercato-caen-sochaux-rouen-ca-bouge-en-national","status":"publish","type":"post","link":"https:\/\/www.europesays.com\/fr\/185206\/","title":{"rendered":"Mercato. Caen, Sochaux, Rouen&#8230; Ca bouge en National !"},"content":{"rendered":"<p><img loading=\"lazy\" decoding=\"async\" width=\"696\" height=\"464\" class=\"lazyload entry-thumb\" src=\"https:\/\/www.europesays.com\/fr\/wp-content\/uploads\/2025\/06\/GERBEAUD-Raphael-696x464.jpg\" alt=\"\" title=\"GERBEAUD Rapha\u00ebl\"\/>(Photo Philippe Le Brech)<\/p>\n<p style=\"font-size:20px\"><strong>Ce mardi 17 juin a \u00e9t\u00e9 particuli\u00e8rement mouvement\u00e9 en ce qui concerne le mercato des clubs du National. On vous fait le point !<\/strong><\/p>\n<p>Commen\u00e7ons par un d\u00e9part : celui du gardien du FC Sochaux Montb\u00e9liard Baptiste Valette, qui n\u2019est jamais parvenu \u00e0 s\u2019imposer chez les Lionceaux et qui s\u2019est engag\u00e9 en faveur du RC Pays de Grasse en National 2. Le portier de 32 ans n\u2019a disput\u00e9 qu\u2019une seule rencontre cette saison dans le Doubs.<\/p>\n<p>Apr\u00e8s Formose Mendy, Nassim Titebah et Guiry Egny, le FC Rouen a \u00ab\u00a0r\u00e9pondu \u00e0 l\u2019appel\u00a0\u00bb d\u2019une quatri\u00e8me recrue : Rapha\u00ebl Gerbeaud, un attaquant qui \u00e9voluait \u00e0 Saint-Malo (N2) o\u00f9 il a inscrit 12 buts cette saison.<\/p>\n<blockquote class=\"twitter-tweet\">\n<p lang=\"fr\" dir=\"ltr\">Rapha\u00ebl Gerbeaud r\u00e9pond \u00e0 l\u2019appel du FC Rouen ! <\/p>\n<p>Le FC Rouen 1899 se renforce en attaque. Le club est ravi d\u2019annoncer l\u2019arriv\u00e9e de Rapha\u00ebl Gerbeaud, en provenance de Saint-Malo. Avec les Malouins, Rapha\u00ebl vient de conclure une saison pleine avec 12 buts et 6 passes d\u00e9cisives\u2026 <a href=\"https:\/\/t.co\/Vm6UmtJgfI\">pic.twitter.com\/Vm6UmtJgfI<\/a><\/p>\n<p>\u2014 FC Rouen 1899 (@fcr1899) <a href=\"https:\/\/twitter.com\/fcr1899\/status\/1935016204617265395?ref_src=twsrc%5Etfw\" target=\"_blank\" rel=\"noopener\">June 17, 2025<\/a><\/p><\/blockquote>\n<p>Le SM Caen poursuit son recrutement avec des joueurs d\u00e9j\u00e0 rompus aux joutes du National. L\u2019arriv\u00e9e du d\u00e9fenseur L\u00e9andro Morante (28 ans, fC Martigues) a ainsi \u00e9t\u00e9 officialis\u00e9e par Malherbe ce mardi.<\/p>\n<p>Mouvement entre deux clubs de National : le milieu de terrain Jordan Morel (22 ans) quitte Bourg-P\u00e9ronnas pour rejoindre l\u2019US Orl\u00e9ans. Il a marqu\u00e9 trois buts et d\u00e9livr\u00e9 deux passes d\u00e9cisives cette saison en Bresse en 27 matchs de championnat disput\u00e9. Il retrouvera dans le Loiret son ancien entra\u00eeneur Herv\u00e9 Della-Maggiore.<\/p>\n<p>Un nouveau Tigre d\u00e9barque en Calade. Le FC Villefranche Beaujolais a annonc\u00e9 l\u2019arriv\u00e9e du milieu de terrain du FC Rousset SVO Ilian Boudache (22 ans).<\/p>\n<p><a href=\"https:\/\/footamateur.ouest-france.fr\/author\/fred\/\" class=\"url\" title=\"Fr\u00e9d\u00e9ric Sougey\" target=\"_blank\" rel=\"noopener\"> <img decoding=\"async\" src=\"https:\/\/www.europesays.com\/fr\/wp-content\/uploads\/2025\/04\/gnlpcfya_400x400.jpg\" class=\"lazyload photo\" width=\"250\" alt=\"Fr\u00e9d\u00e9ric Sougey\"\/><\/a><\/p>\n<p>Journaliste chez Sports M\u00e9dia<\/p>\n<p>Elev\u00e9 au c\u0153ur des Alpes, Fred quitte (temporairement) son Grenoble ador\u00e9 pour pr\u00eater sa plume et son regard au monde amateur et plus particuli\u00e8rement au Championnat National dont il est un assidu observateur. Fan de tartiflette, de Karim Mokeddem et de Mulholland Drive. Les bonnes choses de la vie, en somme.<\/p>\n<p><a href=\"https:\/\/footamateur.ouest-france.fr\/author\/fred\/\" class=\"url\" title=\"Fr\u00e9d\u00e9ric Sougey\" target=\"_blank\" rel=\"noopener\"><img decoding=\"async\" src=\"https:\/\/www.europesays.com\/fr\/wp-content\/uploads\/2025\/04\/gnlpcfya_400x400.jpg\" class=\"lazyload photo\" width=\"250\" alt=\"Fr\u00e9d\u00e9ric Sougey\"\/><\/a>Les derniers articles par Fr\u00e9d\u00e9ric Sougey (<a href=\"https:\/\/footamateur.ouest-france.fr\/author\/fred\/\" target=\"_blank\" rel=\"noopener\">tout voir<\/a>)<script async src=\"https:\/\/platform.twitter.com\/widgets.js\" charset=\"utf-8\"><\/script><\/p>\n","protected":false},"excerpt":{"rendered":"(Photo Philippe Le Brech) Ce mardi 17 juin a \u00e9t\u00e9 particuli\u00e8rement mouvement\u00e9 en ce qui concerne le mercato&hellip;\n","protected":false},"author":2,"featured_media":185207,"comment_status":"","ping_status":"","sticky":false,"template":"","format":"standard","meta":{"footnotes":""},"categories":[9587],"tags":[1111,11,1777,674,13096,32330,1011,27,1434,12,5161,25,9590,15104],"class_list":{"0":"post-185206","1":"post","2":"type-post","3":"status-publish","4":"format-standard","5":"has-post-thumbnail","7":"category-rouen","8":"tag-actu","9":"tag-actualites","10":"tag-eu","11":"tag-europe","12":"tag-fc-rouen-1899","13":"tag-fc-sochaux","14":"tag-fr","15":"tag-france","16":"tag-mercato","17":"tag-news","18":"tag-normandie","19":"tag-republique-francaise","20":"tag-rouen","21":"tag-sm-caen"},"share_on_mastodon":{"url":"https:\/\/pubeurope.com\/@fr\/114702971366760661","error":""},"_links":{"self":[{"href":"https:\/\/www.europesays.com\/fr\/wp-json\/wp\/v2\/posts\/185206","targetHints":{"allow":["GET"]}}],"collection":[{"href":"https:\/\/www.europesays.com\/fr\/wp-json\/wp\/v2\/posts"}],"about":[{"href":"https:\/\/www.europesays.com\/fr\/wp-json\/wp\/v2\/types\/post"}],"author":[{"embeddable":true,"href":"https:\/\/www.europesays.com\/fr\/wp-json\/wp\/v2\/users\/2"}],"replies":[{"embeddable":true,"href":"https:\/\/www.europesays.com\/fr\/wp-json\/wp\/v2\/comments?post=185206"}],"version-history":[{"count":0,"href":"https:\/\/www.europesays.com\/fr\/wp-json\/wp\/v2\/posts\/185206\/revisions"}],"wp:featuredmedia":[{"embeddable":true,"href":"https:\/\/www.europesays.com\/fr\/wp-json\/wp\/v2\/media\/185207"}],"wp:attachment":[{"href":"https:\/\/www.europesays.com\/fr\/wp-json\/wp\/v2\/media?parent=185206"}],"wp:term":[{"taxonomy":"category","embeddable":true,"href":"https:\/\/www.europesays.com\/fr\/wp-json\/wp\/v2\/categories?post=185206"},{"taxonomy":"post_tag","embeddable":true,"href":"https:\/\/www.europesays.com\/fr\/wp-json\/wp\/v2\/tags?post=185206"}],"curies":[{"name":"wp","href":"https:\/\/api.w.org\/{rel}","templated":true}]}}