{"id":185208,"date":"2025-06-18T06:33:16","date_gmt":"2025-06-18T06:33:16","guid":{"rendered":"https:\/\/www.europesays.com\/fr\/185208\/"},"modified":"2025-06-18T06:33:16","modified_gmt":"2025-06-18T06:33:16","slug":"en-images-laura-chaix-louise-goupil-sebastien-tavenas-qui-sont-ces-10-chercheurs-des-alpes-distingues-par-le-cnrs","status":"publish","type":"post","link":"https:\/\/www.europesays.com\/fr\/185208\/","title":{"rendered":"En images. Laura Chaix, Louise Goupil, S\u00e9bastien Tavenas&#8230; Qui sont ces 10 chercheurs des Alpes distingu\u00e9s par le CNRS ?"},"content":{"rendered":"<p>Chaque ann\u00e9e, le CNRS r\u00e9compense celles et ceux qui contribuent de mani\u00e8re exceptionnelle au rayonnement et \u00e0 l\u2019avanc\u00e9e de la recherche. En 2025, \u00e0 travers la qualit\u00e9 des recherches men\u00e9es au sein de ses laboratoires, la d\u00e9l\u00e9gation Alpes s&rsquo;est vue r\u00e9compens\u00e9e \u00e0 dix reprises. Tour d&rsquo;horizon, en images, de ces\u00a0femmes et ces hommes qui font avancer la science et la connaissance\u00a0dans notre r\u00e9gion.<\/p>\n","protected":false},"excerpt":{"rendered":"Chaque ann\u00e9e, le CNRS r\u00e9compense celles et ceux qui contribuent de mani\u00e8re exceptionnelle au rayonnement et \u00e0 l\u2019avanc\u00e9e&hellip;\n","protected":false},"author":2,"featured_media":185209,"comment_status":"","ping_status":"","sticky":false,"template":"","format":"standard","meta":{"footnotes":""},"categories":[9566],"tags":[1111,11,2430,9810,33,3856,115,7001,4637,112,113,116,9543,7003,111,114,1777,674,107,1011,27,5325,2798,2731,2732,4638,5015,108,12,25,5508],"class_list":{"0":"post-185208","1":"post","2":"type-post","3":"status-publish","4":"format-standard","5":"has-post-thumbnail","7":"category-grenoble","8":"tag-actu","9":"tag-actualites","10":"tag-auvergne-rhone-alpes","11":"tag-direct-entreprises","12":"tag-economie","13":"tag-edition-annecy-rumilly-les-aravis","14":"tag-edition-bourgoin-jallieu-nord-dauphine","15":"tag-edition-chambery-aix-les-bains","16":"tag-edition-grand-geneve-chablais-ain","17":"tag-edition-grenoble-agglomeration","18":"tag-edition-gresivaudan-oisans","19":"tag-edition-la-tour-du-pin-nord-dauphine","20":"tag-edition-mont-blanc-arve","21":"tag-edition-tarentaise-maurienne","22":"tag-edition-vienne-roussillon","23":"tag-edition-voiron-saint-marcellin","24":"tag-eu","25":"tag-europe","26":"tag-fil-info","27":"tag-fr","28":"tag-france","29":"tag-galerie-media","30":"tag-galerie-photo","31":"tag-grenoble","32":"tag-grenoble-bassin","33":"tag-haute-savoie","34":"tag-innovation-et-start-up","35":"tag-isere","36":"tag-news","37":"tag-republique-francaise","38":"tag-savoie"},"share_on_mastodon":{"url":"","error":"Validation failed: Text character limit of 500 exceeded"},"_links":{"self":[{"href":"https:\/\/www.europesays.com\/fr\/wp-json\/wp\/v2\/posts\/185208","targetHints":{"allow":["GET"]}}],"collection":[{"href":"https:\/\/www.europesays.com\/fr\/wp-json\/wp\/v2\/posts"}],"about":[{"href":"https:\/\/www.europesays.com\/fr\/wp-json\/wp\/v2\/types\/post"}],"author":[{"embeddable":true,"href":"https:\/\/www.europesays.com\/fr\/wp-json\/wp\/v2\/users\/2"}],"replies":[{"embeddable":true,"href":"https:\/\/www.europesays.com\/fr\/wp-json\/wp\/v2\/comments?post=185208"}],"version-history":[{"count":0,"href":"https:\/\/www.europesays.com\/fr\/wp-json\/wp\/v2\/posts\/185208\/revisions"}],"wp:featuredmedia":[{"embeddable":true,"href":"https:\/\/www.europesays.com\/fr\/wp-json\/wp\/v2\/media\/185209"}],"wp:attachment":[{"href":"https:\/\/www.europesays.com\/fr\/wp-json\/wp\/v2\/media?parent=185208"}],"wp:term":[{"taxonomy":"category","embeddable":true,"href":"https:\/\/www.europesays.com\/fr\/wp-json\/wp\/v2\/categories?post=185208"},{"taxonomy":"post_tag","embeddable":true,"href":"https:\/\/www.europesays.com\/fr\/wp-json\/wp\/v2\/tags?post=185208"}],"curies":[{"name":"wp","href":"https:\/\/api.w.org\/{rel}","templated":true}]}}