{"id":185217,"date":"2025-06-18T06:39:10","date_gmt":"2025-06-18T06:39:10","guid":{"rendered":"https:\/\/www.europesays.com\/fr\/185217\/"},"modified":"2025-06-18T06:39:10","modified_gmt":"2025-06-18T06:39:10","slug":"chacun-amenerait-son-cadenas-et-pourrait-y-securiser-ses-affaires-quand-il-va-nager-y-aura-t-il-bientot-des-casiers-sur-les-plages-de-nice","status":"publish","type":"post","link":"https:\/\/www.europesays.com\/fr\/185217\/","title":{"rendered":"\u00ab\u00a0Chacun am\u00e8nerait son cadenas et pourrait y s\u00e9curiser ses affaires quand il va nager\u00a0\u00bb: y aura-t-il bient\u00f4t des casiers sur les plages de Nice?"},"content":{"rendered":"<p>\u00ab\u00a0<strong>Nous pourrions mettre<\/strong> <strong>\u00e0 disposition des casiers sur la promenade des Anglais pour les coureurs de Nice<\/strong>. Lorsqu\u2019ils font leurs footings, \u00e7a leur \u00e9viterait de mettre toutes leurs affaires (cl\u00e9s, t\u00e9l\u00e9phones, \u00e9couteurs\u2026) dans les poches ou de prendre un sac avec eux, ce qui les g\u00eane tr\u00e8s souvent dans leurs performances\u00a0\u00bb, propose une Ni\u00e7oise sur jeparticipe.fr. Cette id\u00e9e formul\u00e9e par Elisa Guracci \u2013 soutenue par certains Ni\u00e7ois \u2013 est parue le 3 f\u00e9vrier sur la plateforme lanc\u00e9e par la Ville de Nice et sur laquelle les habitants ont la possibilit\u00e9 de soumettre des projets pour am\u00e9liorer leur quartier et leur cadre de vie.<\/p>\n<p>Certains ont r\u00e9pondu \u00e0 la suggestion, voulant l\u2019\u00e9largir aux baigneurs en p\u00e9riode estivale. \u00ab\u00a0<strong>Chacun am\u00e8nerait son cadenas et pourrait y s\u00e9curiser ses affaires quand il va nager<\/strong>\u00ab\u00a0, sugg\u00e8re Lora Pellegrino.<\/p>\n<p>                                L\u2019avis des Ni\u00e7ois est mitig\u00e9<\/p>\n<p>L\u2019id\u00e9e semble int\u00e9resser quelques adeptes de la trempette matinale. Baigneuse quotidienne depuis plus de 25 ans, Christine ne laisse jamais ses affaires sans surveillance. \u00ab\u00a0Cela permettrait aux gens qui ne profitent pas des acc\u00e8s priv\u00e9s de ranger leurs affaires, parce que les vols, \u00e7a n\u2019arr\u00eate pas\u00a0\u00bb, explique-t-elle. \u00ab\u00a0Au moins les gens n\u2019ont pas peur de laisser leurs affaires. Car, comme nous sommes inquiets, nous n\u2019allons pas nager bien loin\u00a0\u00bb, remarque Annie. \u00ab\u00a0<strong>C\u2019est une bonne id\u00e9e quand il y a beaucoup de touristes\u00a0\u00bb<\/strong>, ajoute Sophia. Pourtant, de nombreux Ni\u00e7ois restent sceptiques, notamment par rapport \u00e0 l\u2019espace qu\u2019occuperaient ces casiers. \u00ab\u00a0C\u2019est une bonne id\u00e9e, pourquoi pas, mais il faudrait que ce soit discret\u00a0\u00bb, h\u00e9site Claude. Pour Michel, il ne faut pas que l\u2019installation prenne trop de place sur les plages: \u00a0\u00bb Cela d\u00e9pend de la dimension des casiers.\u00a0\u00bb<\/p>\n<p>Si la proposition est retenue, elle sera \u00e9tudi\u00e9e par la Ville de Nice. \u00ab\u00a0Une fois ces analyses effectu\u00e9es, les conseils de territoire se prononceront en septembre sur les projets qu\u2019ils souhaitent soumettre au vote des Ni\u00e7ois\u00a0\u00bb, explique la Ville.<\/p>\n<p><strong>\u00c0 Antibes, depuis 2019, six plages sont \u00e9quip\u00e9es de blocs de 30 casiers pendant la p\u00e9riode estivale<\/strong> pour s\u00e9curiser les affaires des nageurs. Cannes, Toulon et Menton ont \u00e9galement eu recours \u00e0 ces installations.<\/p>\n","protected":false},"excerpt":{"rendered":"\u00ab\u00a0Nous pourrions mettre \u00e0 disposition des casiers sur la promenade des Anglais pour les coureurs de Nice. Lorsqu\u2019ils&hellip;\n","protected":false},"author":2,"featured_media":185218,"comment_status":"","ping_status":"","sticky":false,"template":"","format":"standard","meta":{"footnotes":""},"categories":[2819],"tags":[1111,11,1777,674,1011,27,12,2401,882,25,3366],"class_list":{"0":"post-185217","1":"post","2":"type-post","3":"status-publish","4":"format-standard","5":"has-post-thumbnail","7":"category-nice","8":"tag-actu","9":"tag-actualites","10":"tag-eu","11":"tag-europe","12":"tag-fr","13":"tag-france","14":"tag-news","15":"tag-nice","16":"tag-provence-alpes-cote-dazur","17":"tag-republique-francaise","18":"tag-vie-locale"},"share_on_mastodon":{"url":"https:\/\/pubeurope.com\/@fr\/114702998824319766","error":""},"_links":{"self":[{"href":"https:\/\/www.europesays.com\/fr\/wp-json\/wp\/v2\/posts\/185217","targetHints":{"allow":["GET"]}}],"collection":[{"href":"https:\/\/www.europesays.com\/fr\/wp-json\/wp\/v2\/posts"}],"about":[{"href":"https:\/\/www.europesays.com\/fr\/wp-json\/wp\/v2\/types\/post"}],"author":[{"embeddable":true,"href":"https:\/\/www.europesays.com\/fr\/wp-json\/wp\/v2\/users\/2"}],"replies":[{"embeddable":true,"href":"https:\/\/www.europesays.com\/fr\/wp-json\/wp\/v2\/comments?post=185217"}],"version-history":[{"count":0,"href":"https:\/\/www.europesays.com\/fr\/wp-json\/wp\/v2\/posts\/185217\/revisions"}],"wp:featuredmedia":[{"embeddable":true,"href":"https:\/\/www.europesays.com\/fr\/wp-json\/wp\/v2\/media\/185218"}],"wp:attachment":[{"href":"https:\/\/www.europesays.com\/fr\/wp-json\/wp\/v2\/media?parent=185217"}],"wp:term":[{"taxonomy":"category","embeddable":true,"href":"https:\/\/www.europesays.com\/fr\/wp-json\/wp\/v2\/categories?post=185217"},{"taxonomy":"post_tag","embeddable":true,"href":"https:\/\/www.europesays.com\/fr\/wp-json\/wp\/v2\/tags?post=185217"}],"curies":[{"name":"wp","href":"https:\/\/api.w.org\/{rel}","templated":true}]}}