{"id":185219,"date":"2025-06-18T06:40:14","date_gmt":"2025-06-18T06:40:14","guid":{"rendered":"https:\/\/www.europesays.com\/fr\/185219\/"},"modified":"2025-06-18T06:40:14","modified_gmt":"2025-06-18T06:40:14","slug":"le-batonnier-du-barreau-de-nice-salue-un-mouvement-de-conversion-vers","status":"publish","type":"post","link":"https:\/\/www.europesays.com\/fr\/185219\/","title":{"rendered":"Le b\u00e2tonnier du barreau de Nice salue un \u00ab mouvement de conversion \u00bb vers (\u2026)"},"content":{"rendered":"<p>                    <img loading=\"lazy\" decoding=\"async\" src=\"https:\/\/www.europesays.com\/fr\/wp-content\/uploads\/2025\/06\/a23856689b366daad76924337cade1.jpg\" class=\"img-responsive post-image\" width=\"680\" height=\"510\" alt=\"Le b\u00e2tonnier du barreau\" title=\"Le b\u00e2tonnier du barreau de Nice salue un \u00ab mouvement de conversion \u00bb vers les MARD\"\/><\/p>\n<p class=\"chapo\">Emmanuel Brancaleoni\u00a0s\u2019est dit satisfait \u00ab\u00a0de la mani\u00e8re dont les choses ont \u00e9volu\u00e9\u00a0\u00a0\u00bb en introduction d\u2019un nouveau MARDi de l\u2019amiable organis\u00e9 par le barreau de Nice et le Centre de justice amiable (CJA), mardi 17 juin \u00e0 la biblioth\u00e8que des avocats.<\/p>\n<p>\t\t<img loading=\"lazy\" decoding=\"async\" src=\"https:\/\/www.europesays.com\/fr\/wp-content\/uploads\/2025\/06\/me_brancaleoni_cre_dit_photo_barreau_de_nice-2.jpg\" width=\"400\" height=\"267\" alt=\"\"\/><\/p>\n<p>Me Emmanuel Brancaleoni<br class=\"autobr\"\/><br \/>\nlors des v\u0153ux \u00e0 la presse<br class=\"autobr\"\/><br \/>\ndu barreau de Nice, le 16 janvier.<br class=\"autobr\"\/><br \/>\n(\u00a9Barreau de Nice)\n<\/p>\n<p>\u00ab\u00a0Nous avons fait ce pari \u00e0 l\u2019Ordre, avec la pr\u00e9sidente de la commission MARD<strong> Jenny Sauvage-Fakir<\/strong>, de miser sur les modes alternatifs de r\u00e8glement des diff\u00e9rends et cela commence \u00e0 prendre\u00a0\u00a0\u00bb, a poursuivi le b\u00e2tonnier. M\u00eame si l\u2019affluence n\u2019est pas encore tr\u00e8s importante (pr\u00e8s de 30 personnes \u00e9taient pr\u00e9sentes mardi), Me Brancaleoni a relev\u00e9 que \u00ab\u00a0ce sont toujours les fid\u00e8les qui viennent\u00a0\u00a0\u00bb et il sent \u00ab\u00a0\u00a0qu\u2019il y a un mouvement de conversion vers ces modes amiables\u00a0\u00a0\u00bb. \u00ab\u00a0 C\u2019est une tr\u00e8s grande satisfaction pour le barreau de voir que les orientations que nous avons d\u00e9cid\u00e9 d\u2019impulser sont suivies d\u2019effets.\u00a0\u00bb Le b\u00e2tonnier a \u00e9voqu\u00e9 \u00ab\u00a0une aventure collective\u00a0\u00a0\u00bb et a tenu \u00e0 remercier l\u2019ensemble de la commission MARD du barreau, dont sa pr\u00e9sidente et pr\u00e9sidente d\u00e9l\u00e9gu\u00e9e du CJA, Me Sauvage-Fakir, mais \u00e9galement les magistrats. \u00ab\u00a0\u00a0L\u2019amiable ne peut fonctionner que dans un tandem magistrats et avocats\u00a0\u00bb, a-t-il assur\u00e9.<\/p>\n<p>Le rendez-vous du 17 juin \u00e9tait consacr\u00e9 au th\u00e8me \u00ab\u00a0<strong>Le proc\u00e8s, la chose des parties\u00a0?<\/strong>\u00a0\u00bb, avec <strong>C\u00e9cile Sanjuan Puchol<\/strong>, premi\u00e8re vice-pr\u00e9sidente du tribunal judiciaire de Nice, et <strong>Roy Spitz <\/strong> avocat du barreau de Nice. Le prochain MARDi de l\u2019amiable aura lieu \u00e0 la rentr\u00e9e, le 23 septembre, et portera sur la conciliation et la m\u00e9diation dans la sant\u00e9, avec un professeur de m\u00e9decine et un directeur d\u2019h\u00f4pital.<\/p>\n<p> <a href=\"https:\/\/www.europesays.com\/fr\/wp-content\/uploads\/2025\/06\/mardi_17_juin_2.jpg\" class=\"spip_doc_lien mediabox\" type=\"image\/jpeg\"><br \/>\n\t\t<img loading=\"lazy\" decoding=\"async\" src=\"https:\/\/www.europesays.com\/fr\/wp-content\/uploads\/2025\/06\/mardi_17_juin_2.jpg\" width=\"1024\" height=\"768\" alt=\"\"\/><\/a><\/p>\n<p>De gauche \u00e0 droite\u00a0: C\u00e9cile Sanjuan Puchol et Me Sauvage Fakir \u00a9S.G\n<\/p>\n<p> <a href=\"https:\/\/www.europesays.com\/fr\/wp-content\/uploads\/2025\/06\/mardi_17_juin_3.jpg\" class=\"spip_doc_lien mediabox\" type=\"image\/jpeg\"><br \/>\n\t\t<img loading=\"lazy\" decoding=\"async\" src=\"https:\/\/www.europesays.com\/fr\/wp-content\/uploads\/2025\/06\/mardi_17_juin_3.jpg\" width=\"1024\" height=\"768\" alt=\"\"\/><\/a><\/p>\n<p>Roy Spitz \u00a9S.G<\/p>\n","protected":false},"excerpt":{"rendered":"Emmanuel Brancaleoni\u00a0s\u2019est dit satisfait \u00ab\u00a0de la mani\u00e8re dont les choses ont \u00e9volu\u00e9\u00a0\u00a0\u00bb en introduction d\u2019un nouveau MARDi de&hellip;\n","protected":false},"author":2,"featured_media":185220,"comment_status":"","ping_status":"","sticky":false,"template":"","format":"standard","meta":{"footnotes":""},"categories":[2819],"tags":[1111,11,2408,1777,674,1011,27,12,2401,882,25],"class_list":{"0":"post-185219","1":"post","2":"type-post","3":"status-publish","4":"format-standard","5":"has-post-thumbnail","7":"category-nice","8":"tag-actu","9":"tag-actualites","10":"tag-appels-d","11":"tag-eu","12":"tag-europe","13":"tag-fr","14":"tag-france","15":"tag-news","16":"tag-nice","17":"tag-provence-alpes-cote-dazur","18":"tag-republique-francaise"},"share_on_mastodon":{"url":"https:\/\/pubeurope.com\/@fr\/114703002984578176","error":""},"_links":{"self":[{"href":"https:\/\/www.europesays.com\/fr\/wp-json\/wp\/v2\/posts\/185219","targetHints":{"allow":["GET"]}}],"collection":[{"href":"https:\/\/www.europesays.com\/fr\/wp-json\/wp\/v2\/posts"}],"about":[{"href":"https:\/\/www.europesays.com\/fr\/wp-json\/wp\/v2\/types\/post"}],"author":[{"embeddable":true,"href":"https:\/\/www.europesays.com\/fr\/wp-json\/wp\/v2\/users\/2"}],"replies":[{"embeddable":true,"href":"https:\/\/www.europesays.com\/fr\/wp-json\/wp\/v2\/comments?post=185219"}],"version-history":[{"count":0,"href":"https:\/\/www.europesays.com\/fr\/wp-json\/wp\/v2\/posts\/185219\/revisions"}],"wp:featuredmedia":[{"embeddable":true,"href":"https:\/\/www.europesays.com\/fr\/wp-json\/wp\/v2\/media\/185220"}],"wp:attachment":[{"href":"https:\/\/www.europesays.com\/fr\/wp-json\/wp\/v2\/media?parent=185219"}],"wp:term":[{"taxonomy":"category","embeddable":true,"href":"https:\/\/www.europesays.com\/fr\/wp-json\/wp\/v2\/categories?post=185219"},{"taxonomy":"post_tag","embeddable":true,"href":"https:\/\/www.europesays.com\/fr\/wp-json\/wp\/v2\/tags?post=185219"}],"curies":[{"name":"wp","href":"https:\/\/api.w.org\/{rel}","templated":true}]}}