{"id":185221,"date":"2025-06-18T06:41:19","date_gmt":"2025-06-18T06:41:19","guid":{"rendered":"https:\/\/www.europesays.com\/fr\/185221\/"},"modified":"2025-06-18T06:41:19","modified_gmt":"2025-06-18T06:41:19","slug":"lindustriel-yara-mauvais-payeur-deboute-en-appel","status":"publish","type":"post","link":"https:\/\/www.europesays.com\/fr\/185221\/","title":{"rendered":"L\u2019industriel Yara, mauvais payeur, d\u00e9bout\u00e9 en appel"},"content":{"rendered":"<p>L\u2019industriel devra bien payer son ardoise.<\/p>\n<p><a href=\"https:\/\/nantes.maville.com\/actu\/file:\/\/\/C:\/Users\/marianne.dardard\/Downloads\/2207412%25202207417%25202310736%25202407612_jugement%2520du%252017%2520juin%25202025.pdf\" target=\"_self\" rel=\"nofollow noopener\">Dans un jugement rendu mardi 17\u00a0juin 2025<\/a>, le tribunal administratif de Nantes a confirm\u00e9 le bien-fond\u00e9 des p\u00e9nalit\u00e9s inflig\u00e9es par le pr\u00e9fet de Loire-Atlantique, \u00a0compte tenu de l\u2019inaction persistante de la soci\u00e9t\u00e9\u00a0, souligne le communiqu\u00e9 de la juridiction.<\/p>\n<p>D\u00e9bout\u00e9 en premi\u00e8re instance, le fabricant d\u2019engrais Yara France, somm\u00e9 depuis des ann\u00e9es par l\u2019\u00c9tat de limiter ses \u00e9missions de poussi\u00e8res,<a href=\"https:\/\/saint-nazaire.maville.com\/actu\/actudet_-l-industriel-yara-conteste-encore-les-sanctions-administratives-_8-6805939_actu.Htm\" target=\"_self\" rel=\"nofollow noopener\"> contestait les astreintes impos\u00e9es par trois arr\u00eat\u00e9s pr\u00e9fectoraux<\/a> pour les montants respectifs de 80\u00a0400\u00a0\u20ac (le 9\u00a0f\u00e9vrier 2022), 519\u00a0000\u00a0\u20ac (2\u00a0juin 2023) et 256\u00a0000\u00a0\u20ac (15\u00a0avril 2024).<\/p>\n<p>\u00ab\u00a0Carence persistante\u00a0\u00bb<\/p>\n<p>\u00a0Eu \u00e9gard \u00e0 la carence persistante de la soci\u00e9t\u00e9 Yara France pendant de nombreuses ann\u00e9es, \u00e0 l\u2019absence de respect des valeurs limites d\u2019\u00e9mission fix\u00e9es depuis 2003 et \u00e0 l\u2019absence de tout motif invoqu\u00e9 pour en justifier, notamment d\u2019ordre \u00e9conomique, il n\u2019y a pas lieu de modifier les montants liquid\u00e9s et de donner une suite favorable \u00e0 la demande de r\u00e9duction du montant des astreintes\u00a0, indique le tribunal.<\/p>\n<p>De son c\u00f4t\u00e9,<a href=\"https:\/\/nantes.maville.com\/actu\/actudet_-l-industriel-yara-poursuit-son-combat-contre-les-arretes-prefectoraux-_8-6835064_actu.Htm\" target=\"_self\" rel=\"nofollow noopener\"> la pr\u00e9fecture avait toutefois renonc\u00e9 aux poursuites,<\/a> pr\u00e9cisant qu\u2019apr\u00e8s l\u2019arr\u00eat de la fabrication d\u2019engrais en octobre\u00a02023 e<a href=\"https:\/\/saint-nazaire.maville.com\/actu\/actudet_-au-port-de-montoir-de-bretagne-yara-se-transforme-mais-le-site-demeure-seveso-seuil-haut-_8-6829248_actu.Htm\" target=\"_self\" rel=\"nofollow noopener\">t la cessation officielle de cette activit\u00e9 en janvier\u00a02025<\/a>, la question de la mise en s\u00e9curit\u00e9 de la salle de contr\u00f4le est devenue sans objet, tout comme la liquidation de l\u2019astreinte \u00e0 ce sujet.<\/p>\n<p>\u00a0<\/p>\n","protected":false},"excerpt":{"rendered":"L\u2019industriel devra bien payer son ardoise. Dans un jugement rendu mardi 17\u00a0juin 2025, le tribunal administratif de Nantes&hellip;\n","protected":false},"author":2,"featured_media":185222,"comment_status":"","ping_status":"","sticky":false,"template":"","format":"standard","meta":{"footnotes":""},"categories":[2818],"tags":[1111,11,7431,32334,1777,674,1011,27,13270,32332,766,12,32333,2636,25,32331],"class_list":{"0":"post-185221","1":"post","2":"type-post","3":"status-publish","4":"format-standard","5":"has-post-thumbnail","7":"category-nantes","8":"tag-actu","9":"tag-actualites","10":"tag-appel","11":"tag-deboute","12":"tag-eu","13":"tag-europe","14":"tag-fr","15":"tag-france","16":"tag-industriel","17":"tag-mauvais","18":"tag-nantes","19":"tag-news","20":"tag-payeur","21":"tag-pays-de-la-loire","22":"tag-republique-francaise","23":"tag-yara"},"share_on_mastodon":{"url":"https:\/\/pubeurope.com\/@fr\/114703006656488029","error":""},"_links":{"self":[{"href":"https:\/\/www.europesays.com\/fr\/wp-json\/wp\/v2\/posts\/185221","targetHints":{"allow":["GET"]}}],"collection":[{"href":"https:\/\/www.europesays.com\/fr\/wp-json\/wp\/v2\/posts"}],"about":[{"href":"https:\/\/www.europesays.com\/fr\/wp-json\/wp\/v2\/types\/post"}],"author":[{"embeddable":true,"href":"https:\/\/www.europesays.com\/fr\/wp-json\/wp\/v2\/users\/2"}],"replies":[{"embeddable":true,"href":"https:\/\/www.europesays.com\/fr\/wp-json\/wp\/v2\/comments?post=185221"}],"version-history":[{"count":0,"href":"https:\/\/www.europesays.com\/fr\/wp-json\/wp\/v2\/posts\/185221\/revisions"}],"wp:featuredmedia":[{"embeddable":true,"href":"https:\/\/www.europesays.com\/fr\/wp-json\/wp\/v2\/media\/185222"}],"wp:attachment":[{"href":"https:\/\/www.europesays.com\/fr\/wp-json\/wp\/v2\/media?parent=185221"}],"wp:term":[{"taxonomy":"category","embeddable":true,"href":"https:\/\/www.europesays.com\/fr\/wp-json\/wp\/v2\/categories?post=185221"},{"taxonomy":"post_tag","embeddable":true,"href":"https:\/\/www.europesays.com\/fr\/wp-json\/wp\/v2\/tags?post=185221"}],"curies":[{"name":"wp","href":"https:\/\/api.w.org\/{rel}","templated":true}]}}