{"id":185240,"date":"2025-06-18T06:52:13","date_gmt":"2025-06-18T06:52:13","guid":{"rendered":"https:\/\/www.europesays.com\/fr\/185240\/"},"modified":"2025-06-18T06:52:13","modified_gmt":"2025-06-18T06:52:13","slug":"les-policiers-le-retrouvent-avec-une-balle-dans-la-jambe","status":"publish","type":"post","link":"https:\/\/www.europesays.com\/fr\/185240\/","title":{"rendered":"les policiers le retrouvent avec une balle dans la jambe"},"content":{"rendered":"<p itemprop=\"description\"><strong>Ce mardi soir, les forces de l&rsquo;ordre ont \u00e9t\u00e9 avis\u00e9es de la pr\u00e9sence d&rsquo;un homme bless\u00e9 \u00e0 la jambe.<\/strong><\/p>\n<p>L&rsquo;individu s&rsquo;\u00e9tait r\u00e9fugi\u00e9 \u00e0 la station de tramway D\u00e9cines Centre, \u00e0 D\u00e9cines-Charpieu.<\/p>\n<p>Prise en charge peu avant 22h, la victime avait \u00e9t\u00e9 la cible d&rsquo;un tir d&rsquo;arme \u00e0 feu, et souffrait d&rsquo;une blessure par balle. Elle a \u00e9t\u00e9 hospitalis\u00e9e, son pronostic vital n&rsquo;\u00e9tait pas en danger.<\/p>\n<p>Les circonstances exactes de la fusillade ne sont pas encore connues, le ou les tireurs sont activement recherch\u00e9s.<\/p>\n<p>L&rsquo;enqu\u00eate se poursuit.<\/p>\n","protected":false},"excerpt":{"rendered":"Ce mardi soir, les forces de l&rsquo;ordre ont \u00e9t\u00e9 avis\u00e9es de la pr\u00e9sence d&rsquo;un homme bless\u00e9 \u00e0 la&hellip;\n","protected":false},"author":2,"featured_media":185241,"comment_status":"","ping_status":"","sticky":false,"template":"","format":"standard","meta":{"footnotes":""},"categories":[1889],"tags":[1111,11,2813,2190,2430,1109,251,1112,2811,1777,674,118,1011,27,1922,1110,1114,2428,2810,12,241,316,25,2812,517,800],"class_list":{"0":"post-185240","1":"post","2":"type-post","3":"status-publish","4":"format-standard","5":"has-post-thumbnail","7":"category-lyon","8":"tag-actu","9":"tag-actualites","10":"tag-article","11":"tag-asvel","12":"tag-auvergne-rhone-alpes","13":"tag-breves","14":"tag-culture","15":"tag-depeches","16":"tag-economique","17":"tag-eu","18":"tag-europe","19":"tag-faits-divers","20":"tag-fr","21":"tag-france","22":"tag-info","23":"tag-informations","24":"tag-infos","25":"tag-lyon","26":"tag-lyonmag","27":"tag-news","28":"tag-ol","29":"tag-politique","30":"tag-republique-francaise","31":"tag-sociale","32":"tag-sport","33":"tag-transports"},"share_on_mastodon":{"url":"https:\/\/pubeurope.com\/@fr\/114703049870105436","error":""},"_links":{"self":[{"href":"https:\/\/www.europesays.com\/fr\/wp-json\/wp\/v2\/posts\/185240","targetHints":{"allow":["GET"]}}],"collection":[{"href":"https:\/\/www.europesays.com\/fr\/wp-json\/wp\/v2\/posts"}],"about":[{"href":"https:\/\/www.europesays.com\/fr\/wp-json\/wp\/v2\/types\/post"}],"author":[{"embeddable":true,"href":"https:\/\/www.europesays.com\/fr\/wp-json\/wp\/v2\/users\/2"}],"replies":[{"embeddable":true,"href":"https:\/\/www.europesays.com\/fr\/wp-json\/wp\/v2\/comments?post=185240"}],"version-history":[{"count":0,"href":"https:\/\/www.europesays.com\/fr\/wp-json\/wp\/v2\/posts\/185240\/revisions"}],"wp:featuredmedia":[{"embeddable":true,"href":"https:\/\/www.europesays.com\/fr\/wp-json\/wp\/v2\/media\/185241"}],"wp:attachment":[{"href":"https:\/\/www.europesays.com\/fr\/wp-json\/wp\/v2\/media?parent=185240"}],"wp:term":[{"taxonomy":"category","embeddable":true,"href":"https:\/\/www.europesays.com\/fr\/wp-json\/wp\/v2\/categories?post=185240"},{"taxonomy":"post_tag","embeddable":true,"href":"https:\/\/www.europesays.com\/fr\/wp-json\/wp\/v2\/tags?post=185240"}],"curies":[{"name":"wp","href":"https:\/\/api.w.org\/{rel}","templated":true}]}}