{"id":185242,"date":"2025-06-18T06:54:08","date_gmt":"2025-06-18T06:54:08","guid":{"rendered":"https:\/\/www.europesays.com\/fr\/185242\/"},"modified":"2025-06-18T06:54:08","modified_gmt":"2025-06-18T06:54:08","slug":"bouchons-exceptionnels-a-paris-et-en-ile-de-france","status":"publish","type":"post","link":"https:\/\/www.europesays.com\/fr\/185242\/","title":{"rendered":"bouchons exceptionnels \u00e0 Paris et en \u00cele-de-France"},"content":{"rendered":"<p>            Par<br \/>\n        <strong><br \/>\n            <a href=\"https:\/\/actu.fr\/auteur\/redaction-paris\" title=\"Consulter tous les articles de R\u00e9daction Paris\" rel=\"nofollow noopener\" target=\"_blank\">R\u00e9daction Paris<\/a><br \/>\n        <\/strong><\/p>\n<p>        Publi\u00e9 le<\/p>\n<p>            18 juin 2025 \u00e0 8h33        <\/p>\n<p><strong>Troisi\u00e8me journ\u00e9e de bouchons<\/strong>. Ce mercredi 18\u00a0juin 2025, les routes de Paris et d\u2019\u00cele-de-France sont particuli\u00e8rement fr\u00e9quent\u00e9es.\u00a0Le <a href=\"https:\/\/actu.fr\/ile-de-france\/paris_75056\/salon-du-bourget-sous-tension-bataille-du-logement-etudiant-a-paris-l-info-a-midi-en-ile-de-france_62777563.html\" rel=\"nofollow noopener\" target=\"_blank\">Salon du Bourget<\/a> est en partie responsable de ce trafic compliqu\u00e9.<\/p>\n<p>Plus de 370 kilom\u00e8tres de bouchons<\/p>\n<p class=\" wall-content\">Un \u0153il sur la courbe du cumul des bouchons de <a href=\"https:\/\/www.sytadin.fr\/\" rel=\"nofollow noopener\" target=\"_blank\">Sytadin.fr<\/a> nous indique que les bouchons, \u00e0 8h30, s\u2019envolent bien au-dessus de la moyenne\u2009: <strong>373 kilom\u00e8tres<\/strong> enregistr\u00e9s. Une journ\u00e9e sans encombre n\u2019en compte pas plus de 200.<\/p>\n<p class=\" wall-content\">Le Salon du Bourget complique donc la <a href=\"https:\/\/actu.fr\/tag\/circulation\" rel=\"nofollow noopener\" target=\"_blank\">circulation<\/a> sur <a href=\"https:\/\/actu.fr\/tag\/autoroute-1-a1\" rel=\"nofollow noopener\" target=\"_blank\">l\u2019autoroute A1<\/a> et <a href=\"https:\/\/actu.fr\/tag\/autoroute-86-a86\" rel=\"nofollow noopener\" target=\"_blank\">l\u2019autoroute A86<\/a>. Sytadin recommande aux automobilistes <strong>d\u2019\u00e9viter la zone<\/strong>, dans la mesure du possible.<\/p>\n<p class=\" wall-content\">Deux <a href=\"https:\/\/actu.fr\/tag\/accident\" rel=\"nofollow noopener\" target=\"_blank\">accidents<\/a> <strong>ralentissent<\/strong> aussi la situation\u2009:<\/p>\n<p class=\" wall-content\">\u2013 Sur l\u2019A4 \u00e0 <strong>Noisy-le-Grand<\/strong> en direction de Paris entra\u00eene la neutralisation d\u2019une des deux voies. Une camionnette et un poids lourd sont impliqu\u00e9s.<\/p>\n<p>Vid\u00e9os : en ce moment sur Actu<\/p>\n<p class=\" wall-content\">\u2013 Sur l\u2019A15 \u00e0 <strong>Gennevilliers<\/strong>, un v\u00e9hicule l\u00e9ger est impliqu\u00e9. Une voie \u00e0 droite est ferm\u00e9e et les temps de parcours parfois doubl\u00e9s.<\/p>\n<p class=\" wall-content\">Suivez toute l\u2019actualit\u00e9 de vos villes et m\u00e9dias favoris en vous inscrivant \u00e0 <a href=\"https:\/\/moncompte.actu.fr\" title=\"D\u00e9couvez Mon Actu\" rel=\"nofollow noopener\" data-trk=\"{&quot;cta&quot;:{&quot;action&quot;:&quot;https:\\\/\\\/moncompte.actu.fr&quot;,&quot;category&quot;:&quot;mon compte&quot;,&quot;from&quot;:&quot;article footer&quot;,&quot;name&quot;:&quot;Mon actu&quot;,&quot;type&quot;:&quot;cta&quot;}}\" target=\"_blank\">Mon Actu<\/a>.<\/p>\n","protected":false},"excerpt":{"rendered":"Par R\u00e9daction Paris Publi\u00e9 le 18 juin 2025 \u00e0 8h33 Troisi\u00e8me journ\u00e9e de bouchons. Ce mercredi 18\u00a0juin 2025,&hellip;\n","protected":false},"author":2,"featured_media":183642,"comment_status":"","ping_status":"","sticky":false,"template":"","format":"standard","meta":{"footnotes":""},"categories":[1592],"tags":[119,1111,11,3542,1777,674,1011,27,662,12,626,25,104,2803],"class_list":{"0":"post-185242","1":"post","2":"type-post","3":"status-publish","4":"format-standard","5":"has-post-thumbnail","7":"category-ile-de-france","8":"tag-accident","9":"tag-actu","10":"tag-actualites","11":"tag-circulation","12":"tag-eu","13":"tag-europe","14":"tag-fr","15":"tag-france","16":"tag-ile-de-france","17":"tag-news","18":"tag-paris","19":"tag-republique-francaise","20":"tag-societe","21":"tag-transport"},"share_on_mastodon":{"url":"https:\/\/pubeurope.com\/@fr\/114703057998636429","error":""},"_links":{"self":[{"href":"https:\/\/www.europesays.com\/fr\/wp-json\/wp\/v2\/posts\/185242","targetHints":{"allow":["GET"]}}],"collection":[{"href":"https:\/\/www.europesays.com\/fr\/wp-json\/wp\/v2\/posts"}],"about":[{"href":"https:\/\/www.europesays.com\/fr\/wp-json\/wp\/v2\/types\/post"}],"author":[{"embeddable":true,"href":"https:\/\/www.europesays.com\/fr\/wp-json\/wp\/v2\/users\/2"}],"replies":[{"embeddable":true,"href":"https:\/\/www.europesays.com\/fr\/wp-json\/wp\/v2\/comments?post=185242"}],"version-history":[{"count":0,"href":"https:\/\/www.europesays.com\/fr\/wp-json\/wp\/v2\/posts\/185242\/revisions"}],"wp:featuredmedia":[{"embeddable":true,"href":"https:\/\/www.europesays.com\/fr\/wp-json\/wp\/v2\/media\/183642"}],"wp:attachment":[{"href":"https:\/\/www.europesays.com\/fr\/wp-json\/wp\/v2\/media?parent=185242"}],"wp:term":[{"taxonomy":"category","embeddable":true,"href":"https:\/\/www.europesays.com\/fr\/wp-json\/wp\/v2\/categories?post=185242"},{"taxonomy":"post_tag","embeddable":true,"href":"https:\/\/www.europesays.com\/fr\/wp-json\/wp\/v2\/tags?post=185242"}],"curies":[{"name":"wp","href":"https:\/\/api.w.org\/{rel}","templated":true}]}}