{"id":185243,"date":"2025-06-18T06:55:11","date_gmt":"2025-06-18T06:55:11","guid":{"rendered":"https:\/\/www.europesays.com\/fr\/185243\/"},"modified":"2025-06-18T06:55:11","modified_gmt":"2025-06-18T06:55:11","slug":"apres-des-annees-de-travaux-la-nouvelle-entree-de-montrouge-divise-les-habitants","status":"publish","type":"post","link":"https:\/\/www.europesays.com\/fr\/185243\/","title":{"rendered":"apr\u00e8s des ann\u00e9es de travaux, la nouvelle entr\u00e9e de Montrouge divise les habitants"},"content":{"rendered":"<p>            Par<br \/>\n        <strong><br \/>\n            <a href=\"https:\/\/actu.fr\/auteur\/hugo-hancewicz\" title=\"Consulter tous les articles de Hugo Hancewicz\" rel=\"nofollow noopener\" target=\"_blank\">Hugo Hancewicz<\/a><br \/>\n        <\/strong><\/p>\n<p>        Publi\u00e9 le<\/p>\n<p>            18 juin 2025 \u00e0 6h04        <\/p>\n<p>Au nord de <a href=\"https:\/\/actu.fr\/ile-de-france\/montrouge_92049\" rel=\"nofollow noopener\" target=\"_blank\">Montrouge<\/a> (<a href=\"https:\/\/actu.fr\/ile-de-france\/hauts-de-seine_92\" rel=\"nofollow noopener\" target=\"_blank\">Hauts-de-Seine<\/a>), \u00e0 la lisi\u00e8re du p\u00e9riph\u00e9rique parisien, le quartier P\u00e9ri-Ginoux-Gautier n\u2019a plus tout \u00e0 fait la m\u00eame allure. Longtemps marqu\u00e9 par <strong>le vacarme des moteurs<\/strong> et un paysage urbain min\u00e9ral, ce secteur dense, \u00e0 l\u2019entr\u00e9e de la petite couronne, op\u00e8re depuis peu un virage vers un <a href=\"https:\/\/actu.fr\/tag\/environnement\" rel=\"nofollow noopener\" target=\"_blank\">environnement<\/a> plus apais\u00e9 et <strong>mieux pens\u00e9 pour les usages quotidiens<\/strong>. \u00ab\u2009On respire un peu plus, mais \u00e7a reste toujours tr\u00e8s b\u00e9tonn\u00e9\u2009\u00bb, nuance Julia, habitante du quartier depuis huit ans. Assise en terrasse, place Th\u00e9ophile-Gautier, ce lundi 16 juin, elle cherche un peu de fra\u00eecheur <a href=\"https:\/\/actu.fr\/meteo\/apres-les-orages-la-canicule-meteo-france-annonce-le-retour-d-une-forte-chaleur-a-paris-et-en-ile-de-france_62775438.html\" rel=\"nofollow noopener\" target=\"_blank\">en pleine chaleur<\/a>. \u00ab C\u2019est un bel effort, la mairie a \u00e9cout\u00e9, <strong>mais un peu plus d\u2019ombre n\u2019aurait pas \u00e9t\u00e9 de trop<\/strong> \u00bb, ajoute-t-elle. De son c\u00f4t\u00e9, la ville assure \u00e0 <a href=\"https:\/\/actu.fr\/paris\/\" rel=\"nofollow noopener\" target=\"_blank\">actu Paris<\/a> que \u00ab\u00a0la v\u00e9g\u00e9talisation reste une priorit\u00e9\u00a0\u00bb et annonce \u00ab\u00a0la cr\u00e9ation de nouveaux parcs\u00a0\u00bb dans l\u2019ensemble de la commune.<\/p>\n<p>Un projet en concertation avec les habitants<\/p>\n<p class=\" wall-content\">Lanc\u00e9e en 2020, la transformation du quartier P\u00e9ri-Ginoux-Gautier s\u2019est construite sur <strong>\u00ab\u00a0une concertation avec les riverains et les commer\u00e7ants\u00a0\u00bb <\/strong>pr\u00e9cise la ville, dans l\u2019id\u00e9e de r\u00e9concilier qualit\u00e9 de vie et identit\u00e9 urbaine. Pour la municipalit\u00e9, l\u2019objectif \u00e9tait de rendre ce secteur tr\u00e8s dense, o\u00f9 chaque m\u00e8tre carr\u00e9 compte, plus lisible et plus vivant, sans le d\u00e9naturer.<\/p>\n<p class=\" wall-content\">Ces am\u00e9nagements s\u2019inscrivent dans une dynamique plus large men\u00e9e \u00e0 l\u2019\u00e9chelle des Hauts-de-Seine, <strong>visant \u00e0 soigner les entr\u00e9es de ville<\/strong>. Par exemple, \u00e0 <a href=\"https:\/\/actu.fr\/ile-de-france\/suresnes_92073\" rel=\"nofollow noopener\" target=\"_blank\">Suresnes<\/a>, <a href=\"https:\/\/actu.fr\/ile-de-france\/suresnes_92073\/arbres-pistes-cyclables-des-annees-de-travaux-debutent-a-suresnes-pour-metamorphoser-son-entree_62183674.html\" rel=\"nofollow noopener\" target=\"_blank\">un vaste chantier est en cours<\/a> pour transformer l\u2019acc\u00e8s \u00e0 la commune d\u2019ici 2027, tandis qu\u2019\u00e0 <a href=\"https:\/\/actu.fr\/ile-de-france\/villeneuve-la-garenne_92078\" rel=\"nofollow noopener\" target=\"_blank\">Villeneuve-la-Garenne<\/a>, des travaux plus larges visent \u00e0 <a href=\"https:\/\/actu.fr\/ile-de-france\/villeneuve-la-garenne_92078\/de-plus-en-plus-attractive-cette-commune-des-hauts-de-seine-va-creer-un-nouveau-centre-ville_62173582.html\" rel=\"nofollow noopener\" target=\"_blank\">redonner vie \u00e0 l\u2019entr\u00e9e nord<\/a>.<\/p>\n<p>\u00ab\u2009On risque de voir plus de familles\u2009\u00bb<\/p>\n<p class=\" wall-content\">Dans ce secteur de Montrouge, les signes de la m\u00e9tamorphose sont tangibles. Plus de 3\u2009000 m\u00b2 de pleine terre ont \u00e9t\u00e9 ouverts, <strong>permettant la plantation de plus d\u2019une centaine d\u2019arbres<\/strong>, dont certains d\u00e9j\u00e0 adultes. \u00c0 cela s\u2019ajoutent des milliers de vivaces, arbustes et bulbes, qui donnent une nouvelle allure aux abords des squares.<\/p>\n<p>    <img   decoding=\"async\" loading=\"lazy\" src=\"https:\/\/www.europesays.com\/fr\/wp-content\/uploads\/2025\/06\/img-4912-960x640.jpg\" alt=\"xxxxx\" width=\"960\" height=\"640\"\/><br \/>\n    Plusieurs squares ont \u00e9t\u00e9 repens\u00e9s, notamment pour les familles. (\u00a9HH\/actu Paris)<\/p>\n<p class=\" wall-content\">Le square des Oliviers a \u00e9t\u00e9 enti\u00e8rement redessin\u00e9, <strong>int\u00e9grant un parcours ludique pens\u00e9 pour les enfants<\/strong>. Un peu plus loin, le square Bouzerait s\u2019est transform\u00e9 en jardin public ouvert, avec en son c\u0153ur un espace de jardinage partag\u00e9. \u00ab\u2009On risque de voir plus de familles dans les prochaines semaines\u2009\u00bb, esp\u00e8re Ahmed, retrait\u00e9 du quartier, qui salue d\u00e9j\u00e0<strong>\u00a0\u00ab\u2009un coin plus vivant\u2009\u00bb<\/strong>.<\/p>\n<p>Une redynamisation du commerce local<\/p>\n<p class=\" wall-content\">En parall\u00e8le, <strong>le soutien aux commerces de proximit\u00e9 a \u00e9t\u00e9 renforc\u00e9 par la ville<\/strong>. \u00ab\u00a0Ils b\u00e9n\u00e9ficient d\u00e9sormais d\u2019une meilleure accessibilit\u00e9 pi\u00e9tonne, de nouvelles enseignes pour donner de la coh\u00e9rence esth\u00e9tique et de terrasses v\u00e9g\u00e9talis\u00e9es\u00a0\u00bb, d\u00e9taille la ville.<\/p>\n<blockquote class=\"ac-article-quote wall-content\">\n<p>\u00ab C\u2019est plus agr\u00e9able pour tout le monde. On esp\u00e8re que les clients tra\u00eeneront un peu plus sur la place \u00bb<\/p>\n<p>    <strong>Serveur<\/strong><br \/>\n        Place Th\u00e9ophile Gautier    <\/p><\/blockquote>\n<p class=\" wall-content\">Mais l\u2019un des changements les plus visibles concerne la circulation. Les plans de voirie ont \u00e9t\u00e9 repens\u00e9s pour favoriser la marche et le v\u00e9lo. R\u00e9sultat\u2009: 725 m\u00e8tres de pistes cyclables ont \u00e9t\u00e9 cr\u00e9\u00e9s, <strong>les espaces pi\u00e9tons agrandis<\/strong>, et les attaches-v\u00e9los multipli\u00e9es. Les flux de circulation ont \u00e9t\u00e9 repens\u00e9s pour limiter les conflits d\u2019usages et reconnecter les diff\u00e9rentes zones du quartier.<\/p>\n<p class=\" wall-content\">\u00ab\u2009Ce n\u2019est pas encore un havre de paix, <strong>mais on s\u2019y d\u00e9place beaucoup mieux<\/strong>\u2009\u00bb, glisse Sophie, m\u00e8re de deux enfants et adepte des trajets \u00e0 v\u00e9lo avec ses bambins. Avant, je n\u2019osais pas les emmener sur certaines portions. Aujourd\u2019hui, on sent que c\u2019est pens\u00e9 pour nous\u2009\u00bb. Et pour cause, le quartier consacre d\u00e9sormais <strong>30 % d\u2019espace suppl\u00e9mentaire aux mobilit\u00e9s douces<\/strong>.<\/p>\n<p>    <img   decoding=\"async\" loading=\"lazy\" src=\"https:\/\/www.europesays.com\/fr\/wp-content\/uploads\/2025\/06\/img-4918-960x640.jpg\" alt=\"Le quartier a \u00e9t\u00e9 repens\u00e9 pour encourager les d\u00e9placements \u00e0 pied et \u00e0 v\u00e9lo, avec une&#10;augmentation de 30 % des surfaces d\u00e9di\u00e9es aux mobilit\u00e9s douces.\" width=\"960\" height=\"640\"\/><br \/>\n    Le quartier a \u00e9t\u00e9 repens\u00e9 pour encourager les d\u00e9placements \u00e0 pied et \u00e0 v\u00e9lo, avec une augmentation de 30\u2009% des surfaces d\u00e9di\u00e9es aux mobilit\u00e9s douces. (\u00a9HH\/actu Paris)\u00ab\u2009Ce n\u2019est pas assez ambitieux pour un quartier aussi dense et strat\u00e9gique\u2009\u00bb<\/p>\n<p class=\" wall-content\">Mais derri\u00e8re les plantations et les trottoirs refaits, certains riverains pointent <a href=\"https:\/\/actu.fr\/ile-de-france\/montrouge_92049\/hauts-de-seine-aux-portes-de-paris-ce-quartier-aura-bientot-trois-fois-plus-d-espaces-verts_60901512.html\" rel=\"nofollow noopener\" target=\"_blank\">la lenteur du chantier<\/a> et le manque de lisibilit\u00e9 sur les investissements engag\u00e9s. \u00ab\u2009<strong>\u00c7a a dur\u00e9 des ann\u00e9es pour un r\u00e9sultat qui reste partiel<\/strong>, souffle Marc, habitant de la rue Gautier. On a eu des nuisances pendant longtemps, mais au final, \u00e7a reste un quartier de passage, encore tr\u00e8s b\u00e9tonn\u00e9\u2009\u00bb.<\/p>\n<p class=\" wall-content\">Le co\u00fbt global de l\u2019op\u00e9ration s\u2019\u00e9l\u00e8ve \u00e0 9,5 millions d\u2019euros. Et pour certains habitants, le r\u00e9sultat ne justifie pas totalement un tel investissement. \u00ab\u2009Ce n\u2019est pas assez ambitieux <strong>pour un quartier aussi dense et strat\u00e9gique<\/strong>, estime tout de m\u00eame Sophie. On aurait aim\u00e9 une vraie rupture, pas juste un embellissement\u2009\u00bb.<\/p>\n<p>    <a href=\"https:\/\/email.publihebdos.com\/form?lid=Mqc7o19yVDtMEo2FE8aUtw2\" title=\"Ouvrie le lien\" rel=\"nofollow noopener\" target=\"_blank\">Cliquez ici pour visualiser le contenu<\/a><\/p>\n<p class=\" wall-content\">Mais la municipalit\u00e9 assure que la d\u00e9marche ne s\u2019arr\u00eate pas l\u00e0. <strong>\u00ab La v\u00e9g\u00e9talisation est une priorit\u00e9 dans toutes les r\u00e9novations engag\u00e9es \u00bb<\/strong>, pr\u00e9cise-t-on \u00e0 la mairie. D\u2019autres projets sont en cours ou \u00e0 venir, notamment le futur parc au 127 avenue de la R\u00e9publique, en compl\u00e9ment du <a href=\"https:\/\/actu.fr\/ile-de-france\/montrouge_92049\/projet-le-plus-conteste-de-montrouge-pourquoi-le-chantier-du-square-schuman-suscite-une-vive-opposition_61513544.html\" rel=\"nofollow noopener\" target=\"_blank\">parc Schuman<\/a> situ\u00e9 \u00e0 proximit\u00e9, et certaines rues doivent \u00e9galement \u00eatre v\u00e9g\u00e9talis\u00e9es \u00e0 leur tour.<\/p>\n<p class=\" wall-content\">Suivez toute l\u2019actualit\u00e9 de vos villes et m\u00e9dias favoris en vous inscrivant \u00e0 <a href=\"https:\/\/moncompte.actu.fr\" title=\"D\u00e9couvez Mon Actu\" rel=\"nofollow noopener\" data-trk=\"{&quot;cta&quot;:{&quot;action&quot;:&quot;https:\\\/\\\/moncompte.actu.fr&quot;,&quot;category&quot;:&quot;mon compte&quot;,&quot;from&quot;:&quot;article footer&quot;,&quot;name&quot;:&quot;Mon actu&quot;,&quot;type&quot;:&quot;cta&quot;}}\" target=\"_blank\">Mon Actu<\/a>.<\/p>\n","protected":false},"excerpt":{"rendered":"Par Hugo Hancewicz Publi\u00e9 le 18 juin 2025 \u00e0 6h04 Au nord de Montrouge (Hauts-de-Seine), \u00e0 la lisi\u00e8re&hellip;\n","protected":false},"author":2,"featured_media":185244,"comment_status":"","ping_status":"","sticky":false,"template":"","format":"standard","meta":{"footnotes":""},"categories":[1888],"tags":[1111,1928,11,1927,51,1777,674,1011,27,12,1926,626,1925,25,104,2086,15637],"class_list":{"0":"post-185243","1":"post","2":"type-post","3":"status-publish","4":"format-standard","5":"has-post-thumbnail","7":"category-paris","8":"tag-actu","9":"tag-actu-paris","10":"tag-actualites","11":"tag-actualites-paris","12":"tag-ecologie","13":"tag-eu","14":"tag-europe","15":"tag-fr","16":"tag-france","17":"tag-news","18":"tag-news-paris","19":"tag-paris","20":"tag-paris-news","21":"tag-republique-francaise","22":"tag-societe","23":"tag-travaux","24":"tag-vague-de-chaleur"},"share_on_mastodon":{"url":"https:\/\/pubeurope.com\/@fr\/114703061749820819","error":""},"_links":{"self":[{"href":"https:\/\/www.europesays.com\/fr\/wp-json\/wp\/v2\/posts\/185243","targetHints":{"allow":["GET"]}}],"collection":[{"href":"https:\/\/www.europesays.com\/fr\/wp-json\/wp\/v2\/posts"}],"about":[{"href":"https:\/\/www.europesays.com\/fr\/wp-json\/wp\/v2\/types\/post"}],"author":[{"embeddable":true,"href":"https:\/\/www.europesays.com\/fr\/wp-json\/wp\/v2\/users\/2"}],"replies":[{"embeddable":true,"href":"https:\/\/www.europesays.com\/fr\/wp-json\/wp\/v2\/comments?post=185243"}],"version-history":[{"count":0,"href":"https:\/\/www.europesays.com\/fr\/wp-json\/wp\/v2\/posts\/185243\/revisions"}],"wp:featuredmedia":[{"embeddable":true,"href":"https:\/\/www.europesays.com\/fr\/wp-json\/wp\/v2\/media\/185244"}],"wp:attachment":[{"href":"https:\/\/www.europesays.com\/fr\/wp-json\/wp\/v2\/media?parent=185243"}],"wp:term":[{"taxonomy":"category","embeddable":true,"href":"https:\/\/www.europesays.com\/fr\/wp-json\/wp\/v2\/categories?post=185243"},{"taxonomy":"post_tag","embeddable":true,"href":"https:\/\/www.europesays.com\/fr\/wp-json\/wp\/v2\/tags?post=185243"}],"curies":[{"name":"wp","href":"https:\/\/api.w.org\/{rel}","templated":true}]}}