{"id":185259,"date":"2025-06-18T07:03:09","date_gmt":"2025-06-18T07:03:09","guid":{"rendered":"https:\/\/www.europesays.com\/fr\/185259\/"},"modified":"2025-06-18T07:03:09","modified_gmt":"2025-06-18T07:03:09","slug":"de-nouveaux-radars-vont-voir-le-jour-en-allemagne","status":"publish","type":"post","link":"https:\/\/www.europesays.com\/fr\/185259\/","title":{"rendered":"De nouveaux radars vont voir le jour en Allemagne"},"content":{"rendered":"<p>Vous prenez la route\u2026 Vous avez pr\u00e9vu d\u2019aller vers l\u2019Allemagne pendant les vacances d\u2019\u00e9t\u00e9\u2026 Soyez prudent, de nouveaux radars font leur apparition sur les routes de l\u2019autre c\u00f4t\u00e9 de la fronti\u00e8re\u00a0!<\/p>\n<p>L\u2019Allemagne va bient\u00f4t tester de nouveaux radars capables de mesurer le poids des v\u00e9hicules en roulant, pour prot\u00e9ger ses ponts vieillissants.<\/p>\n<p>Si votre voiture est trop lourde, votre plaque s\u2019affichera sur un \u00e9cran et vous devrez vous arr\u00eater pour un second contr\u00f4le.<\/p>\n<p>Une amende de 30 \u00e0 450 euros pourra \u00eatre inflig\u00e9e, et le v\u00e9hicule immobilis\u00e9 jusqu\u2019\u00e0 all\u00e8gement.<\/p>\n<p>En parall\u00e8le, les cam\u00e9ras Monocam traquent d\u00e9j\u00e0 l\u2019usage du t\u00e9l\u00e9phone au volant, avec plus de 1200 infractions relev\u00e9es en trois mois pr\u00e8s de Tr\u00e8ves.<\/p>\n","protected":false},"excerpt":{"rendered":"Vous prenez la route\u2026 Vous avez pr\u00e9vu d\u2019aller vers l\u2019Allemagne pendant les vacances d\u2019\u00e9t\u00e9\u2026 Soyez prudent, de nouveaux&hellip;\n","protected":false},"author":2,"featured_media":185260,"comment_status":"","ping_status":"","sticky":false,"template":"","format":"standard","meta":{"footnotes":""},"categories":[1587],"tags":[11,672,1804,1805,1803,1777,674,1801,12,1802],"class_list":{"0":"post-185259","1":"post","2":"type-post","3":"status-publish","4":"format-standard","5":"has-post-thumbnail","7":"category-allemagne","8":"tag-actualites","9":"tag-allemagne","10":"tag-bundesrepublik-deutschland","11":"tag-de","12":"tag-deutschland","13":"tag-eu","14":"tag-europe","15":"tag-germany","16":"tag-news","17":"tag-republique-federale-dallemagne"},"share_on_mastodon":{"url":"https:\/\/pubeurope.com\/@fr\/114703093149740229","error":""},"_links":{"self":[{"href":"https:\/\/www.europesays.com\/fr\/wp-json\/wp\/v2\/posts\/185259","targetHints":{"allow":["GET"]}}],"collection":[{"href":"https:\/\/www.europesays.com\/fr\/wp-json\/wp\/v2\/posts"}],"about":[{"href":"https:\/\/www.europesays.com\/fr\/wp-json\/wp\/v2\/types\/post"}],"author":[{"embeddable":true,"href":"https:\/\/www.europesays.com\/fr\/wp-json\/wp\/v2\/users\/2"}],"replies":[{"embeddable":true,"href":"https:\/\/www.europesays.com\/fr\/wp-json\/wp\/v2\/comments?post=185259"}],"version-history":[{"count":0,"href":"https:\/\/www.europesays.com\/fr\/wp-json\/wp\/v2\/posts\/185259\/revisions"}],"wp:featuredmedia":[{"embeddable":true,"href":"https:\/\/www.europesays.com\/fr\/wp-json\/wp\/v2\/media\/185260"}],"wp:attachment":[{"href":"https:\/\/www.europesays.com\/fr\/wp-json\/wp\/v2\/media?parent=185259"}],"wp:term":[{"taxonomy":"category","embeddable":true,"href":"https:\/\/www.europesays.com\/fr\/wp-json\/wp\/v2\/categories?post=185259"},{"taxonomy":"post_tag","embeddable":true,"href":"https:\/\/www.europesays.com\/fr\/wp-json\/wp\/v2\/tags?post=185259"}],"curies":[{"name":"wp","href":"https:\/\/api.w.org\/{rel}","templated":true}]}}