{"id":185267,"date":"2025-06-18T07:07:10","date_gmt":"2025-06-18T07:07:10","guid":{"rendered":"https:\/\/www.europesays.com\/fr\/185267\/"},"modified":"2025-06-18T07:07:10","modified_gmt":"2025-06-18T07:07:10","slug":"laustralie-adopte-ses-premieres-sanctions-contre-la-flotte-fantome-russe","status":"publish","type":"post","link":"https:\/\/www.europesays.com\/fr\/185267\/","title":{"rendered":"l\u2019Australie adopte ses premi\u00e8res sanctions contre la \u00abflotte fant\u00f4me\u00bb russe"},"content":{"rendered":"<p>Comme l\u2019Union europ\u00e9enne et le Royaume-Uni, Canberra cible ces navires utilis\u00e9s par Moscou pour transporter son p\u00e9trole en contournant les sanctions occidentales.<\/p>\n<p class=\"fig-paragraph\">L&rsquo;Australie a pour la premi\u00e8re fois impos\u00e9 des sanctions contre 60 navires de\u00a0<a href=\"http:\/\/www.lefigaro.fr\/international\/en-mer-baltique-la-russie-deploie-ses-navires-de-guerre-pour-escorter-sa-flotte-fantome-20250528\" data-fig-type=\"NewsFlash\" data-gtm-custom-categorie=\"navigation\" data-gtm-custom-action=\"crossclick\" data-gtm-custom-label=\"Contextuel\" data-gtm-event=\"customEventSPE\" data-fig-domain=\"LEFIGARO\" target=\"_blank\" rel=\"noopener\">\u00abla flotte fant\u00f4me\u00bb utilis\u00e9e par la Russie<\/a>\u00a0pour exporter son p\u00e9trole, a annonc\u00e9 mercredi le gouvernement. Des partenaires de Canberra, tels que le Royaume-Uni et l&rsquo;Union europ\u00e9enne, ont d\u00e9j\u00e0 sanctionn\u00e9 plusieurs centaines de ces navires, souvent vieillissants et exploit\u00e9s sous pavillon \u00e9tranger, utilis\u00e9s par Moscou pour transporter son p\u00e9trole en contournant les sanctions occidentales.<\/p>\n<p class=\"fig-paragraph\">\u00abLa Russie utilise ces navires pour contourner les sanctions internationales et soutenir sa guerre ill\u00e9gale et immorale contre l&rsquo;Ukraine\u00bb, a d\u00e9nonc\u00e9 le minist\u00e8re australien des Affaires \u00e9trang\u00e8res dans un communiqu\u00e9. Les navires de la \u00abflotte fant\u00f4me\u00bb russe sont par ailleurs r\u00e9guli\u00e8rement accus\u00e9s par les Europ\u00e9ens d&rsquo;\u00eatre impliqu\u00e9s dans des\u00a0<a href=\"http:\/\/www.lefigaro.fr\/international\/sabotage-d-un-cable-en-baltique-un-petrolier-suspecte-d-appartenir-a-une-flotte-fantome-russe-dans-le-viseur-de-la-finlande-20250102\" data-fig-type=\"NewsFlash\" data-gtm-custom-categorie=\"navigation\" data-gtm-custom-action=\"crossclick\" data-gtm-custom-label=\"Contextuel\" data-gtm-event=\"customEventSPE\" data-fig-domain=\"LEFIGARO\" target=\"_blank\" rel=\"noopener\">atteintes aux c\u00e2bles sous-marins<\/a>, et de repr\u00e9senter une menace environnementale.<\/p>\n<p class=\"fig-paragraph\">\u00abOp\u00e9rant au moyen de pratiques trompeuses, notamment en changeant de pavillon, en d\u00e9sactivant les syst\u00e8mes de localisation, et en op\u00e9rant avec des assurances inappropri\u00e9es, la flotte fant\u00f4me permet le commerce illicite du p\u00e9trole russe et d&rsquo;autres produits sanctionn\u00e9s\u00bb, a ajout\u00e9 le minist\u00e8re. Les sanctions contre des navires consistent g\u00e9n\u00e9ralement \u00e0 leur interdire l&rsquo;acc\u00e8s aux eaux nationales et a fortiori l&rsquo;entr\u00e9e dans les ports.\u00a0<a href=\"http:\/\/www.lefigaro.fr\/societes\/arabie-saoudite-etats-unis-australie-en-dehors-de-paris-comment-la-ratp-se-developpe-a-l-international-20250616\" data-fig-type=\"NewsFlash\" data-gtm-custom-categorie=\"navigation\" data-gtm-custom-action=\"crossclick\" data-gtm-custom-label=\"Contextuel\" data-gtm-event=\"customEventSPE\" data-fig-domain=\"LEFIGARO\" target=\"_blank\" rel=\"noopener\">L&rsquo;Australie\u00a0<\/a>a d\u00e9j\u00e0 impos\u00e9 plusieurs batteries de sanctions \u00e0 la Russie en r\u00e9ponse \u00e0 l&rsquo;invasion de l&rsquo;Ukraine lanc\u00e9e par Moscou en f\u00e9vrier 2022.<\/p>\n","protected":false},"excerpt":{"rendered":"Comme l\u2019Union europ\u00e9enne et le Royaume-Uni, Canberra cible ces navires utilis\u00e9s par Moscou pour transporter son p\u00e9trole en&hellip;\n","protected":false},"author":2,"featured_media":185268,"comment_status":"","ping_status":"","sticky":false,"template":"","format":"standard","meta":{"footnotes":""},"categories":[2],"tags":[339,11,5035,340,343,345,350,130,344,352,349,33,341,313,1011,27,346,131,342,353,351,347,12,348,25,132,354],"class_list":{"0":"post-185267","1":"post","2":"type-post","3":"status-publish","4":"format-standard","5":"has-post-thumbnail","7":"category-actualites","8":"tag-actualite-economique","9":"tag-actualites","10":"tag-australie","11":"tag-bourse","12":"tag-cac-40","13":"tag-chef-dentreprise","14":"tag-concurrence","15":"tag-consommation","16":"tag-creation-dentreprise","17":"tag-crise","18":"tag-delocalisations","19":"tag-economie","20":"tag-emploi","21":"tag-entreprises","22":"tag-fr","23":"tag-france","24":"tag-grands-patrons","25":"tag-guerre-en-ukraine","26":"tag-impots","27":"tag-licenciements","28":"tag-monopole","29":"tag-multinationales","30":"tag-news","31":"tag-privatisation","32":"tag-republique-francaise","33":"tag-russie","34":"tag-unio"},"share_on_mastodon":{"url":"https:\/\/pubeurope.com\/@fr\/114703108876492558","error":""},"_links":{"self":[{"href":"https:\/\/www.europesays.com\/fr\/wp-json\/wp\/v2\/posts\/185267","targetHints":{"allow":["GET"]}}],"collection":[{"href":"https:\/\/www.europesays.com\/fr\/wp-json\/wp\/v2\/posts"}],"about":[{"href":"https:\/\/www.europesays.com\/fr\/wp-json\/wp\/v2\/types\/post"}],"author":[{"embeddable":true,"href":"https:\/\/www.europesays.com\/fr\/wp-json\/wp\/v2\/users\/2"}],"replies":[{"embeddable":true,"href":"https:\/\/www.europesays.com\/fr\/wp-json\/wp\/v2\/comments?post=185267"}],"version-history":[{"count":0,"href":"https:\/\/www.europesays.com\/fr\/wp-json\/wp\/v2\/posts\/185267\/revisions"}],"wp:featuredmedia":[{"embeddable":true,"href":"https:\/\/www.europesays.com\/fr\/wp-json\/wp\/v2\/media\/185268"}],"wp:attachment":[{"href":"https:\/\/www.europesays.com\/fr\/wp-json\/wp\/v2\/media?parent=185267"}],"wp:term":[{"taxonomy":"category","embeddable":true,"href":"https:\/\/www.europesays.com\/fr\/wp-json\/wp\/v2\/categories?post=185267"},{"taxonomy":"post_tag","embeddable":true,"href":"https:\/\/www.europesays.com\/fr\/wp-json\/wp\/v2\/tags?post=185267"}],"curies":[{"name":"wp","href":"https:\/\/api.w.org\/{rel}","templated":true}]}}