{"id":185273,"date":"2025-06-18T07:10:09","date_gmt":"2025-06-18T07:10:09","guid":{"rendered":"https:\/\/www.europesays.com\/fr\/185273\/"},"modified":"2025-06-18T07:10:09","modified_gmt":"2025-06-18T07:10:09","slug":"montceau-du-beach-volley-sur-les-terres-du-beach-rugby","status":"publish","type":"post","link":"https:\/\/www.europesays.com\/fr\/185273\/","title":{"rendered":"Montceau &#8211; Du beach volley sur les terres du beach rugby"},"content":{"rendered":"<p>Vous avez ador\u00e9 cette semaine de festivit\u00e9s avec le beach rugby !<\/p>\n<p>L\u2019ASPM, le club de volley affili\u00e9 \u00e0 la f\u00e9d\u00e9ration fran\u00e7aise de volley-ball de Montceau les Mines, vous propose de prolonger ce plaisir par un tournoi de volley toute la journ\u00e9e sur le sable du stade Jean Bouveri.<\/p>\n<p>Ce dimanche 22 juin 2025, venez participer au plus grand tournoi de beach de la r\u00e9gion en partenariat avec la mairie de Montceau les mines, la ligue de volley-ball Bourgogne Franche Comt\u00e9 et le comit\u00e9 d\u00e9partemental de Sa\u00f4ne et Loire (rendez-vous \u00e0 partir de 9h).<\/p>\n<p>Tous niveaux accept\u00e9s, possibilit\u00e9 de compl\u00e9ter les \u00e9quipes sur place.<\/p>\n<p><img loading=\"lazy\" decoding=\"async\" data-attachment-id=\"194750\" data-permalink=\"https:\/\/linformateurdebourgogne.com\/fight-club-71-belle-fin-de-saison-pour-idris-et-mehdi\/vide-77\/\" data-orig-file=\"https:\/\/linformateurdebourgogne.com\/wp-content\/uploads\/2025\/06\/vide-6.png\" data-orig-size=\"455,37\" data-comments-opened=\"0\" data-image-meta=\"{&quot;aperture&quot;:&quot;0&quot;,&quot;credit&quot;:&quot;&quot;,&quot;camera&quot;:&quot;&quot;,&quot;caption&quot;:&quot;&quot;,&quot;created_timestamp&quot;:&quot;0&quot;,&quot;copyright&quot;:&quot;&quot;,&quot;focal_length&quot;:&quot;0&quot;,&quot;iso&quot;:&quot;0&quot;,&quot;shutter_speed&quot;:&quot;0&quot;,&quot;title&quot;:&quot;&quot;,&quot;orientation&quot;:&quot;0&quot;}\" data-image-title=\"vide\" data-image-description=\"\" data-image-caption=\"\" data-medium-file=\"https:\/\/www.europesays.com\/fr\/wp-content\/uploads\/2025\/06\/vide-6-300x24.png\" data-large-file=\"https:\/\/linformateurdebourgogne.com\/wp-content\/uploads\/2025\/06\/vide-6.png\" class=\"alignnone size-medium wp-image-194750\" src=\"https:\/\/www.europesays.com\/fr\/wp-content\/uploads\/2025\/06\/vide-6-300x24.png\" alt=\"\" width=\"300\" height=\"24\"  \/><\/p>\n<p><strong>Deux formules:<\/strong><\/p>\n<p>4\u00d74 mixte loisir (1 fille minimum)<\/p>\n<p>3\u00d73 Open comp\u00e9tition<\/p>\n<p>Ce n\u2019est pas moins de 10 terrains de beach-volley qui vous accueillerons ce dimanche. Le temps s\u2019annonce radieux et ensoleill\u00e9.<\/p>\n","protected":false},"excerpt":{"rendered":"Vous avez ador\u00e9 cette semaine de festivit\u00e9s avec le beach rugby ! L\u2019ASPM, le club de volley affili\u00e9&hellip;\n","protected":false},"author":2,"featured_media":185274,"comment_status":"","ping_status":"","sticky":false,"template":"","format":"standard","meta":{"footnotes":""},"categories":[1417],"tags":[1011,27,60,1470,1469],"class_list":{"0":"post-185273","1":"post","2":"type-post","3":"status-publish","4":"format-standard","5":"has-post-thumbnail","7":"category-volley","8":"tag-fr","9":"tag-france","10":"tag-sports","11":"tag-volley","12":"tag-volleyball"},"share_on_mastodon":{"url":"https:\/\/pubeurope.com\/@fr\/114703120738057248","error":""},"_links":{"self":[{"href":"https:\/\/www.europesays.com\/fr\/wp-json\/wp\/v2\/posts\/185273","targetHints":{"allow":["GET"]}}],"collection":[{"href":"https:\/\/www.europesays.com\/fr\/wp-json\/wp\/v2\/posts"}],"about":[{"href":"https:\/\/www.europesays.com\/fr\/wp-json\/wp\/v2\/types\/post"}],"author":[{"embeddable":true,"href":"https:\/\/www.europesays.com\/fr\/wp-json\/wp\/v2\/users\/2"}],"replies":[{"embeddable":true,"href":"https:\/\/www.europesays.com\/fr\/wp-json\/wp\/v2\/comments?post=185273"}],"version-history":[{"count":0,"href":"https:\/\/www.europesays.com\/fr\/wp-json\/wp\/v2\/posts\/185273\/revisions"}],"wp:featuredmedia":[{"embeddable":true,"href":"https:\/\/www.europesays.com\/fr\/wp-json\/wp\/v2\/media\/185274"}],"wp:attachment":[{"href":"https:\/\/www.europesays.com\/fr\/wp-json\/wp\/v2\/media?parent=185273"}],"wp:term":[{"taxonomy":"category","embeddable":true,"href":"https:\/\/www.europesays.com\/fr\/wp-json\/wp\/v2\/categories?post=185273"},{"taxonomy":"post_tag","embeddable":true,"href":"https:\/\/www.europesays.com\/fr\/wp-json\/wp\/v2\/tags?post=185273"}],"curies":[{"name":"wp","href":"https:\/\/api.w.org\/{rel}","templated":true}]}}