{"id":185285,"date":"2025-06-18T07:17:09","date_gmt":"2025-06-18T07:17:09","guid":{"rendered":"https:\/\/www.europesays.com\/fr\/185285\/"},"modified":"2025-06-18T07:17:09","modified_gmt":"2025-06-18T07:17:09","slug":"beaucoup-de-gens-nont-pas-compris-mon-choix-adrien-lebeau-la-d3-allemande-plutot-que-la-ligue-des-champions-avec-brest","status":"publish","type":"post","link":"https:\/\/www.europesays.com\/fr\/185285\/","title":{"rendered":"\u00ab\u00a0Beaucoup de gens n\u2019ont pas compris mon choix\u00a0\u00bb\u00a0: Adrien Lebeau, la D3 allemande plut\u00f4t que la Ligue des champions avec Brest"},"content":{"rendered":"<p>Vous sortez de votre saison la plus aboutie de votre carri\u00e8re au Hansa Rostock (cinq buts et huit passes d\u00e9cisives en 36 matchs de D3 allemande)\u00a0?<\/p>\n<p>Le d\u00e9but de saison a \u00e9t\u00e9 un peu compliqu\u00e9, je crois qu\u2019on \u00e9tait rel\u00e9gables apr\u00e8s 11 journ\u00e9es. Puis il y a eu un nouvel entra\u00eeneur et tout a chang\u00e9, et on rate finalement les play-offs de peu. Individuellement, c\u2019\u00e9tait une tr\u00e8s bonne saison et j\u2019ai bien encha\u00een\u00e9, en jouant quasiment tous les matchs titulaires (33 titularisations). C\u2019est aussi pour \u00e7a que j\u2019avais besoin de partir et, surtout, de prendre du plaisir. Le tout dans un engouement incroyable, tr\u00e8s r\u00e9put\u00e9 en Allemagne, avec 25\u00a0000 personnes chaque week-end et au moins 3\u00a0000 lors des d\u00e9placements.<\/p>\n<p>Qu\u2019\u00eates-vous venu chercher en rejoignant Rostock\u00a0?<\/p>\n<p>C\u2019\u00e9tait important de retrouver du temps de jeu, de me montrer pour passer un cap et encha\u00eener une saison sans p\u00e9pin physique, avec des stats. J\u2019avais des touches en Ligue 2, mais ce n\u2019\u00e9tait pas mon but de rester en France. J\u2019avais vraiment beaucoup aim\u00e9 mes deux saisons \u00e0 Mannheim et je voulais \u00e0 tout prix vraiment retrouver \u00e7a.<\/p>\n<p>La saison derni\u00e8re, vous \u00eates l\u2019un des joueurs de champ les plus souvent rempla\u00e7ants \u00e0 n\u2019avoir jamais connu le onze de d\u00e9part (27 fois sur le banc en Ligue 1, 7 entr\u00e9es en jeu), derri\u00e8re le Ni\u00e7ois Bald\u00e9. Vous \u00eates-vous demand\u00e9 si vous \u00e9tiez \u00e0 votre place\u00a0?<\/p>\n<p>Pas vraiment, parce que je voyais \u00e0 l\u2019entra\u00eenement que je n\u2019\u00e9tais pas en dessous. Je fais une tr\u00e8s bonne entr\u00e9e \u00e0 Montpellier, avec une place d\u00e9cisive. Mais <a href=\"https:\/\/www.letelegramme.fr\/sports\/football\/stade-brestois\/adrien-lebeau-sengage-pour-une-saison-avec-le-stade-brestois-6405514.php\" rel=\"nofollow noopener\" target=\"_blank\">je suis arriv\u00e9<\/a> dans une saison o\u00f9 tout r\u00e9ussissait au groupe, o\u00f9 il n\u2019y a pas eu de blessure, peu de cartons rouges. Le coach tournait avec un groupe de 13-14 joueurs performants et je comprends les choix, on ne change pas une \u00e9quipe qui gagne. Mais en fin de saison, c\u2019est s\u00fbr que je ne voulais pas revivre la m\u00eame chose.<\/p>\n<p>Vous aviez alors eu une discussion avec \u00c9ric Roy\u00a0?<\/p>\n<p>Il m\u2019a dit qu\u2019il ne pouvait pas me promettre une place de titulaire, ce que je comprends tout \u00e0 fait. J\u2019ai pris le temps de r\u00e9fl\u00e9chir et, l\u2019avant-veille de retourner \u00e0 Brest pour prolonger mes deux saisons en option, j\u2019ai re\u00e7u la proposition de Rostock. J\u2019ai appel\u00e9 le coach \u00c9ric Roy le soir pour lui expliquer ma situation, et il a tout de suite compris. Il m\u2019a dit que c\u2019\u00e9tait dommage, qu\u2019il aurait bien aim\u00e9 continuer \u00e0 travailler avec moi mais <a href=\"https:\/\/www.letelegramme.fr\/sports\/football\/stade-brestois\/en-fin-de-contrat-avec-brest-adrien-lebeau-rebondit-en-d3-allemande-6618157.php\" target=\"_blank\" rel=\"nofollow noopener\">qu\u2019il comprenait tout \u00e0 fait mon choix.<\/a><\/p>\n<p>Regrettez-vous ce choix de ne pas avoir pris part \u00e0 la saison du Stade Brestois, avec un parcours m\u00e9morable en Ligue des champions\u00a0?<\/p>\n<p>Non, pas du tout. Aujourd\u2019hui, je suis tr\u00e8s heureux de mon choix, qui va me permettre de jouer au-dessus la saison prochaine si mes dirigeants ne se montrent pas trop gourmands (rires). C\u2019est vrai que beaucoup de gens n\u2019ont pas compris mon choix, m\u00eame certains de mes amis. Mais je ne me voyais pas refaire une saison sur le banc, m\u00eame en Ligue des champions. Alors oui, c\u2019est toujours beau d\u2019\u00e9couter la petite musique, \u00e7a va te permettre de dire\u00a0: \u00ab\u00a0J\u2019\u00e9tais sur le banc en Ligue des champions.\u00a0\u00bb Mais en termes de football, \u00e7a ne t\u2019apporte pas \u00e9norm\u00e9ment.<\/p>\n<p>Je ne regrette pas du tout mon choix, je suis justement tr\u00e8s fier de l\u2019avoir fait. Ce n\u2019\u00e9tait pas facile \u00e0 faire, mais il a port\u00e9 ses fruits aujourd\u2019hui. Je pense que faire une saison compl\u00e8te en D3 allemande m\u2019a plus apport\u00e9 que de faire z\u00e9ro rencontre en Ligue des champions et de n\u2019avoir quasiment pas de temps de jeu en Ligue 1.<\/p>\n<p>O\u00f9 jouerez-vous l\u2019ann\u00e9e prochaine\u00a0?<\/p>\n<p>Je veux m\u2019installer en Allemagne. J\u2019ai eu une ou deux propositions en France, en Ligue 2, mais je pr\u00e9f\u00e8re rester en Allemagne. Il y a des clubs de D2 qui sont int\u00e9ress\u00e9s et avec qui on discute.<\/p>\n","protected":false},"excerpt":{"rendered":"Vous sortez de votre saison la plus aboutie de votre carri\u00e8re au Hansa Rostock (cinq buts et huit&hellip;\n","protected":false},"author":2,"featured_media":185286,"comment_status":"","ping_status":"","sticky":false,"template":"","format":"standard","meta":{"footnotes":""},"categories":[1410],"tags":[63,1011,27,60,4449],"class_list":{"0":"post-185285","1":"post","2":"type-post","3":"status-publish","4":"format-standard","5":"has-post-thumbnail","7":"category-football","8":"tag-football","9":"tag-fr","10":"tag-france","11":"tag-sports","12":"tag-stade-brestois"},"share_on_mastodon":{"url":"https:\/\/pubeurope.com\/@fr\/114703148395557966","error":""},"_links":{"self":[{"href":"https:\/\/www.europesays.com\/fr\/wp-json\/wp\/v2\/posts\/185285","targetHints":{"allow":["GET"]}}],"collection":[{"href":"https:\/\/www.europesays.com\/fr\/wp-json\/wp\/v2\/posts"}],"about":[{"href":"https:\/\/www.europesays.com\/fr\/wp-json\/wp\/v2\/types\/post"}],"author":[{"embeddable":true,"href":"https:\/\/www.europesays.com\/fr\/wp-json\/wp\/v2\/users\/2"}],"replies":[{"embeddable":true,"href":"https:\/\/www.europesays.com\/fr\/wp-json\/wp\/v2\/comments?post=185285"}],"version-history":[{"count":0,"href":"https:\/\/www.europesays.com\/fr\/wp-json\/wp\/v2\/posts\/185285\/revisions"}],"wp:featuredmedia":[{"embeddable":true,"href":"https:\/\/www.europesays.com\/fr\/wp-json\/wp\/v2\/media\/185286"}],"wp:attachment":[{"href":"https:\/\/www.europesays.com\/fr\/wp-json\/wp\/v2\/media?parent=185285"}],"wp:term":[{"taxonomy":"category","embeddable":true,"href":"https:\/\/www.europesays.com\/fr\/wp-json\/wp\/v2\/categories?post=185285"},{"taxonomy":"post_tag","embeddable":true,"href":"https:\/\/www.europesays.com\/fr\/wp-json\/wp\/v2\/tags?post=185285"}],"curies":[{"name":"wp","href":"https:\/\/api.w.org\/{rel}","templated":true}]}}