{"id":185287,"date":"2025-06-18T07:18:10","date_gmt":"2025-06-18T07:18:10","guid":{"rendered":"https:\/\/www.europesays.com\/fr\/185287\/"},"modified":"2025-06-18T07:18:10","modified_gmt":"2025-06-18T07:18:10","slug":"david-beckham-partage-la-reaction-de-sa-mere-a-son-anoblissement","status":"publish","type":"post","link":"https:\/\/www.europesays.com\/fr\/185287\/","title":{"rendered":"David Beckham partage la r\u00e9action de sa m\u00e8re \u00e0 son anoblissement"},"content":{"rendered":"<p>Ce lundi 16 juin, David Beckham a partag\u00e9 un d\u00e9jeuner avec sa m\u00e8re, une premi\u00e8re depuis son titre de chevalier.<\/p>\n<p class=\"fig-paragraph\">On ne comprendra sans doute jamais vraiment l\u2019attachement des Britanniques \u00e0 la<a href=\"https:\/\/madame.lefigaro.fr\/tag\/famille-royale\" target=\"_blank\" rel=\"noopener nofollow\" data-gtm-custom-categorie=\"navigation\" data-gtm-custom-action=\"crossclick\" data-gtm-custom-label=\"Contextuel\" data-gtm-event=\"customEventSPE\">\u00a0famille royale<\/a>, n\u2019ayant pas d\u2019\u00e9l\u00e9ment de comparaison. Mais ce qui est certain, c\u2019est qu\u2019elle a une grande place dans la famille Beckham. Invit\u00e9 au mariage de Kate et William puis de Meghan et Harry,\u00a0<a href=\"https:\/\/madame.lefigaro.fr\/tag\/david-beckham\" target=\"_blank\" rel=\"noopener nofollow\" data-gtm-custom-categorie=\"navigation\" data-gtm-custom-action=\"crossclick\" data-gtm-custom-label=\"Contextuel\" data-gtm-event=\"customEventSPE\">David Beckham<\/a>\u00a0s\u2019\u00e9tait plus r\u00e9cemment fait remarquer, dans le bon sens du terme, lorsqu\u2019il avait fait la queue pendant pr\u00e8s de 12 heures au milieu des autres sujets pour rendre un dernier hommage \u00e0 la reine\u00a0<a href=\"https:\/\/madame.lefigaro.fr\/tag\/elizabeth-ii\" target=\"_blank\" rel=\"noopener nofollow\" data-gtm-custom-categorie=\"navigation\" data-gtm-custom-action=\"crossclick\" data-gtm-custom-label=\"Contextuel\" data-gtm-event=\"customEventSPE\">Elizabeth II\u00a0<\/a>apr\u00e8s son d\u00e9c\u00e8s.<\/p>\n<p class=\"fig-body-link&#10;    \">\n            \u00c0 lire aussi<br \/>\n        <a class=\"fig-body-link__link\" href=\"http:\/\/madame.lefigaro.fr\/celebrites\/actu-people\/david-et-victoria-beckham-ont-ils-envoye-la-colombe-de-la-paix-a-leur-fils-brooklyn-20250616\" data-fig-type=\"Article\" data-gtm-custom-categorie=\"navigation\" data-gtm-custom-action=\"crossclick\" data-gtm-custom-label=\"Contextuel\" data-gtm-event=\"customEventSPE\" data-fig-domain=\"MADAME\" rel=\"nofollow noopener\" target=\"_blank\">David et Victoria Beckham ont-ils envoy\u00e9 la colombe de la paix \u00e0 leur fils Brooklyn\u00a0?<\/a>\n<\/p>\n<p>Sir David Beckham<\/p>\n<p class=\"fig-paragraph\">Si la rumeur\u00a0<a href=\"http:\/\/madame.lefigaro.fr\/celebrites\/actu-people\/appelez-le-sir-david-beckham-pourrait-enfin-recevoir-le-titre-de-chevalier-de-la-part-du-roi-charles-iii-20250606\" data-fig-type=\"Article\" data-gtm-custom-categorie=\"navigation\" data-gtm-custom-action=\"crossclick\" data-gtm-custom-label=\"Contextuel\" data-gtm-event=\"customEventSPE\" data-fig-domain=\"MADAME\" rel=\"nofollow noopener\" target=\"_blank\">d\u2019un possible anoblissement<\/a>\u00a0de l\u2019ancien joueur de\u00a0<a href=\"https:\/\/madame.lefigaro.fr\/tag\/football\" target=\"_blank\" rel=\"noopener nofollow\" data-gtm-custom-categorie=\"navigation\" data-gtm-custom-action=\"crossclick\" data-gtm-custom-label=\"Contextuel\" data-gtm-event=\"customEventSPE\">football\u00a0<\/a>britannique courait depuis plusieurs semaines, d\u00e9j\u00e0 nomm\u00e9 ambassadeur de la King\u2019s fondation il y a un an exactement, il est officiellement devenu Sir David Beckham le 13 juin dernier.<a href=\"https:\/\/madame.lefigaro.fr\/tag\/victoria-beckham\" target=\"_blank\" rel=\"noopener nofollow\" data-gtm-custom-categorie=\"navigation\" data-gtm-custom-action=\"crossclick\" data-gtm-custom-label=\"Contextuel\" data-gtm-event=\"customEventSPE\">\u00a0Victoria Beckham<\/a>\u00a0a elle aussi obtenu le titre officiel de \u00abLady\u00bb par la m\u00eame occasion, une distinction que l\u2019ancienne spice girl a c\u00e9l\u00e9br\u00e9 sur\u00a0<a href=\"https:\/\/www.instagram.com\/p\/DK4d3_OIHOG\/\" target=\"_blank\" rel=\"nofollow noopener\" data-gtm-custom-categorie=\"navigation\" data-gtm-custom-action=\"crossclick\" data-gtm-custom-label=\"Contextuel\" data-gtm-event=\"customEventSPE\">Instagram\u00a0<\/a>dans la foul\u00e9e de l\u2019anniversaire du roi Charles III\u00a0: \u00ab\u202fTu as toujours \u00e9t\u00e9 mon chevalier en armure brillante, mais maintenant c\u2019est officiel. Sir David Beckham\u00a0!!!\u00a0\u00bb.<\/p>\n<p>\u00abElle a pleur\u00e9 quand elle est arriv\u00e9e\u00bb<\/p>\n<p class=\"fig-paragraph\">David Beckham a quant \u00e0 lui appuy\u00e9 sur ses racines modestes dans l\u2019Est\u00a0<a href=\"https:\/\/madame.lefigaro.fr\/tag\/londres\" target=\"_blank\" rel=\"noopener nofollow\" data-gtm-custom-categorie=\"navigation\" data-gtm-custom-action=\"crossclick\" data-gtm-custom-label=\"Contextuel\" data-gtm-event=\"customEventSPE\">londonien<\/a>, et le patriotisme de ses\u00a0<a href=\"https:\/\/madame.lefigaro.fr\/tag\/parents\" target=\"_blank\" rel=\"noopener nofollow\" data-gtm-custom-categorie=\"navigation\" data-gtm-custom-action=\"crossclick\" data-gtm-custom-label=\"Contextuel\" data-gtm-event=\"customEventSPE\">parents\u00a0<\/a>et grands-parents. Il \u00e9tait donc tout naturel de c\u00e9l\u00e9brer son titre de \u00abSir\u00bb avec sa famille, chose faite ce lundi 16 juin dans un restaurant Londonien. David Beckham a post\u00e9 sur son compte Instagram la photo dudit d\u00e9jeuner, avec sa s\u0153ur et sa m\u00e8re, en racontant la r\u00e9action de cette derni\u00e8re\u00a0: \u00abD\u00e9jeuner avec maman, je ne l\u2019ai pas vue depuis la nouvelle. Maman a pleur\u00e9 quand elle est arriv\u00e9e, a pleur\u00e9 pendant le d\u00e9jeuner et a pleur\u00e9 quand je partais\u00bb, s\u2019est-il amus\u00e9, avant d\u2019ajouter\u00a0: \u00abC\u2019est un moment sp\u00e9cial pour nous tous je t\u2019aime maman\u00bb. Chez les Beckham, l\u2019esprit de famille se transmet de g\u00e9n\u00e9ration en g\u00e9n\u00e9ration.<\/p>\n<p>                                        <script async src=\"\/\/www.instagram.com\/embed.js\"><\/script><\/p>\n","protected":false},"excerpt":{"rendered":"Ce lundi 16 juin, David Beckham a partag\u00e9 un d\u00e9jeuner avec sa m\u00e8re, une premi\u00e8re depuis son titre&hellip;\n","protected":false},"author":2,"featured_media":185288,"comment_status":"","ping_status":"","sticky":false,"template":"","format":"standard","meta":{"footnotes":""},"categories":[1359],"tags":[976,32342,972,581,11193,58,59,638,1011,27,977,973,975,974,6482],"class_list":{"0":"post-185287","1":"post","2":"type-post","3":"status-publish","4":"format-standard","5":"has-post-thumbnail","7":"category-people","8":"tag-actu-people","9":"tag-buckingham","10":"tag-celebrite","11":"tag-charles-iii","12":"tag-david-beckham","13":"tag-divertissement","14":"tag-entertainment","15":"tag-figaro","16":"tag-fr","17":"tag-france","18":"tag-madame","19":"tag-people","20":"tag-potain-de-stars","21":"tag-star","22":"tag-victoria-beckham"},"share_on_mastodon":{"url":"https:\/\/pubeurope.com\/@fr\/114703152120340772","error":""},"_links":{"self":[{"href":"https:\/\/www.europesays.com\/fr\/wp-json\/wp\/v2\/posts\/185287","targetHints":{"allow":["GET"]}}],"collection":[{"href":"https:\/\/www.europesays.com\/fr\/wp-json\/wp\/v2\/posts"}],"about":[{"href":"https:\/\/www.europesays.com\/fr\/wp-json\/wp\/v2\/types\/post"}],"author":[{"embeddable":true,"href":"https:\/\/www.europesays.com\/fr\/wp-json\/wp\/v2\/users\/2"}],"replies":[{"embeddable":true,"href":"https:\/\/www.europesays.com\/fr\/wp-json\/wp\/v2\/comments?post=185287"}],"version-history":[{"count":0,"href":"https:\/\/www.europesays.com\/fr\/wp-json\/wp\/v2\/posts\/185287\/revisions"}],"wp:featuredmedia":[{"embeddable":true,"href":"https:\/\/www.europesays.com\/fr\/wp-json\/wp\/v2\/media\/185288"}],"wp:attachment":[{"href":"https:\/\/www.europesays.com\/fr\/wp-json\/wp\/v2\/media?parent=185287"}],"wp:term":[{"taxonomy":"category","embeddable":true,"href":"https:\/\/www.europesays.com\/fr\/wp-json\/wp\/v2\/categories?post=185287"},{"taxonomy":"post_tag","embeddable":true,"href":"https:\/\/www.europesays.com\/fr\/wp-json\/wp\/v2\/tags?post=185287"}],"curies":[{"name":"wp","href":"https:\/\/api.w.org\/{rel}","templated":true}]}}