{"id":185289,"date":"2025-06-18T07:19:08","date_gmt":"2025-06-18T07:19:08","guid":{"rendered":"https:\/\/www.europesays.com\/fr\/185289\/"},"modified":"2025-06-18T07:19:08","modified_gmt":"2025-06-18T07:19:08","slug":"polaroids-du-frere-de-gregoire-delacourt-lun-sen-sort-lautre-pas-le-monde-fr","status":"publish","type":"post","link":"https:\/\/www.europesays.com\/fr\/185289\/","title":{"rendered":"\u00ab Polaroids du fr\u00e8re \u00bb, de Gr\u00e9goire Delacourt : l\u2019un s\u2019en sort, l\u2019autre pas &#8211; Le Monde.fr"},"content":{"rendered":"<ol>\n<li><a href=\"https:\/\/news.google.com\/rss\/articles\/CBMizwFBVV95cUxPMi1tMXVXUVk2Z2tpS1pLc0FFUUx3dEYwbXBPRHZDTGN5UUdKQVNaVFctV2gxQlVRYUNaQXRjWE1leWRkRkEzTW8zcGtMTVhBeGE3cU44YnBRaGo0YnFaM3N0TTJzclE3bjdhLUFsa2NUaXZhdVhvYWlhczdLVVZvZk92QmQ1LUtfTHAzemJON24xZGNlTUJhY3N4UFhfSUhRYlBSSkxKUnR1a0hKbmtJWGdrVEd1NzRWcVdsTWozY3ZIc0JDLV94U2dXdHA4R2M?oc=5\" target=\"_blank\" rel=\"nofollow noopener\">\u00ab Polaroids du fr\u00e8re \u00bb, de Gr\u00e9goire Delacourt : l\u2019un s\u2019en sort, l\u2019autre pas<\/a>&nbsp;&nbsp;Le Monde.fr<\/li>\n<li><a href=\"https:\/\/news.google.com\/rss\/articles\/CBMihAJBVV95cUxOcUpUWlZWSVhhZzJRX0pEcFVUcVZxSkI0RkdtajRFOGw3YS02enNiYVQwd0pMb1dUcVNUSVAyWk5Ib1BmcHVKbThyWHpuT3JXSjlVeTdtV3RrR0s1U3pkV19tbmc5YWxESzZzLTRIb3lzOFFZTExCdW9LSy03cjNKWUJxQkptVk1DajhKUEd2cmlIclFsejU3V2FNMVY2Qnp0aUo2UmdqV3R3NzlpUGljc2RDT1RuUHZDNzFKbFAwRDBBT0JBcm9TbzRwbkV6eWN3akktaGd3dXBxWE13bW1pVHF3VktvRnd2a2tnMWtZQkJLbkx2Rkp4Wko2Uno5azZqUkJKWA?oc=5\" target=\"_blank\" rel=\"nofollow noopener\">Son fr\u00e8re est mort, assassin\u00e9 par la vie. L\u2019\u00e9crivan Gr\u00e9goire Delacourt se souvient et livre ses \u00ab Polaroids du fr\u00e8re<\/a>&nbsp;&nbsp;Le T\u00e9l\u00e9gramme<\/li>\n<li><a href=\"https:\/\/news.google.com\/rss\/articles\/CBMi3AFBVV95cUxNUzdQM0ZqTWE0UGZJUklEOGFsOUVxaDRscHBmamdlX1FvTkJnWF9pLVctYVpxVlVCMV9UdEx6c1B6VEVGay1VVjJfYmZMNlhhamhaUzdUcURCMFE5VnRYdm1WUzZQd0xoY3VWSV9YZzUwRGFOSEF3amp0QVJKY19IazUtNEJJd0FuSXZJNTBpNkdfWm9hUGZDazFHVC1PeTNDVUpDRUdNTGtBd2E5MFp3ZWZzdzRZZlA4a1N3MkI5S0FJb016Uy1icENBX0k1VGV5WlM5ZWZnZFpsOHNM?oc=5\" target=\"_blank\" rel=\"nofollow noopener\">Gr\u00e9goire Delacourt pour &lsquo;Polaroids du fr\u00e8re&rsquo; : &lsquo;La litt\u00e9rature \u00e9tait la seule mani\u00e8re de me d\u00e9faire de son deuil&rsquo;<\/a>&nbsp;&nbsp;RTBF<\/li>\n<\/ol>\n","protected":false},"excerpt":{"rendered":"\u00ab Polaroids du fr\u00e8re \u00bb, de Gr\u00e9goire Delacourt : l\u2019un s\u2019en sort, l\u2019autre pas&nbsp;&nbsp;Le Monde.fr Son fr\u00e8re est&hellip;\n","protected":false},"author":2,"featured_media":185290,"comment_status":"","ping_status":"","sticky":false,"template":"","format":"standard","meta":{"footnotes":""},"categories":[1358],"tags":[1348,1384,1385,1386,58,59,1011,27],"class_list":{"0":"post-185289","1":"post","2":"type-post","3":"status-publish","4":"format-standard","5":"has-post-thumbnail","7":"category-arts-et-design","8":"tag-arts","9":"tag-arts-and-design","10":"tag-arts-et-design","11":"tag-design","12":"tag-divertissement","13":"tag-entertainment","14":"tag-fr","15":"tag-france"},"share_on_mastodon":{"url":"https:\/\/pubeurope.com\/@fr\/114703156284586092","error":""},"_links":{"self":[{"href":"https:\/\/www.europesays.com\/fr\/wp-json\/wp\/v2\/posts\/185289","targetHints":{"allow":["GET"]}}],"collection":[{"href":"https:\/\/www.europesays.com\/fr\/wp-json\/wp\/v2\/posts"}],"about":[{"href":"https:\/\/www.europesays.com\/fr\/wp-json\/wp\/v2\/types\/post"}],"author":[{"embeddable":true,"href":"https:\/\/www.europesays.com\/fr\/wp-json\/wp\/v2\/users\/2"}],"replies":[{"embeddable":true,"href":"https:\/\/www.europesays.com\/fr\/wp-json\/wp\/v2\/comments?post=185289"}],"version-history":[{"count":0,"href":"https:\/\/www.europesays.com\/fr\/wp-json\/wp\/v2\/posts\/185289\/revisions"}],"wp:featuredmedia":[{"embeddable":true,"href":"https:\/\/www.europesays.com\/fr\/wp-json\/wp\/v2\/media\/185290"}],"wp:attachment":[{"href":"https:\/\/www.europesays.com\/fr\/wp-json\/wp\/v2\/media?parent=185289"}],"wp:term":[{"taxonomy":"category","embeddable":true,"href":"https:\/\/www.europesays.com\/fr\/wp-json\/wp\/v2\/categories?post=185289"},{"taxonomy":"post_tag","embeddable":true,"href":"https:\/\/www.europesays.com\/fr\/wp-json\/wp\/v2\/tags?post=185289"}],"curies":[{"name":"wp","href":"https:\/\/api.w.org\/{rel}","templated":true}]}}