{"id":185291,"date":"2025-06-18T07:20:17","date_gmt":"2025-06-18T07:20:17","guid":{"rendered":"https:\/\/www.europesays.com\/fr\/185291\/"},"modified":"2025-06-18T07:20:17","modified_gmt":"2025-06-18T07:20:17","slug":"lancement-dun-livre-et-exposition-speciale-pour-celebrer-les-100-ans-de-la-journee-de-la-presse-revolutionnaire-du-vietnam","status":"publish","type":"post","link":"https:\/\/www.europesays.com\/fr\/185291\/","title":{"rendered":"Lancement d&rsquo;un livre et exposition sp\u00e9ciale pour c\u00e9l\u00e9brer les 100 ans de la Journ\u00e9e de la presse r\u00e9volutionnaire du Vietnam"},"content":{"rendered":"<p><img decoding=\"async\" class=\"cms-photo\" src=\"https:\/\/www.europesays.com\/fr\/wp-content\/uploads\/2025\/06\/ce3fc64731e64bf2aa2b61644b885d25.webp\" alt=\"Exposition sp\u00e9ciale pour c\u00e9l\u00e9brer les 100 ans de la Journ\u00e9e de la presse r\u00e9volutionnaire du Vietnam\" cms-photo-caption=\"Tri\u1ec3n l\u00e3m \u0111\u1eb7c bi\u1ec7t k\u1ef7 ni\u1ec7m 100 n\u0103m Ng\u00e0y B\u00e1o ch\u00ed C\u00e1ch m\u1ea1ng Vi\u1ec7t Nam\"\/> Exposition sp\u00e9ciale pour c\u00e9l\u00e9brer les 100 ans de la Journ\u00e9e de la presse r\u00e9volutionnaire du Vietnam <\/p>\n<p style=\"text-align: justify;\"> Fran\u00e7ais Trois publications typiques introduites comprennent : le livre \u00ab Articles de l&rsquo;Oncle Ho sur la culture et le journalisme dans le journal Nhan Dan \u00bb &#8211; un recueil d&rsquo;articles exprimant l&rsquo;id\u00e9ologie, la moralit\u00e9 et la vision du pr\u00e9sident <a class=\"data-link\" data-org-href=\"https:\/\/www.vietnam.vn\/destination\/ho-chi-minh\" href=\"https:\/\/www.vietnam.vn\/destination\/ho-chi-minh\" title=\"H\u00f4 Chi Minh\" rel=\"nofollow noopener\" target=\"_blank\">Ho Chi Minh<\/a> sur le journalisme r\u00e9volutionnaire ; le num\u00e9ro sp\u00e9cial dat\u00e9 du 21 juin 2025 avec une structure coh\u00e9rente en 5 parties : Origine &#8211; Mission (1925-1945) , Journaliste &#8211; Soldat (1945-1975) , Accompagner l&rsquo;innovation (1975-2025) , Je raconte nos histoires et Le journalisme \u00e0 l&rsquo;\u00e8re num\u00e9rique ; et la publication \u00ab 100 ans de journalisme r\u00e9volutionnaire vietnamien : empreintes et tendances \u00bb &#8211; un ouvrage passant en revue 100 jalons typiques du journalisme r\u00e9volutionnaire, tout en analysant les transformations majeures \u00e0 l&rsquo;\u00e8re du <a class=\"data-link\" data-org-href=\"https:\/\/www.vietnam.vn\/category\/cong-nghe-so\" href=\"https:\/\/www.vietnam.vn\/category\/cong-nghe-so\" title=\"technologie num\u00e9rique\" rel=\"nofollow noopener\" target=\"_blank\">num\u00e9rique<\/a> et de l&rsquo;intelligence artificielle. <\/p>\n<p><img loading=\"lazy\" decoding=\"async\" id=\"1491494\" alt=\"HB 5.jpg\" data-width=\"2206\" data-height=\"1209\" data-image-id=\"1491494\" class=\"lazyload cms-photo\" src=\"https:\/\/www.europesays.com\/fr\/wp-content\/uploads\/2025\/06\/hb-5-3122-2787.jpg.webp.webp\" width=\"1000\" height=\"548\"\/><\/p>\n<p style=\"text-align: justify;\"> Parall\u00e8lement, une exposition sp\u00e9ciale a eu lieu du 18 au 21 juin dans la r\u00e9gion du lac Hoan Kiem, pr\u00e9sentant des documents, des images et des objets pr\u00e9cieux, retra\u00e7ant le parcours de d\u00e9veloppement de la presse r\u00e9volutionnaire vietnamienne. L&rsquo;ancien et le nouvel espace presse, ainsi que l&rsquo;espace interactif, ont attir\u00e9 un public nombreux, notamment des jeunes. <\/p>\n<p><img loading=\"lazy\" decoding=\"async\" id=\"1491496\" alt=\"BH 2.jpg\" data-width=\"2560\" data-height=\"1536\" data-image-id=\"1491496\" class=\"lazyload cms-photo\" src=\"https:\/\/www.europesays.com\/fr\/wp-content\/uploads\/2025\/06\/bh-2-1420-8043.jpg.webp.webp\" width=\"1000\" height=\"600\"\/><\/p>\n<p style=\"text-align: justify;\"> Le journal Nhan Dan a \u00e9galement lanc\u00e9 officiellement le site Web \u00e9lectronique baochicachmang.vn &#8211; une archive de presse en ligne au service des lecteurs nationaux et \u00e9trangers.<\/p>\n<p style=\"text-align: justify;\"> S&rsquo;exprimant lors de l&rsquo;\u00e9v\u00e9nement, Le Quoc Minh, r\u00e9dacteur en chef du journal Nhan Dan, a soulign\u00e9 : \u00ab Ces \u00e9v\u00e9nements importants comm\u00e9morent et rendent hommage au pr\u00e9sident Ho Chi Minh et aux g\u00e9n\u00e9rations de journalistes qui se sont d\u00e9vou\u00e9s \u00e0 la cause r\u00e9volutionnaire du Parti et de la nation. Ils confirment \u00e9galement le r\u00f4le pionnier du journalisme r\u00e9volutionnaire dans l&rsquo;orientation id\u00e9ologique et culturelle, notamment \u00e0 l&rsquo;\u00e8re de la transformation num\u00e9rique et de l&rsquo;intelligence artificielle. \u00bb<\/p>\n<p> MAI AN <\/p>\n<p class=\"mb-0\"> Source : https:\/\/www.sggp.org.vn\/ra-mat-sach-va-trien-lam-dac-biet-ky-niem-100-nam-ngay-bao-chi-cach-mang-viet-nam-post799941.html<\/p>\n","protected":false},"excerpt":{"rendered":"Exposition sp\u00e9ciale pour c\u00e9l\u00e9brer les 100 ans de la Journ\u00e9e de la presse r\u00e9volutionnaire du Vietnam Fran\u00e7ais Trois&hellip;\n","protected":false},"author":2,"featured_media":185292,"comment_status":"","ping_status":"","sticky":false,"template":"","format":"standard","meta":{"footnotes":""},"categories":[1357],"tags":[1379,10225,58,59,1011,27,14197,32343,32344,1380,19256,31754,1833],"class_list":{"0":"post-185291","1":"post","2":"type-post","3":"status-publish","4":"format-standard","5":"has-post-thumbnail","7":"category-livres","8":"tag-books","9":"tag-collection","10":"tag-divertissement","11":"tag-entertainment","12":"tag-fr","13":"tag-france","14":"tag-harmonie","15":"tag-journal-du-peuple","16":"tag-lancement-du-livre","17":"tag-livres","18":"tag-nombre","19":"tag-publication","20":"tag-redaction"},"share_on_mastodon":{"url":"https:\/\/pubeurope.com\/@fr\/114703160294391101","error":""},"_links":{"self":[{"href":"https:\/\/www.europesays.com\/fr\/wp-json\/wp\/v2\/posts\/185291","targetHints":{"allow":["GET"]}}],"collection":[{"href":"https:\/\/www.europesays.com\/fr\/wp-json\/wp\/v2\/posts"}],"about":[{"href":"https:\/\/www.europesays.com\/fr\/wp-json\/wp\/v2\/types\/post"}],"author":[{"embeddable":true,"href":"https:\/\/www.europesays.com\/fr\/wp-json\/wp\/v2\/users\/2"}],"replies":[{"embeddable":true,"href":"https:\/\/www.europesays.com\/fr\/wp-json\/wp\/v2\/comments?post=185291"}],"version-history":[{"count":0,"href":"https:\/\/www.europesays.com\/fr\/wp-json\/wp\/v2\/posts\/185291\/revisions"}],"wp:featuredmedia":[{"embeddable":true,"href":"https:\/\/www.europesays.com\/fr\/wp-json\/wp\/v2\/media\/185292"}],"wp:attachment":[{"href":"https:\/\/www.europesays.com\/fr\/wp-json\/wp\/v2\/media?parent=185291"}],"wp:term":[{"taxonomy":"category","embeddable":true,"href":"https:\/\/www.europesays.com\/fr\/wp-json\/wp\/v2\/categories?post=185291"},{"taxonomy":"post_tag","embeddable":true,"href":"https:\/\/www.europesays.com\/fr\/wp-json\/wp\/v2\/tags?post=185291"}],"curies":[{"name":"wp","href":"https:\/\/api.w.org\/{rel}","templated":true}]}}