{"id":185297,"date":"2025-06-18T07:23:08","date_gmt":"2025-06-18T07:23:08","guid":{"rendered":"https:\/\/www.europesays.com\/fr\/185297\/"},"modified":"2025-06-18T07:23:08","modified_gmt":"2025-06-18T07:23:08","slug":"enzo-28-ans-plus-tard-kneecap-nos-critiques-des-sorties-cinema-de-la-semaine-liberation","status":"publish","type":"post","link":"https:\/\/www.europesays.com\/fr\/185297\/","title":{"rendered":"\u00abEnzo\u00bb, \u00ab28\u00a0ans plus tard\u00bb, \u00abKneecap\u00bb\u2026 Nos critiques des sorties cin\u00e9ma de la semaine \u2013 Lib\u00e9ration"},"content":{"rendered":"<p class=\"sc-ksZaOG ehjQrN text-element\">Pour aider nos lecteurs \u00e0 s\u2019y retrouver dans une offre culturelle foisonnante, les journalistes du service Culture de Lib\u00e9 vous d\u00e9blaient le terrain dans l\u2019actualit\u00e9 des sorties de films, d\u2019albums, de spectacles, de s\u00e9ries et d\u2019expositions. <a href=\"https:\/\/www.liberation.fr\/selections-culture\/\" rel=\"noopener\" title=\"https:\/\/www.liberation.fr\/selections-culture\/\" target=\"_blank\">Retrouvez l\u2019ensemble de nos s\u00e9lections<\/a>.<\/p>\n<p class=\"sc-ksZaOG ehjQrN text-element\">Ultime projet de Laurent Cantet r\u00e9alis\u00e9 par Robin Campillo, le film imagine un jeune nanti se r\u00eavant ouvrier dans le b\u00e2timent. Un beau portrait d\u2019ado en crise, raccord avec notre pr\u00e9sent tiss\u00e9 d\u2019incertitudes. <a href=\"https:\/\/www.liberation.fr\/culture\/enzo-de-robin-campillo-ses-desirs-son-desordre-20250617_X3BTN5XLTVGAJMG63UM5Y65VTI\/\" target=\"_blank\" rel=\"noreferrer noopener\" title=\"https:\/\/www.liberation.fr\/culture\/enzo-de-robin-campillo-ses-desirs-son-desordre-20250617_X3BTN5XLTVGAJMG63UM5Y65VTI\/\">Lire notre critique<\/a>, et <a href=\"https:\/\/www.liberation.fr\/culture\/cinema\/cannes-2025-enzo-est-le-produit-dune-amitie-et-dune-histoire-de-cinema-entre-laurent-cantet-et-robin-campillo-20250513_ZXAQDG7CTZGDDEDEZZLARVD5RE\/\" target=\"_blank\" rel=\"noopener\" title=\"https:\/\/www.liberation.fr\/culture\/cinema\/cannes-2025-enzo-est-le-produit-dune-amitie-et-dune-histoire-de-cinema-entre-laurent-cantet-et-robin-campillo-20250513_ZXAQDG7CTZGDDEDEZZLARVD5RE\/\">notre entretien \u00e0 Cannes avec Robin Campillo et la productrice Marie-Ange Luciani<\/a>. <\/p>\n<\/p>\n<p class=\"sc-ksZaOG ehjQrN text-element\">Le groupe de hip-hop irlandais, au centre de plusieurs pol\u00e9miques, se met en sc\u00e8ne avec auto-d\u00e9rision dans un faux biopic in\u00e9gal mais enthousiasmant, bourr\u00e9 de r\u00e9flexions sur leur identit\u00e9. <a href=\"https:\/\/www.liberation.fr\/culture\/cinema\/kneecap-gaelique-ta-mere-20250617_TZNXWWZWCVEVBBUJVYHZFAOMKM\/\" target=\"_blank\" rel=\"noopener\" title=\"https:\/\/www.liberation.fr\/culture\/cinema\/kneecap-gaelique-ta-mere-20250617_TZNXWWZWCVEVBBUJVYHZFAOMKM\/\">Lire notre critique.<\/a> <\/p>\n<\/p>\n<p class=\"sc-ksZaOG ehjQrN text-element\">Antonin Peretjatko part \u00e0 la rencontre de la population ukrainienne au lendemain de l\u2019invasion russe dans un documentaire en 16 mm travaill\u00e9 par la gravit\u00e9 et le sentiment d\u2019absurde. <a href=\"https:\/\/www.liberation.fr\/culture\/cinema\/voyage-au-bord-de-la-guerre-dantonin-peretjatko-lukraine-sur-la-route-20250617_BVYI56656BF57LEWNONXBM4GNA\/\" target=\"_blank\" rel=\"noreferrer noopener\" title=\"https:\/\/www.liberation.fr\/culture\/cinema\/voyage-au-bord-de-la-guerre-dantonin-peretjatko-lukraine-sur-la-route-20250617_BVYI56656BF57LEWNONXBM4GNA\/\">Lire notre critique.<\/a> <\/p>\n<\/p>\n<p class=\"sc-ksZaOG ehjQrN text-element\">Troisi\u00e8me volet de la franchise \u00e9pid\u00e9mique, le film de Danny Boyle donne une impression de n\u00e9ant absolu malgr\u00e9 son agitation permanente. <a href=\"https:\/\/www.liberation.fr\/culture\/cinema\/28-ans-plus-tard-de-danny-boyle-lennui-des-morts-vivants-20250617_BWRGVW63CVDG7PVK24E4M4UCHE\/\" target=\"_blank\" rel=\"noopener\" title=\"https:\/\/www.liberation.fr\/culture\/cinema\/28-ans-plus-tard-de-danny-boyle-lennui-des-morts-vivants-20250617_BWRGVW63CVDG7PVK24E4M4UCHE\/\">Lire notre critique.<\/a><\/p>\n<\/p>\n<p class=\"sc-ksZaOG ehjQrN text-element\">A force d\u2019appliquer une formule efficace mais trop rod\u00e9e, le dernier Disney-Pixar survole ce qui pourrait nous \u00e9merveiller. <a href=\"https:\/\/www.liberation.fr\/culture\/cinema\/elio-un-pixar-astro-et-pas-assez-a-la-fois-20250617_CDZHKU6XQNDWPDYRR4HKCAE6EQ\/\" target=\"_blank\" rel=\"noreferrer noopener\" title=\"https:\/\/www.liberation.fr\/culture\/cinema\/elio-un-pixar-astro-et-pas-assez-a-la-fois-20250617_CDZHKU6XQNDWPDYRR4HKCAE6EQ\/\">Lire notre critique<\/a>.<\/p>\n<\/p>\n<p class=\"sc-ksZaOG ehjQrN text-element\">Pour son premier film, la cin\u00e9aste norv\u00e9gienne suit une femme et son mari au bord de la rupture, qui encha\u00eenent les th\u00e9rapies et les disputes. Le tout dans un sc\u00e9nario misogyne. <a href=\"https:\/\/www.liberation.fr\/culture\/loveable-a-bout-de-couple-20250618_FQCJHHAHV5GWBEHAGDFXGJFN74\/\" target=\"_blank\" rel=\"noreferrer noopener\" title=\"https:\/\/www.liberation.fr\/culture\/loveable-a-bout-de-couple-20250618_FQCJHHAHV5GWBEHAGDFXGJFN74\/\">Lire notre critique.<\/a> <\/p>\n<\/p>\n<p class=\"sc-ksZaOG ehjQrN text-element\">R\u00e9unis pour la troisi\u00e8me fois au cin\u00e9ma, Juliette Binoche et Ralph Fiennes interpr\u00e8tent deux personnages de l\u2019\u00abOdyss\u00e9e\u00bb d\u2019Hom\u00e8re pour une \u00e9ni\u00e8me adaptation, r\u00e9aliste et d\u00e9nu\u00e9e de magie. <a href=\"https:\/\/www.liberation.fr\/culture\/cinema\/the-return-le-retour-dulysse-avec-ralph-fiennes-et-juliette-binoche-ithaque-au-taquet-20250617_UCABZIU36NE3JEIF5EV54IOISY\/\" target=\"_blank\" rel=\"noreferrer noopener\" title=\"https:\/\/www.liberation.fr\/culture\/cinema\/the-return-le-retour-dulysse-avec-ralph-fiennes-et-juliette-binoche-ithaque-au-taquet-20250617_UCABZIU36NE3JEIF5EV54IOISY\/\">Lire notre critique.<\/a> <\/p>\n<\/p>\n<p class=\"sc-ksZaOG ehjQrN text-element\">Satire sociale bariol\u00e9e mais relativement attendue, le premier long m\u00e9trage de Bernhard Wenger interroge la part d\u2019humain d\u2019un homme, assistant de vie \u00e0 louer, qui a tout d\u2019un robot. <a href=\"https:\/\/www.liberation.fr\/culture\/cinema\/peacock-ni-plume-ni-moins-20250618_YDXQPFK67FHNFFJG52RT55DJZU\/\" target=\"_blank\" rel=\"noreferrer noopener\" title=\"https:\/\/www.liberation.fr\/culture\/cinema\/peacock-ni-plume-ni-moins-20250618_YDXQPFK67FHNFFJG52RT55DJZU\/\">Lire notre critique.<\/a> <\/p>\n<\/p>\n<p class=\"sc-ksZaOG ehjQrN text-element\">Bilan de la semaine : les d\u00e9sirs et d\u00e9sordres d\u2019un adolescent de la Ciotat film\u00e9 par Robin Campillo nous enchantent, l\u2019autod\u00e9rision du groupe hip-hop irlandais Kneecap nous r\u00e9veille et le navet zombiesque de Danny Boyle nous ennuie. Chaque jour, retrouvez les choix du service Culture de Lib\u00e9 : expositions le lundi, th\u00e9\u00e2tre, danse et op\u00e9ra le mardi, sorties cin\u00e9 le mercredi, musique le vendredi, s\u00e9ries le dimanche. Ainsi que le Top 10 de la semaine le samedi. Tout ce qui nous a plu (et parfois d\u00e9plu) dans l\u2019actualit\u00e9 de la culture.<\/p>\n","protected":false},"excerpt":{"rendered":"Pour aider nos lecteurs \u00e0 s\u2019y retrouver dans une offre culturelle foisonnante, les journalistes du service Culture de&hellip;\n","protected":false},"author":2,"featured_media":185298,"comment_status":"","ping_status":"","sticky":false,"template":"","format":"standard","meta":{"footnotes":""},"categories":[1354],"tags":[58,59,1346,1011,27,1360,6517],"class_list":{"0":"post-185297","1":"post","2":"type-post","3":"status-publish","4":"format-standard","5":"has-post-thumbnail","7":"category-films","8":"tag-divertissement","9":"tag-entertainment","10":"tag-films","11":"tag-fr","12":"tag-france","13":"tag-movies","14":"tag-sorties-cinema"},"share_on_mastodon":{"url":"https:\/\/pubeurope.com\/@fr\/114703172066733887","error":""},"_links":{"self":[{"href":"https:\/\/www.europesays.com\/fr\/wp-json\/wp\/v2\/posts\/185297","targetHints":{"allow":["GET"]}}],"collection":[{"href":"https:\/\/www.europesays.com\/fr\/wp-json\/wp\/v2\/posts"}],"about":[{"href":"https:\/\/www.europesays.com\/fr\/wp-json\/wp\/v2\/types\/post"}],"author":[{"embeddable":true,"href":"https:\/\/www.europesays.com\/fr\/wp-json\/wp\/v2\/users\/2"}],"replies":[{"embeddable":true,"href":"https:\/\/www.europesays.com\/fr\/wp-json\/wp\/v2\/comments?post=185297"}],"version-history":[{"count":0,"href":"https:\/\/www.europesays.com\/fr\/wp-json\/wp\/v2\/posts\/185297\/revisions"}],"wp:featuredmedia":[{"embeddable":true,"href":"https:\/\/www.europesays.com\/fr\/wp-json\/wp\/v2\/media\/185298"}],"wp:attachment":[{"href":"https:\/\/www.europesays.com\/fr\/wp-json\/wp\/v2\/media?parent=185297"}],"wp:term":[{"taxonomy":"category","embeddable":true,"href":"https:\/\/www.europesays.com\/fr\/wp-json\/wp\/v2\/categories?post=185297"},{"taxonomy":"post_tag","embeddable":true,"href":"https:\/\/www.europesays.com\/fr\/wp-json\/wp\/v2\/tags?post=185297"}],"curies":[{"name":"wp","href":"https:\/\/api.w.org\/{rel}","templated":true}]}}