{"id":185308,"date":"2025-06-18T07:29:11","date_gmt":"2025-06-18T07:29:11","guid":{"rendered":"https:\/\/www.europesays.com\/fr\/185308\/"},"modified":"2025-06-18T07:29:11","modified_gmt":"2025-06-18T07:29:11","slug":"donald-trump-freine-le-g7-pour-sopposer-plus-durement-a-la-russie","status":"publish","type":"post","link":"https:\/\/www.europesays.com\/fr\/185308\/","title":{"rendered":"Donald Trump freine le G7 pour s\u2019opposer plus durement \u00e0 la Russie"},"content":{"rendered":"<p>Le G7 n\u2019a pas su montrer un front uni sur la <a href=\"https:\/\/www.20minutes.fr\/monde\/ukraine\/\" target=\"_blank\" class=\"color-ultramarine c-link\" rel=\"nofollow noopener\">guerre en Ukraine<\/a>. Les Etats-Unis se sont oppos\u00e9s \u00e0 une d\u00e9claration forte qui condamnerait la <a href=\"https:\/\/www.20minutes.fr\/monde\/russie\/\" target=\"_blank\" class=\"color-ultramarine c-link\" rel=\"nofollow noopener\">Russie<\/a>, lors du sommet au Canada chamboul\u00e9 par le d\u00e9part anticip\u00e9 de <a href=\"https:\/\/www.20minutes.fr\/dossier\/donald_trump\" target=\"_blank\" class=\"color-ultramarine c-link\" rel=\"nofollow noopener\">Donald Trump<\/a> en raison du conflit entre l\u2019Iran et Isra\u00ebl.<\/p>\n<p>Les six autres membres du G7 s\u2019\u00e9taient mis d\u2019accord sur un \u00ab\u00a0langage fort\u00a0\u00bb mais une d\u00e9claration conjointe aurait n\u00e9cessit\u00e9 l\u2019accord des <a href=\"https:\/\/www.20minutes.fr\/monde\/etats-unis\/\" target=\"_blank\" class=\"color-ultramarine c-link\" rel=\"nofollow noopener\">\u00c9tats-Unis<\/a>, selon une source gouvernementale canadienne. Ces derniers ont argu\u00e9 qu\u2019ils voulaient pr\u00e9server leur capacit\u00e9 \u00e0 n\u00e9gocier avec la Russie.<\/p>\n<p>Pas de rencontre Trump-Zelensky<\/p>\n<p>\u00ab\u00a0Certains d\u2019entre nous, y compris le Canada, auraient pu aller plus loin\u00a0\u00bb, a reconnu le Premier ministre canadien Mark Carney, h\u00f4te du G7, lors de sa conf\u00e9rence de presse finale. Il a toutefois insist\u00e9 sur le fait que tous restent d\u2019accord pour continuer \u00e0 exercer une pression sur la Russie, y compris par des sanctions financi\u00e8res.<\/p>\n<\/p>\n<p>Le conflit en Ukraine \u00e9tait l\u2019un des axes majeurs de ce G7 auquel participait le pr\u00e9sident ukrainien venu pour plaider sa cause, notamment aupr\u00e8s de Donald Trump. Mais il a \u00e9t\u00e9 en grande partie \u00e9clips\u00e9 par l\u2019escalade du conflit au Moyen-Orient. Ainsi, <a href=\"https:\/\/www.20minutes.fr\/monde\/volodymyr-zelensky\/\" target=\"_blank\" class=\"color-ultramarine c-link\" rel=\"nofollow noopener\">Volodymyr Zelensky<\/a> n\u2019a pas eu la possibilit\u00e9 de croiser le pr\u00e9sident am\u00e9ricain, avec lequel il a des relations houleuses, parti de fa\u00e7on anticip\u00e9e.<\/p>\n<p>C\u2019est avec les autres dirigeants de ce club des grandes d\u00e9mocraties industrialis\u00e9es (Italie, France, Allemagne, Grande-Bretagne, Canada et Japon), que le pr\u00e9sident ukrainien a insist\u00e9 pour que les alli\u00e9s renforcent leur aide. \u00ab\u00a0Nous sommes pr\u00eats pour les n\u00e9gociations de paix, pour un cessez-le-feu inconditionnel. Pour cela, nous avons besoin de pression\u00a0\u00bb, a d\u00e9clar\u00e9 Volodymyr Zelensky.<\/p>\n<p><a href=\"https:\/\/www.20minutes.fr\/monde\/ukraine\/\" target=\"_blank\" class=\"c-link c-btn c-btn--primary\" rel=\"nofollow noopener\">Notre dossier sur la Guerre en Ukraine<\/a><\/p>\n<p>Dans la foul\u00e9e, le Premier ministre canadien a annonc\u00e9 que son pays allait fournir une nouvelle aide militaire \u00e0 Kiev pour 1,27\u00a0milliard d\u2019euros, notamment pour des drones et des v\u00e9hicules blind\u00e9s. Il a redit \u00ab\u00a0l\u2019importance d\u2019\u00eatre solidaire de l\u2019Ukraine\u00a0\u00bb et \u00ab\u00a0d\u2019exercer une pression maximale sur la Russie, qui a refus\u00e9 de venir \u00e0 la table des n\u00e9gociations\u00a0\u00bb.<\/p>\n<p>Trump septique face \u00e0 de nouvelles sanctions<\/p>\n<p>Ottawa a \u00e9galement rejoint Londres pour renforcer les sanctions contre la \u00ab\u00a0flotte fant\u00f4me\u00a0\u00bb russe de navires utilis\u00e9s pour contourner les sanctions internationales sur ses ventes de p\u00e9trole. \u00ab\u00a0Ces sanctions frappent directement au c\u0153ur de la machine de guerre de Poutine, pour \u00e9touffer sa capacit\u00e9 \u00e0 poursuivre sa guerre barbare en Ukraine\u00a0\u00bb, a d\u00e9clar\u00e9 le Premier ministre britannique <a href=\"https:\/\/www.20minutes.fr\/monde\/keir-starmer\/\" target=\"_blank\" class=\"color-ultramarine c-link\" rel=\"nofollow noopener\">Keir Starmer<\/a>.<\/p>\n<p>Mais Donald Trump, qui vante \u00e0 chaque occasion sa relation privil\u00e9gi\u00e9e avec Vladimir Poutine, n\u2019a pas cach\u00e9 lundi son scepticisme face \u00e0 d\u2019\u00e9ventuelles nouvelles mesures contre Moscou. \u00ab\u00a0Les sanctions, ce n\u2019est pas si simple\u00a0\u00bb, a-t-il lanc\u00e9, soulignant que toute nouvelle mesure aurait un co\u00fbt \u00ab\u00a0colossal\u00a0\u00bb \u00e9galement pour les Etats-Unis.<\/p>\n","protected":false},"excerpt":{"rendered":"Le G7 n\u2019a pas su montrer un front uni sur la guerre en Ukraine. Les Etats-Unis se sont&hellip;\n","protected":false},"author":2,"featured_media":185309,"comment_status":"","ping_status":"","sticky":false,"template":"","format":"standard","meta":{"footnotes":""},"categories":[5],"tags":[47,11,574,75,73,1011,27,23564,131,14,74,12,132,133,135,134,28],"class_list":{"0":"post-185308","1":"post","2":"type-post","3":"status-publish","4":"format-standard","5":"has-post-thumbnail","7":"category-international","8":"tag-actualite","9":"tag-actualites","10":"tag-canada","11":"tag-donald-trump","12":"tag-etats-unis","13":"tag-fr","14":"tag-france","15":"tag-g7","16":"tag-guerre-en-ukraine","17":"tag-international","18":"tag-monde","19":"tag-news","20":"tag-russie","21":"tag-video","22":"tag-vladimir-poutine","23":"tag-volodymyr-zelensky","24":"tag-world"},"share_on_mastodon":{"url":"https:\/\/pubeurope.com\/@fr\/114703195419918516","error":""},"_links":{"self":[{"href":"https:\/\/www.europesays.com\/fr\/wp-json\/wp\/v2\/posts\/185308","targetHints":{"allow":["GET"]}}],"collection":[{"href":"https:\/\/www.europesays.com\/fr\/wp-json\/wp\/v2\/posts"}],"about":[{"href":"https:\/\/www.europesays.com\/fr\/wp-json\/wp\/v2\/types\/post"}],"author":[{"embeddable":true,"href":"https:\/\/www.europesays.com\/fr\/wp-json\/wp\/v2\/users\/2"}],"replies":[{"embeddable":true,"href":"https:\/\/www.europesays.com\/fr\/wp-json\/wp\/v2\/comments?post=185308"}],"version-history":[{"count":0,"href":"https:\/\/www.europesays.com\/fr\/wp-json\/wp\/v2\/posts\/185308\/revisions"}],"wp:featuredmedia":[{"embeddable":true,"href":"https:\/\/www.europesays.com\/fr\/wp-json\/wp\/v2\/media\/185309"}],"wp:attachment":[{"href":"https:\/\/www.europesays.com\/fr\/wp-json\/wp\/v2\/media?parent=185308"}],"wp:term":[{"taxonomy":"category","embeddable":true,"href":"https:\/\/www.europesays.com\/fr\/wp-json\/wp\/v2\/categories?post=185308"},{"taxonomy":"post_tag","embeddable":true,"href":"https:\/\/www.europesays.com\/fr\/wp-json\/wp\/v2\/tags?post=185308"}],"curies":[{"name":"wp","href":"https:\/\/api.w.org\/{rel}","templated":true}]}}