{"id":185314,"date":"2025-06-18T07:32:09","date_gmt":"2025-06-18T07:32:09","guid":{"rendered":"https:\/\/www.europesays.com\/fr\/185314\/"},"modified":"2025-06-18T07:32:09","modified_gmt":"2025-06-18T07:32:09","slug":"nouvelle-caserne-de-gendarmerie-le-quartier-du-soleil-accueillera-45-familles-de-gendarmes","status":"publish","type":"post","link":"https:\/\/www.europesays.com\/fr\/185314\/","title":{"rendered":"NOUVELLE CASERNE DE GENDARMERIE : LE QUARTIER DU SOLEIL ACCUEILLERA 45 FAMILLES DE GENDARMES"},"content":{"rendered":"<p>Ce projet d\u2019envergure, dont l\u2019ach\u00e8vement est pr\u00e9vu entre fin 2026 et d\u00e9but 2027, permettra de relocaliser les effectifs actuellement bas\u00e9s rue Claude Odde ainsi que la brigade motoris\u00e9e de Saint-Chamond.<\/p>\n<p>L\u2019initiative remonte \u00e0 2015, lorsque les autorit\u00e9s locales ont constat\u00e9 l\u2019inad\u00e9quation des installations actuelles de la rue Claude Odde pour h\u00e9berger dignement les forces de gendarmerie. Jean-Pierre Berger, premier adjoint en charge de l\u2019urbanisme, expliquait lors du conseil municipal de juin dernier que les conditions d\u2019h\u00e9bergement et de travail n\u2019\u00e9taient pas \u00e0 la hauteur des exigences.<\/p>\n<p>Initialement, l\u2019extension du site existant avait \u00e9t\u00e9 envisag\u00e9e, mais l\u2019absence d\u2019espace suffisant et les contraintes techniques ont rapidement rendu cette option caduque. Plusieurs alternatives ont alors \u00e9t\u00e9 \u00e9tudi\u00e9es, notamment \u00e0 La Fouillouse et Sorbiers, territoires plus adapt\u00e9s aux missions de gendarmerie en zone rurale, avant que le choix ne se porte d\u00e9finitivement sur le quartier st\u00e9phanois du Soleil.<\/p>\n<p>Une validation minist\u00e9rielle et un partenaire exp\u00e9riment\u00e9<\/p>\n<p>Apr\u00e8s plusieurs ann\u00e9es d\u2019incertitude, le projet a re\u00e7u l\u2019approbation officielle de Christophe Castaner, ministre de l\u2019Int\u00e9rieur de l\u2019\u00e9poque, en 2019. Les n\u00e9gociations avec l\u2019\u00c9tablissement public d\u2019am\u00e9nagement de Saint-\u00c9tienne (Epase) ont abouti au choix du site industriel de Stronglight pour implanter cette nouvelle infrastructure.<\/p>\n<p>La r\u00e9alisation a \u00e9t\u00e9 confi\u00e9e \u00e0 Deux Fleuves Loire Habitat, bailleur social reconnu pour son expertise dans ce domaine sp\u00e9cifique. Cette entreprise poss\u00e8de d\u00e9j\u00e0 un solide portfolio avec neuf gendarmeries construites sur le territoire de la Loire, garantissant ainsi une exp\u00e9rience technique pr\u00e9cieuse pour mener \u00e0 bien ce chantier.<\/p>\n<p>Un investissement cons\u00e9quent pour une infrastructure moderne<\/p>\n<p>L\u2019enveloppe budg\u00e9taire totale s\u2019\u00e9l\u00e8ve \u00e0 17,5 millions d\u2019euros, financ\u00e9e enti\u00e8rement par Deux Fleuves Loire Habitat, qui deviendra propri\u00e9taire du terrain. En contrepartie, la gendarmerie s\u2019acquittera d\u2019une redevance annuelle de 900 000 euros pour l\u2019occupation des lieux.<\/p>\n<p>Le complexe s\u2019\u00e9tendra sur une superficie de 10 hectares et comprendra 4 000 m\u00e8tres carr\u00e9s d\u00e9di\u00e9s au logement des 45 familles de gendarmes, compl\u00e9t\u00e9s par 1 500 m\u00e8tres carr\u00e9s d\u2019espaces de bureaux pour les activit\u00e9s administratives et op\u00e9rationnelles. L\u2019acquisition du terrain aupr\u00e8s de l\u2019Epase repr\u00e9sente \u00e0 elle seule un investissement de 1,7 million d\u2019euros.<\/p>\n<p>Une pol\u00e9mique politique en toile de fond<\/p>\n<p>Malgr\u00e9 l\u2019avanc\u00e9e du projet, des tensions politiques \u00e9mergent autour de cette r\u00e9alisation. Laetitia Valentin, repr\u00e9sentante de l\u2019opposition au sein du groupe Saint-\u00c9tienne Demain, accuse l\u2019\u00e9quipe municipale en place de transformer cette initiative en op\u00e9ration de communication politique, questionnant ainsi les motivations r\u00e9elles derri\u00e8re la mise en avant de ce dossier.<\/p>\n<p>La pose de la premi\u00e8re pierre interviendra dans les prochaines semaines, marquant officiellement le d\u00e9but d\u2019un chantier qui transformera durablement l\u2019organisation des forces de gendarmerie sur le territoire st\u00e9phanois et ses environs.<\/p>\n","protected":false},"excerpt":{"rendered":"Ce projet d\u2019envergure, dont l\u2019ach\u00e8vement est pr\u00e9vu entre fin 2026 et d\u00e9but 2027, permettra de relocaliser les effectifs&hellip;\n","protected":false},"author":2,"featured_media":185315,"comment_status":"","ping_status":"","sticky":false,"template":"","format":"standard","meta":{"footnotes":""},"categories":[9653],"tags":[1111,11,2430,20446,1777,674,1011,27,3381,3367,12,25,4001],"class_list":{"0":"post-185314","1":"post","2":"type-post","3":"status-publish","4":"format-standard","5":"has-post-thumbnail","7":"category-saint-etienne","8":"tag-actu","9":"tag-actualites","10":"tag-auvergne-rhone-alpes","11":"tag-caserne","12":"tag-eu","13":"tag-europe","14":"tag-fr","15":"tag-france","16":"tag-gendarmerie","17":"tag-loire","18":"tag-news","19":"tag-republique-francaise","20":"tag-saint-etienne"},"share_on_mastodon":{"url":"https:\/\/pubeurope.com\/@fr\/114703207245503565","error":""},"_links":{"self":[{"href":"https:\/\/www.europesays.com\/fr\/wp-json\/wp\/v2\/posts\/185314","targetHints":{"allow":["GET"]}}],"collection":[{"href":"https:\/\/www.europesays.com\/fr\/wp-json\/wp\/v2\/posts"}],"about":[{"href":"https:\/\/www.europesays.com\/fr\/wp-json\/wp\/v2\/types\/post"}],"author":[{"embeddable":true,"href":"https:\/\/www.europesays.com\/fr\/wp-json\/wp\/v2\/users\/2"}],"replies":[{"embeddable":true,"href":"https:\/\/www.europesays.com\/fr\/wp-json\/wp\/v2\/comments?post=185314"}],"version-history":[{"count":0,"href":"https:\/\/www.europesays.com\/fr\/wp-json\/wp\/v2\/posts\/185314\/revisions"}],"wp:featuredmedia":[{"embeddable":true,"href":"https:\/\/www.europesays.com\/fr\/wp-json\/wp\/v2\/media\/185315"}],"wp:attachment":[{"href":"https:\/\/www.europesays.com\/fr\/wp-json\/wp\/v2\/media?parent=185314"}],"wp:term":[{"taxonomy":"category","embeddable":true,"href":"https:\/\/www.europesays.com\/fr\/wp-json\/wp\/v2\/categories?post=185314"},{"taxonomy":"post_tag","embeddable":true,"href":"https:\/\/www.europesays.com\/fr\/wp-json\/wp\/v2\/tags?post=185314"}],"curies":[{"name":"wp","href":"https:\/\/api.w.org\/{rel}","templated":true}]}}