{"id":185322,"date":"2025-06-18T07:36:09","date_gmt":"2025-06-18T07:36:09","guid":{"rendered":"https:\/\/www.europesays.com\/fr\/185322\/"},"modified":"2025-06-18T07:36:09","modified_gmt":"2025-06-18T07:36:09","slug":"a-toulon-une-ligne-bleue-pour-parcourir-les-commerces-de-la-ville-a-la-decouverte-du-street-art","status":"publish","type":"post","link":"https:\/\/www.europesays.com\/fr\/185322\/","title":{"rendered":"A Toulon, une ligne bleue pour parcourir les commerces de la ville \u00e0 la d\u00e9couverte du street-art"},"content":{"rendered":"<p>Une petite fille tenant un ballon rouge qui tend une bombe bleue \u00e0 la maire Jos\u00e9e Massi. L\u2019image rappelant la c\u00e9l\u00e8bre \u0153uvre de Banksy est symbolique.<\/p>\n<p>Le street art envahit le c\u0153ur de Toulon. Et les commer\u00e7ants prennent leur part \u00e0 l\u2019\u00e9v\u00e9nement.<\/p>\n<p>\u00ab\u00a0Nous nous inscrivons dans l\u2019actualit\u00e9: l\u2019exposition au Mus\u00e9e d\u2019art qui met en avant le street art. Comme nous l\u2019avions fait lors du passage de la flamme olympique l\u2019an dernier, nous avons voulu marquer le coup\u00a0\u00bb, explique Boris Touaty, pr\u00e9sident de l\u2019office du commerce et de l\u2019artisanat de Toulon (OCAT).<\/p>\n<p>Le principe<\/p>\n<p>              <img ci-src=\"https:\/\/www.varmatin.com\/vie-locale\/protec\/DATA_ART_15734330-60PxhrVE.jpg?vh=91b111&amp;ci_seal=293d48ee79\" alt=\"\"\/><br \/>\n         <strong>Photo Val\u00e9rie Le Parc.<\/strong> <\/p>\n<p>Une ligne peinte en bleue va parcourir quelque 2,5km du centre-ville de Toulon. Elle permettra \u00ab\u00a0un parcours artistique et immersif qui guidera les passants de boutique en boutique, \u00e0 la d\u00e9couverte d\u2019\u0153uvres originales cr\u00e9\u00e9es par six artistes toulonnais, dissimul\u00e9es comme autant de clins d&rsquo;\u0153il \u00e0 l\u2019univers de Banksy.\u00a0\u00bb<\/p>\n<p>Rue des Arts, une boutique \u00e9ph\u00e9m\u00e8re enti\u00e8rement bleue sera comme un aboutissement. Des livrets explicatifs sur toute la d\u00e9marche y seront notamment distribu\u00e9s.<\/p>\n<p>Visites guid\u00e9es<\/p>\n<p>              <img ci-src=\"https:\/\/www.varmatin.com\/vie-locale\/protec\/DATA_ART_15734329-1Si4A3pr.jpg?vh=9175f0&amp;ci_seal=70a99be54c\" alt=\"\"\/><br \/>\n         <strong>Photo Val\u00e9rie Le Parc.<\/strong> <\/p>\n<p>\u00c0 noter que pour faire \u00ab\u00a0vivre\u00a0\u00bb la ligne bleue pendant tout l\u2019\u00e9t\u00e9, chaque samedi, des visites sont organis\u00e9es. Un artiste de la compagnie La Divine Usine (qui a d\u2019ailleurs assur\u00e9 le show lors de l\u2019inauguration), viendra guider les visiteurs \u00e0 travers la ville et les \u0153uvres pendant 1h30.<\/p>\n<p>L\u2019OCAT a \u00e9galement mis \u00e0 disposition de ses adh\u00e9rents toute une s\u00e9rie de goodies (pin\u2019s, stickers, tote bag&#8230;) en lien avec le street art, \u00e0 distribuer \u00e0 leurs clients.<\/p>\n","protected":false},"excerpt":{"rendered":"Une petite fille tenant un ballon rouge qui tend une bombe bleue \u00e0 la maire Jos\u00e9e Massi. L\u2019image&hellip;\n","protected":false},"author":2,"featured_media":185323,"comment_status":"","ping_status":"","sticky":false,"template":"","format":"standard","meta":{"footnotes":""},"categories":[9619],"tags":[1111,11,1777,674,7186,1011,27,12,882,25,2310,3366],"class_list":{"0":"post-185322","1":"post","2":"type-post","3":"status-publish","4":"format-standard","5":"has-post-thumbnail","7":"category-toulon","8":"tag-actu","9":"tag-actualites","10":"tag-eu","11":"tag-europe","12":"tag-festivites","13":"tag-fr","14":"tag-france","15":"tag-news","16":"tag-provence-alpes-cote-dazur","17":"tag-republique-francaise","18":"tag-toulon","19":"tag-vie-locale"},"share_on_mastodon":{"url":"https:\/\/pubeurope.com\/@fr\/114703222968209437","error":""},"_links":{"self":[{"href":"https:\/\/www.europesays.com\/fr\/wp-json\/wp\/v2\/posts\/185322","targetHints":{"allow":["GET"]}}],"collection":[{"href":"https:\/\/www.europesays.com\/fr\/wp-json\/wp\/v2\/posts"}],"about":[{"href":"https:\/\/www.europesays.com\/fr\/wp-json\/wp\/v2\/types\/post"}],"author":[{"embeddable":true,"href":"https:\/\/www.europesays.com\/fr\/wp-json\/wp\/v2\/users\/2"}],"replies":[{"embeddable":true,"href":"https:\/\/www.europesays.com\/fr\/wp-json\/wp\/v2\/comments?post=185322"}],"version-history":[{"count":0,"href":"https:\/\/www.europesays.com\/fr\/wp-json\/wp\/v2\/posts\/185322\/revisions"}],"wp:featuredmedia":[{"embeddable":true,"href":"https:\/\/www.europesays.com\/fr\/wp-json\/wp\/v2\/media\/185323"}],"wp:attachment":[{"href":"https:\/\/www.europesays.com\/fr\/wp-json\/wp\/v2\/media?parent=185322"}],"wp:term":[{"taxonomy":"category","embeddable":true,"href":"https:\/\/www.europesays.com\/fr\/wp-json\/wp\/v2\/categories?post=185322"},{"taxonomy":"post_tag","embeddable":true,"href":"https:\/\/www.europesays.com\/fr\/wp-json\/wp\/v2\/tags?post=185322"}],"curies":[{"name":"wp","href":"https:\/\/api.w.org\/{rel}","templated":true}]}}