{"id":185324,"date":"2025-06-18T07:37:13","date_gmt":"2025-06-18T07:37:13","guid":{"rendered":"https:\/\/www.europesays.com\/fr\/185324\/"},"modified":"2025-06-18T07:37:13","modified_gmt":"2025-06-18T07:37:13","slug":"un-nouveau-pole-educatif-social-et-culturel-pour-la-beaucaire-a-toulon","status":"publish","type":"post","link":"https:\/\/www.europesays.com\/fr\/185324\/","title":{"rendered":"Un nouveau p\u00f4le \u00e9ducatif, social et culturel pour la Beaucaire \u00e0 Toulon"},"content":{"rendered":"\n<p>S\u2019il y a des leviers d\u2019action efficaces que l\u2019action publique se doit en priorit\u00e9 de mobiliser dans les quartiers populaires, c\u2019est bien l\u2019\u00e9ducation, le social et la culture. Toute initiative allant dans ce sens m\u00e9rite donc d\u2019\u00eatre salu\u00e9e. La Ville de Toulon a d\u2019ailleurs pr\u00e9sent\u00e9 d\u2019embl\u00e9e le rachat des 12\u00a0000\u00a0m\u00e8tres carr\u00e9s de la CAF de la Beaucaire comme une acquisition strat\u00e9gique. L\u2019investissement de 3,8\u00a0millions d\u2019euros permettra la cr\u00e9ation d\u2019un nouveau groupe scolaire en remplacement des \u00e9tablissements actuels, devenus v\u00e9tustes et inadapt\u00e9s.<\/p>\n<p>\u00ab\u00a0Notre volont\u00e9 est de transformer cet espace en un v\u00e9ritable p\u00f4le \u00e0 vocation \u00e9ducative, sociale et culturelle\u00a0\u00bb, pr\u00e9cise la maire (SE) de Toulon, Jos\u00e9e Massi, lors de la signature de l\u2019acte d\u2019acquisition en compagnie du directeur de la CAF du Var, Julien Orlandini.<\/p>\n<p>Concr\u00e8tement, d\u00e8s la fin de cette ann\u00e9e, une Maison des services publics ouvrira ses portes dans l\u2019ancien b\u00e2timent dit \u00ab\u00a0Co-Lab\u2019\u00a0\u00bb, avec une antenne du centre social, France Services, des locaux associatifs et une salle polyvalente. S\u2019y ajoutera une m\u00e9diath\u00e8que de quartier. Pour ce qui est du grand parc arbor\u00e9 existant, la bonne nouvelle, c\u2019est qu\u2019il sera conserv\u00e9 et ouvert au public. Il va \u00eatre \u00e9galement propos\u00e9 \u00e0 l\u2019\u00c9tat une extension du commissariat de quartier, gr\u00e2ce \u00e0 la lib\u00e9ration de l\u2019actuel Espace Beaucaire.<\/p>\n<p>\u00ab\u00a0Ce projet est n\u00e9 d\u2019un choix\u00a0: celui de ne pas c\u00e9der ce foncier \u00e0 la densification, mais de l\u2019offrir aux habitants, \u00e0 leurs enfants, \u00e0 leur famille, pour am\u00e9liorer durablement leur quotidien\u00a0\u00bb, se f\u00e9licite Jos\u00e9e Massi.<\/p>\n","protected":false},"excerpt":{"rendered":"S\u2019il y a des leviers d\u2019action efficaces que l\u2019action publique se doit en priorit\u00e9 de mobiliser dans les&hellip;\n","protected":false},"author":2,"featured_media":185325,"comment_status":"","ping_status":"","sticky":false,"template":"","format":"standard","meta":{"footnotes":""},"categories":[9619],"tags":[1111,11,1777,674,1011,27,16582,12,882,25,2310],"class_list":{"0":"post-185324","1":"post","2":"type-post","3":"status-publish","4":"format-standard","5":"has-post-thumbnail","7":"category-toulon","8":"tag-actu","9":"tag-actualites","10":"tag-eu","11":"tag-europe","12":"tag-fr","13":"tag-france","14":"tag-mediatheque","15":"tag-news","16":"tag-provence-alpes-cote-dazur","17":"tag-republique-francaise","18":"tag-toulon"},"share_on_mastodon":{"url":"https:\/\/pubeurope.com\/@fr\/114703226855692131","error":""},"_links":{"self":[{"href":"https:\/\/www.europesays.com\/fr\/wp-json\/wp\/v2\/posts\/185324","targetHints":{"allow":["GET"]}}],"collection":[{"href":"https:\/\/www.europesays.com\/fr\/wp-json\/wp\/v2\/posts"}],"about":[{"href":"https:\/\/www.europesays.com\/fr\/wp-json\/wp\/v2\/types\/post"}],"author":[{"embeddable":true,"href":"https:\/\/www.europesays.com\/fr\/wp-json\/wp\/v2\/users\/2"}],"replies":[{"embeddable":true,"href":"https:\/\/www.europesays.com\/fr\/wp-json\/wp\/v2\/comments?post=185324"}],"version-history":[{"count":0,"href":"https:\/\/www.europesays.com\/fr\/wp-json\/wp\/v2\/posts\/185324\/revisions"}],"wp:featuredmedia":[{"embeddable":true,"href":"https:\/\/www.europesays.com\/fr\/wp-json\/wp\/v2\/media\/185325"}],"wp:attachment":[{"href":"https:\/\/www.europesays.com\/fr\/wp-json\/wp\/v2\/media?parent=185324"}],"wp:term":[{"taxonomy":"category","embeddable":true,"href":"https:\/\/www.europesays.com\/fr\/wp-json\/wp\/v2\/categories?post=185324"},{"taxonomy":"post_tag","embeddable":true,"href":"https:\/\/www.europesays.com\/fr\/wp-json\/wp\/v2\/tags?post=185324"}],"curies":[{"name":"wp","href":"https:\/\/api.w.org\/{rel}","templated":true}]}}