{"id":185330,"date":"2025-06-18T07:40:09","date_gmt":"2025-06-18T07:40:09","guid":{"rendered":"https:\/\/www.europesays.com\/fr\/185330\/"},"modified":"2025-06-18T07:40:09","modified_gmt":"2025-06-18T07:40:09","slug":"des-temperatures-incroyables-sont-attendues","status":"publish","type":"post","link":"https:\/\/www.europesays.com\/fr\/185330\/","title":{"rendered":"\u00ab\u2009Des temp\u00e9ratures incroyables\u2009\u00bb sont attendues"},"content":{"rendered":"<p>            Par<br \/>\n        <strong><br \/>\n            <a href=\"https:\/\/actu.fr\/auteur\/fmass\" title=\"Consulter tous les articles de Fabien Massin\" rel=\"nofollow noopener\" target=\"_blank\">Fabien Massin<\/a><br \/>\n        <\/strong><\/p>\n<p>        Publi\u00e9 le<\/p>\n<p>            18 juin 2025 \u00e0 7h50        <\/p>\n<p>Chaud devant\u2009! Le<strong> mercure\u00a0va s\u2019affoler<\/strong> au cours de la semaine en <a href=\"https:\/\/actu.fr\/normandie\/seine-maritime_76\" rel=\"nofollow noopener\" target=\"_blank\">Seine-Maritime<\/a>, pour atteindre des temp\u00e9ratures d\u00e9passant les 30 degr\u00e9s dimanche 22\u00a0juin 2025, jusqu\u2019\u00e0 35 degr\u00e9s m\u00eame dans l\u2019agglo de Rouen, pr\u00e9voit <a href=\"https:\/\/actu.fr\/tag\/meteo-france\" rel=\"nofollow noopener\" target=\"_blank\">M\u00e9t\u00e9o France<\/a>.<\/p>\n<p class=\" wall-content\">En cause, un anticyclone qui se d\u00e9place en direction de la mer du Nord qui fait remonter de fortes chaleurs actuellement constat\u00e9es au Maroc et sur la p\u00e9ninsule ib\u00e9rique.<\/p>\n<p>Des incertitudes apr\u00e8s dimanche<\/p>\n<p class=\" wall-content\">\u00ab\u2009Les temp\u00e9ratures vont monter petit jusqu\u2019au moins dimanche\u2009\u00bb, indique <strong>Guillaume S\u00e9chet<\/strong>, m\u00e9t\u00e9orologiste, responsable du site <a href=\"https:\/\/www.meteo-paris.com\/actualites\/canicule-ou-simple-vague-de-chaleur-dans-les-prochains-jours-des-incertitudes-persistent\" rel=\"nofollow noopener\" target=\"_blank\">M\u00e9t\u00e9ovilles<\/a>. \u00ab\u2009Apr\u00e8s, il y a des incertitudes\u2009: selon le mod\u00e8le m\u00e9t\u00e9o europ\u00e9en, cela pourrait continuer, mais pas selon le mod\u00e8le am\u00e9ricain. Si cela continue, <strong>des temp\u00e9ratures incroyables<\/strong> pourraient \u00eatre atteintes. Pas forc\u00e9ment records, en juin\u00a02022 il avait d\u00e9j\u00e0 fait tr\u00e8s chaud en France.\u2009\u00bb<\/p>\n<blockquote class=\"ac-article-quote wall-content\">\n<p>\u00c0 Rouen, il avait fait 34 degr\u00e9s le 17 juin et 36 degr\u00e9s le 18 juin. Mais \u00e0 l&rsquo;\u00e9poque en Seine-Maritime cela n&rsquo;avait pas dur\u00e9 et les temp\u00e9ratures \u00e9taient redescendues. L\u00e0 la question est de savoir si cela va durer.\u00a0<\/p>\n<p>    <strong>Guillaume S\u00e9chet<\/strong><br \/>\n        M\u00e9t\u00e9orologiste    <\/p><\/blockquote>\n<p class=\" wall-content\">Quant \u00e0 savoir si la situation sera caniculaire, l\u00e0 encore, c\u2019est l\u2019incertitude. Pour cela, il faudrait constater des temp\u00e9ratures minimales (33 degr\u00e9s le jour et 19 degr\u00e9s la nuit) durant au moins trois jours cons\u00e9cutifs.<\/p>\n<p>Vid\u00e9os : en ce moment sur Actu<\/p>\n<p class=\" wall-content\">\u00ab\u2009Ce qui est certain est que ce coup de chaud important intervient t\u00f4t dans l\u2019\u00e9t\u00e9, souligne Guillaume S\u00e9chet. <strong>Et c\u2019est inqui\u00e9tant<\/strong>.\u2009\u00bb<\/p>\n<p>Suivez l\u2019actualit\u00e9 de\u00a0<a href=\"https:\/\/www.whatsapp.com\/channel\/0029VaKfnf99hXF2ddApFB1D\" rel=\"nofollow noopener\" target=\"_blank\">Rouen<\/a>\u00a0et du\u00a0<a href=\"https:\/\/www.whatsapp.com\/channel\/0029VaFqJYE8aKvLBwVrEe0o\" rel=\"nofollow noopener\" target=\"_blank\">Havre<\/a>\u00a0sur WhatsApp et sur notre\u00a0<a href=\"https:\/\/www.tiktok.com\/@76actu.fr?lang=fr\" rel=\"nofollow noopener\" target=\"_blank\">compte TikTok<\/a><\/p>\n<p class=\" wall-content\">Suivez toute l\u2019actualit\u00e9 de vos villes et m\u00e9dias favoris en vous inscrivant \u00e0 <a href=\"https:\/\/moncompte.actu.fr\" title=\"D\u00e9couvez Mon Actu\" rel=\"nofollow noopener\" data-trk=\"{&quot;cta&quot;:{&quot;action&quot;:&quot;https:\\\/\\\/moncompte.actu.fr&quot;,&quot;category&quot;:&quot;mon compte&quot;,&quot;from&quot;:&quot;article footer&quot;,&quot;name&quot;:&quot;Mon actu&quot;,&quot;type&quot;:&quot;cta&quot;}}\" target=\"_blank\">Mon Actu<\/a>.<\/p>\n<ul class=\"ac-article-tag wall-content\">\n<li><a href=\"https:\/\/actu.fr\/tag\/meteo-france\" data-trk=\"{&quot;cta&quot;:{&quot;action&quot;:&quot;M\\u00e9t\\u00e9o France&quot;,&quot;category&quot;:&quot;tag&quot;,&quot;from&quot;:&quot;article footer&quot;,&quot;name&quot;:&quot;M\\u00e9t\\u00e9o France&quot;,&quot;type&quot;:&quot;cta&quot;}}\" rel=\"nofollow noopener\" target=\"_blank\">#M\u00e9t\u00e9o France<\/a><\/li>\n<li><a href=\"https:\/\/actu.fr\/tag\/rechauffement-climatique\" data-trk=\"{&quot;cta&quot;:{&quot;action&quot;:&quot;R\\u00e9chauffement climatique&quot;,&quot;category&quot;:&quot;tag&quot;,&quot;from&quot;:&quot;article footer&quot;,&quot;name&quot;:&quot;R\\u00e9chauffement climatique&quot;,&quot;type&quot;:&quot;cta&quot;}}\" rel=\"nofollow noopener\" target=\"_blank\">#R\u00e9chauffement climatique<\/a><\/li>\n<\/ul>\n<p>                    <script async src=\"\/\/www.tiktok.com\/embed.js\"><\/script><\/p>\n","protected":false},"excerpt":{"rendered":"Par Fabien Massin Publi\u00e9 le 18 juin 2025 \u00e0 7h50 Chaud devant\u2009! Le mercure\u00a0va s\u2019affoler au cours de&hellip;\n","protected":false},"author":2,"featured_media":185331,"comment_status":"","ping_status":"","sticky":false,"template":"","format":"standard","meta":{"footnotes":""},"categories":[9587],"tags":[1111,11,1777,674,1011,27,2487,2357,12,5161,5140,25,9590],"class_list":{"0":"post-185330","1":"post","2":"type-post","3":"status-publish","4":"format-standard","5":"has-post-thumbnail","7":"category-rouen","8":"tag-actu","9":"tag-actualites","10":"tag-eu","11":"tag-europe","12":"tag-fr","13":"tag-france","14":"tag-meteo","15":"tag-meteo-france","16":"tag-news","17":"tag-normandie","18":"tag-rechauffement-climatique","19":"tag-republique-francaise","20":"tag-rouen"},"share_on_mastodon":{"url":"https:\/\/pubeurope.com\/@fr\/114703238833610026","error":""},"_links":{"self":[{"href":"https:\/\/www.europesays.com\/fr\/wp-json\/wp\/v2\/posts\/185330","targetHints":{"allow":["GET"]}}],"collection":[{"href":"https:\/\/www.europesays.com\/fr\/wp-json\/wp\/v2\/posts"}],"about":[{"href":"https:\/\/www.europesays.com\/fr\/wp-json\/wp\/v2\/types\/post"}],"author":[{"embeddable":true,"href":"https:\/\/www.europesays.com\/fr\/wp-json\/wp\/v2\/users\/2"}],"replies":[{"embeddable":true,"href":"https:\/\/www.europesays.com\/fr\/wp-json\/wp\/v2\/comments?post=185330"}],"version-history":[{"count":0,"href":"https:\/\/www.europesays.com\/fr\/wp-json\/wp\/v2\/posts\/185330\/revisions"}],"wp:featuredmedia":[{"embeddable":true,"href":"https:\/\/www.europesays.com\/fr\/wp-json\/wp\/v2\/media\/185331"}],"wp:attachment":[{"href":"https:\/\/www.europesays.com\/fr\/wp-json\/wp\/v2\/media?parent=185330"}],"wp:term":[{"taxonomy":"category","embeddable":true,"href":"https:\/\/www.europesays.com\/fr\/wp-json\/wp\/v2\/categories?post=185330"},{"taxonomy":"post_tag","embeddable":true,"href":"https:\/\/www.europesays.com\/fr\/wp-json\/wp\/v2\/tags?post=185330"}],"curies":[{"name":"wp","href":"https:\/\/api.w.org\/{rel}","templated":true}]}}