{"id":185336,"date":"2025-06-18T07:43:20","date_gmt":"2025-06-18T07:43:20","guid":{"rendered":"https:\/\/www.europesays.com\/fr\/185336\/"},"modified":"2025-06-18T07:43:20","modified_gmt":"2025-06-18T07:43:20","slug":"access-match-top-14-lenvahissement-du-terrain-etait-ineluctable-le-fcg-revient-sur-les-debordements-apres-la-defaite-face-a-perpignan","status":"publish","type":"post","link":"https:\/\/www.europesays.com\/fr\/185336\/","title":{"rendered":"Access match Top 14. \u00ab L\u2019envahissement du terrain \u00e9tait in\u00e9luctable \u00bb, le FCG revient sur les d\u00e9bordements apr\u00e8s la d\u00e9faite face \u00e0 Perpignan"},"content":{"rendered":"<p>\u00c0 l&rsquo;issue de la d\u00e9faite du FCG face \u00e0 Perpignan en <a href=\"https:\/\/www.ledauphine.com\/sport\/2025\/06\/14\/le-fcg-s-incline-de-deux-points-contre-l-usap-et-echoue-une-nouvelle-fois-a-monter-en-top-14\" target=\"_blank\" rel=\"nofollow noopener\">access match Top 14 samedi dernier (11-13)<\/a> au Stade des Alpes, <a href=\"https:\/\/www.ledauphine.com\/sport\/2025\/06\/15\/fcg-perpignan-heurts-entre-supporters-et-intervention-des-crs-que-s-est-il-passe\" target=\"_blank\" rel=\"nofollow noopener\">des incidents ont \u00e9clat\u00e9 entre supporters grenoblois et catalans <\/a>lors de l&rsquo;envahissement de terrain,\u00a0n\u00e9cessitant l\u2019intervention de la police pour r\u00e9tablir l&rsquo;ordre.\u00a0<\/p>\n<p>Trois jours plus tard, le\u00a0FCG s&rsquo;est exprim\u00e9 \u00e0 propos des incidents via un communiqu\u00e9 publi\u00e9 sur ses r\u00e9seaux sociaux \u00a0: \u00ab\u00a0Lors de l\u2019access match de samedi soir, nous avons malheureusement assist\u00e9 \u00e0 des comportements indignes de notre sport et d\u00e9plorables pour son image. En effet, lors de l\u2019envahissement du terrain, plusieurs bagarres ont oppos\u00e9 des personnes qui ne peuvent en aucun cas pr\u00e9tendre \u00eatre des supporters.\u00a0\u00bb<\/p>\n<p>Des sc\u00e8nes que le club is\u00e9rois \u00e0 du mal a expliquer : \u00ab\u00a0Le club est actuellement en relation avec les autorit\u00e9s comp\u00e9tentes pour mieux comprendre ce qu\u2019il s\u2019est r\u00e9ellement pass\u00e9. Le FC Grenoble Rugby tient \u00e0 pr\u00e9ciser qu\u2019il a pr\u00e9par\u00e9 ce match avec le plus grand s\u00e9rieux et responsabilit\u00e9, en lien avec les forces de l\u2019ordre et la LNR.\u00a0\u00bb\u00a0<\/p>\n<p>Pourtant ces risques ont \u00e9t\u00e9 anticip\u00e9s d&rsquo;apr\u00e8s le FCG \u00a0: \u00ab\u00a0Nous savions que l\u2019envahissement du terrain \u00e9tait in\u00e9luctable sur ce match. Nous avons tout fait pour l\u2019encadrer du mieux possible. Nous savions que le risque de troubles \u00e9tait possible, c\u2019est pourquoi les forces de l\u2019ordre se tenaient aux abords du stade. Elles sont intervenues rapidement et avec efficacit\u00e9. Le club a ensuite d\u00e9cid\u00e9, avec regret et par responsabilit\u00e9, de la fermeture de toutes les buvettes et de l\u2019\u00e9vacuation du stade.<br \/>Le rugby porte une culture de convivialit\u00e9 et de fraternit\u00e9. Il n\u2019est malheureusement pas \u00e0 l\u2019abri de d\u00e9rives inacceptables comme celle de samedi qui appellent \u00e0 la fois des r\u00e9ponses fermes et une r\u00e9flexion collective pour qu\u2019elles ne puissent se reproduire.\u00a0\u00bb<\/p>\n<p>Ce contenu est bloqu\u00e9 car vous n&rsquo;avez pas accept\u00e9 les cookies et autres traceurs.<\/p>\n<p>En cliquant sur \u00ab J\u2019accepte \u00bb, les cookies et autres traceurs seront d\u00e9pos\u00e9s et vous pourrez visualiser les contenus  (<a href=\"\" class=\"consentModule_policy\" target=\"_blank\" title=\"Consulter la politique de protection des donn\u00e9es du fournisseur\">plus d&rsquo;informations<\/a>).<\/p>\n<p>En cliquant sur \u00ab J\u2019accepte tous les cookies \u00bb, vous autorisez des d\u00e9p\u00f4ts de cookies et autres traceurs pour le stockage de vos donn\u00e9es sur nos sites et applications \u00e0 des fins de personnalisation et de ciblage publicitaire.<\/p>\n<p class=\"consentModule_secondaryText\">Vous gardez la possibilit\u00e9 de retirer votre consentement \u00e0 tout moment en consultant notre <a href=\"https:\/\/www.ledauphine.com\/protection-des-donnees\" target=\"_blank\" title=\"Consulter notre politique de protection des donn\u00e9es\" rel=\"nofollow noopener\">politique de protection des donn\u00e9es<\/a>. <br \/>&#13;<br \/>\n            <a href=\"https:\/\/www.ledauphine.com\/sport\/2025\/06\/17\/javascript:Didomi.notice.show()\" class=\"consentModule_cmp\" rel=\"nofollow noopener\" target=\"_blank\">G\u00e9rer mes choix<\/a>&#13;\n        <\/p>\n<p>&#13;<br \/>\n                        J&rsquo;accepte&#13;<br \/>\n            J&rsquo;accepte tous les cookies&#13;\n        <\/p>\n<p>Ce dimanche\u00a0le pr\u00e9sident de l&rsquo;USAP, Fran\u00e7ois Rivi\u00e8re, s&rsquo;est justement confi\u00e9 dans les colonnes <a href=\"https:\/\/www.lindependant.fr\/2025\/06\/15\/top-14-jai-deux-joueurs-qui-se-sont-fait-poursuivre-jusqua-lentree-des-vestiaires-lusap-reagit-aux-incidents-apres-laccess-match-a-grenoble-12763955.php\" target=\"_blank\" rel=\"nofollow noopener\">de l&rsquo;Ind\u00e9pendant<\/a> \u00e0 propos de ces d\u00e9bordements au Stade des Alpes : \u00ab J\u2019ai deux joueurs qui se sont fait poursuivre jusqu\u2019\u00e0 l\u2019entr\u00e9e des vestiaires. C\u2019\u00e9taient des gars qui, pourtant, \u00e9taient dans la zone des vestiaires, donc une zone contr\u00f4l\u00e9e, mais qui voulaient en d\u00e9coudre avec mes joueurs. C\u2019est incroyable, je n\u2019ai jamais vu \u00e7a ! Alors que le staff de Grenoble a \u00e9t\u00e9 parfait et tr\u00e8s gentil.\u00bb<\/p>\n","protected":false},"excerpt":{"rendered":"\u00c0 l&rsquo;issue de la d\u00e9faite du FCG face \u00e0 Perpignan en access match Top 14 samedi dernier (11-13)&hellip;\n","protected":false},"author":2,"featured_media":185337,"comment_status":"","ping_status":"","sticky":false,"template":"","format":"standard","meta":{"footnotes":""},"categories":[9566],"tags":[1111,11,2430,112,113,1777,674,107,1701,1011,27,2731,2732,108,1985,12,2308,25,479,517],"class_list":{"0":"post-185336","1":"post","2":"type-post","3":"status-publish","4":"format-standard","5":"has-post-thumbnail","7":"category-grenoble","8":"tag-actu","9":"tag-actualites","10":"tag-auvergne-rhone-alpes","11":"tag-edition-grenoble-agglomeration","12":"tag-edition-gresivaudan-oisans","13":"tag-eu","14":"tag-europe","15":"tag-fil-info","16":"tag-fil-info-sport","17":"tag-fr","18":"tag-france","19":"tag-grenoble","20":"tag-grenoble-bassin","21":"tag-isere","22":"tag-metropole-de-grenoble","23":"tag-news","24":"tag-pro-d2","25":"tag-republique-francaise","26":"tag-rugby","27":"tag-sport"},"share_on_mastodon":{"url":"https:\/\/pubeurope.com\/@fr\/114703250588771791","error":""},"_links":{"self":[{"href":"https:\/\/www.europesays.com\/fr\/wp-json\/wp\/v2\/posts\/185336","targetHints":{"allow":["GET"]}}],"collection":[{"href":"https:\/\/www.europesays.com\/fr\/wp-json\/wp\/v2\/posts"}],"about":[{"href":"https:\/\/www.europesays.com\/fr\/wp-json\/wp\/v2\/types\/post"}],"author":[{"embeddable":true,"href":"https:\/\/www.europesays.com\/fr\/wp-json\/wp\/v2\/users\/2"}],"replies":[{"embeddable":true,"href":"https:\/\/www.europesays.com\/fr\/wp-json\/wp\/v2\/comments?post=185336"}],"version-history":[{"count":0,"href":"https:\/\/www.europesays.com\/fr\/wp-json\/wp\/v2\/posts\/185336\/revisions"}],"wp:featuredmedia":[{"embeddable":true,"href":"https:\/\/www.europesays.com\/fr\/wp-json\/wp\/v2\/media\/185337"}],"wp:attachment":[{"href":"https:\/\/www.europesays.com\/fr\/wp-json\/wp\/v2\/media?parent=185336"}],"wp:term":[{"taxonomy":"category","embeddable":true,"href":"https:\/\/www.europesays.com\/fr\/wp-json\/wp\/v2\/categories?post=185336"},{"taxonomy":"post_tag","embeddable":true,"href":"https:\/\/www.europesays.com\/fr\/wp-json\/wp\/v2\/tags?post=185336"}],"curies":[{"name":"wp","href":"https:\/\/api.w.org\/{rel}","templated":true}]}}