{"id":185338,"date":"2025-06-18T07:44:11","date_gmt":"2025-06-18T07:44:11","guid":{"rendered":"https:\/\/www.europesays.com\/fr\/185338\/"},"modified":"2025-06-18T07:44:11","modified_gmt":"2025-06-18T07:44:11","slug":"lujipeka-annonce-un-concert-gratuit-a-rennes-pour-la-fete-de-la-musique","status":"publish","type":"post","link":"https:\/\/www.europesays.com\/fr\/185338\/","title":{"rendered":"Lujipeka annonce un concert gratuit \u00e0 Rennes pour la F\u00eate de la musique"},"content":{"rendered":"<p>            Par<br \/>\n        <strong><br \/>\n            <a href=\"https:\/\/actu.fr\/auteur\/brian-legoff\" title=\"Consulter tous les articles de Brian Le Goff\" rel=\"nofollow noopener\" target=\"_blank\">Brian Le Goff<\/a><br \/>\n        <\/strong><\/p>\n<p>        Publi\u00e9 le<\/p>\n<p>            18 juin 2025 \u00e0 8h44        <\/p>\n<p><strong>Annonce surprise<\/strong> pour la <a href=\"https:\/\/actu.fr\/tag\/fete-de-la-musique\" rel=\"nofollow noopener\" target=\"_blank\">F\u00eate de la musique<\/a> \u00e0 Rennes. Le rappeur Lujipeka, natif de la capitale bretonne, annonce sur son compte Instagram, mardi 17 juin 2025, qu\u2019il donnait rendez-vous \u00e0 ses fans, samedi 21 juin, \u00e0 18h, place Saint-Germain.<\/p>\n<p class=\" wall-content\"><a href=\"https:\/\/www.instagram.com\/p\/DK9-bhxi2mg\/embed\" title=\"Ouvrir le lien sur Instagram\" rel=\"nofollow noopener\" target=\"_blank\">Visualiser le contenu sur Instagram<\/a><\/p>\n<blockquote class=\"ac-article-quote wall-content\">\n<p>Je vous dois bien un petit concert \u00e0 la maison et quelques explications sur ce qui se pr\u00e9pare depuis un moment \ud83d\ude42<\/p>\n<p>    <strong>Lujipeka<\/strong><br \/>\n        Compte Instagram    <\/p><\/blockquote>\n<p class=\" wall-content\">Le chanteur breton a <strong>sorti il y a quelques jours deux nouveaux titres<\/strong>, Puzzle et Paulise, avec un <a href=\"https:\/\/www.youtube.com\/watch?v=g6evXl5Yjog\" rel=\"nofollow noopener\" target=\"_blank\">clip<\/a>. Deux morceaux introductifs au retour sur le devant de la sc\u00e8ne de celui qui avait \u00e9t\u00e9 <a href=\"https:\/\/actu.fr\/bretagne\/rennes_35238\/rennes-le-rappeur-lujipeka-obtient-son-premier-single-d-or-en-carriere-solo_52862442.html\" rel=\"nofollow noopener\" target=\"_blank\">certifi\u00e9 single d\u2019or avec Pas \u00e0 ma place en ao\u00fbt 2022<\/a>.<\/p>\n<p class=\" wall-content\">Une des chansons qu\u2019il consid\u00e9rait <a href=\"https:\/\/actu.fr\/bretagne\/rennes_35238\/le-rennais-lujipeka-lance-sa-tournee-de-concerts-aller-dans-tous-les-sens-m-amuse_48679440.html\" rel=\"nofollow noopener\" target=\"_blank\">dans une interview \u00e0 actu Rennes quelques mois plus t\u00f4t comme une \u00ab\u00a0synth\u00e8se de ce qu\u2019il veut faire\u00a0\u00bb<\/a>. En f\u00e9vrier 2023, il avait sorti une r\u00e9\u00e9dition de son album Montagnes Russes intitul\u00e9e<a href=\"https:\/\/actu.fr\/bretagne\/rennes_35238\/rennes-lujipeka-sort-menu-xl-une-reedition-de-son-album-montagnes-russes_57132977.html\" rel=\"nofollow noopener\" target=\"_blank\"> MenuXL<\/a>. Il se produira <strong>le 7 novembre 2026 \u00e0 l\u2019Accor Arena<\/strong>.<\/p>\n<p>Lujipeka en concert \u00e0 Rennes, place Saint-Germain, pour la F\u00eate de la musique, samedi 21 juin 2025, \u00e0 18h. Gratuit.<\/p>\n<p class=\" wall-content\">Suivez toute l\u2019actualit\u00e9 de vos villes et m\u00e9dias favoris en vous inscrivant \u00e0 <a href=\"https:\/\/moncompte.actu.fr\" title=\"D\u00e9couvez Mon Actu\" rel=\"nofollow noopener\" data-trk=\"{&quot;cta&quot;:{&quot;action&quot;:&quot;https:\\\/\\\/moncompte.actu.fr&quot;,&quot;category&quot;:&quot;mon compte&quot;,&quot;from&quot;:&quot;article footer&quot;,&quot;name&quot;:&quot;Mon actu&quot;,&quot;type&quot;:&quot;cta&quot;}}\" target=\"_blank\">Mon Actu<\/a>.<\/p>\n<p>                    <script async src=\"\/\/www.instagram.com\/embed.js\"><\/script><\/p>\n","protected":false},"excerpt":{"rendered":"Par Brian Le Goff Publi\u00e9 le 18 juin 2025 \u00e0 8h44 Annonce surprise pour la F\u00eate de la&hellip;\n","protected":false},"author":2,"featured_media":185339,"comment_status":"","ping_status":"","sticky":false,"template":"","format":"standard","meta":{"footnotes":""},"categories":[2821],"tags":[1111,11,829,1697,1777,674,25885,1011,27,1652,12,584,25],"class_list":{"0":"post-185338","1":"post","2":"type-post","3":"status-publish","4":"format-standard","5":"has-post-thumbnail","7":"category-rennes","8":"tag-actu","9":"tag-actualites","10":"tag-bretagne","11":"tag-concert","12":"tag-eu","13":"tag-europe","14":"tag-fete-de-la-musique","15":"tag-fr","16":"tag-france","17":"tag-loisirs-culture","18":"tag-news","19":"tag-rennes","20":"tag-republique-francaise"},"share_on_mastodon":{"url":"https:\/\/pubeurope.com\/@fr\/114703254449596497","error":""},"_links":{"self":[{"href":"https:\/\/www.europesays.com\/fr\/wp-json\/wp\/v2\/posts\/185338","targetHints":{"allow":["GET"]}}],"collection":[{"href":"https:\/\/www.europesays.com\/fr\/wp-json\/wp\/v2\/posts"}],"about":[{"href":"https:\/\/www.europesays.com\/fr\/wp-json\/wp\/v2\/types\/post"}],"author":[{"embeddable":true,"href":"https:\/\/www.europesays.com\/fr\/wp-json\/wp\/v2\/users\/2"}],"replies":[{"embeddable":true,"href":"https:\/\/www.europesays.com\/fr\/wp-json\/wp\/v2\/comments?post=185338"}],"version-history":[{"count":0,"href":"https:\/\/www.europesays.com\/fr\/wp-json\/wp\/v2\/posts\/185338\/revisions"}],"wp:featuredmedia":[{"embeddable":true,"href":"https:\/\/www.europesays.com\/fr\/wp-json\/wp\/v2\/media\/185339"}],"wp:attachment":[{"href":"https:\/\/www.europesays.com\/fr\/wp-json\/wp\/v2\/media?parent=185338"}],"wp:term":[{"taxonomy":"category","embeddable":true,"href":"https:\/\/www.europesays.com\/fr\/wp-json\/wp\/v2\/categories?post=185338"},{"taxonomy":"post_tag","embeddable":true,"href":"https:\/\/www.europesays.com\/fr\/wp-json\/wp\/v2\/tags?post=185338"}],"curies":[{"name":"wp","href":"https:\/\/api.w.org\/{rel}","templated":true}]}}