{"id":185346,"date":"2025-06-18T07:48:12","date_gmt":"2025-06-18T07:48:12","guid":{"rendered":"https:\/\/www.europesays.com\/fr\/185346\/"},"modified":"2025-06-18T07:48:12","modified_gmt":"2025-06-18T07:48:12","slug":"venez-vivre-en-equipe-une-experience-sportive-unique-le-9-novembre-prochain","status":"publish","type":"post","link":"https:\/\/www.europesays.com\/fr\/185346\/","title":{"rendered":"Venez vivre en \u00e9quipe une exp\u00e9rience sportive unique le 9 novembre prochain (\u2026)"},"content":{"rendered":"<p>                    <img loading=\"lazy\" decoding=\"async\" src=\"https:\/\/www.europesays.com\/fr\/wp-content\/uploads\/2025\/06\/1a06af346779608b6d73fa11af63a6.png\" class=\"img-responsive post-image\" width=\"680\" height=\"510\" alt=\"Venez vivre en \u00e9quipe (\u2026)\" title=\"Venez vivre en \u00e9quipe une exp\u00e9rience sportive unique le 9 novembre prochain \u00e0 l'occasion de la 17e \u00e9dition du Marathon des Alpes-Maritimes Nice-Cannes !\"\/><\/p>\n<p class=\"chapo\">S\u2019il n\u2019est d\u00e9sormais plus possible de s\u2019inscrire au Marathon des Alpes-Maritimes Nice-Cannes sur les distances du marathon, du 2&#215;21 km ou du 20 km, distances d\u00e9sormais toutes compl\u00e8tes depuis le mois de mai et qui ont toutes connu un succ\u00e8s sans pr\u00e9c\u00e9dent, il est encore possible de participer \u00e0 la f\u00eate du second plus grand marathon de France sur un format plus accessible \u00e0 tous\u00a0: le Marathon Relais Caisse d\u2019Epargne des Alpes-Maritimes Nice-Cannes aux c\u00f4t\u00e9s des 20\u00a0000 coureurs attendus\u00a0!<\/p>\n<p><strong>En famille, entre amis, entre coll\u00e8gues de travail, choisissez la composition de votre team\u00a0: 3, 4, 5 ou 6 relayeurs et enregistrez votre \u00e9quipe\u00a0!<\/strong> La formule relais est accessible \u00e0 tous avec des relais allant de 3 km \u00e0 10,8 km\u00a0! Tous les relayeurs recevront en \u00e9change de leur inscription le tee-shirt et le sac \u00e0 dos officiel de l\u2019\u00e9preuve offert par le partenaire \u00e9quipementier de l\u2019\u00e9v\u00e9nement Kiprun ainsi que leur m\u00e9daille \u00e0 l\u2019arriv\u00e9e. Chaque concurrent aura \u00e9galement la possibilit\u00e9 s\u2019il le souhaite, d\u2019<strong>emprunter gratuitement le Ter gr\u00e2ce \u00e0 son dossard de course \u00e0 la fin de son relai pour rejoindre l\u2019arriv\u00e9e \u00e0 Cannes<\/strong> et franchir la ligne d\u2019arriv\u00e9e aux c\u00f4t\u00e9s de son \u00e9quipe sur le c\u00e9l\u00e8bre tapis rouge\u00a0de la Croisette\u00a0face au Palais des Festivals\u00a0!<\/p>\n<p>Tout seul on va plus vite. \u00c0 plusieurs, on va plus loin\u00a0! <\/p>\n<p>Un relai est un d\u00e9fi que l\u2019on rel\u00e8ve \u00e0 plusieurs. La r\u00e9ussite d\u00e9pend de la force d\u2019un groupe, de la valorisation des comp\u00e9tences de chacun au sein de l\u2019\u00e9quipe et d\u2019un bon esprit\u00a0! Chacun profitera ainsi du plaisir de la course \u00e0 pied et de la beaut\u00e9 des paysages qu\u2019offre la C\u00f4te d\u2019Azur\u00a0! L\u2019\u00e9preuve \u00ab\u00a0relais\u00a0\u00bb emprunte ainsi le trac\u00e9 de l\u2019\u00e9preuve \u00ab\u00a0individuelle\u00a0\u00bb du Marathon des Alpes-Maritimes Nice-Cannes. La formule du Marathon Relais \u00e0 la carte se compose de 5 points relais positionn\u00e9s sur le parcours.\u00a0<br class=\"autobr\"\/><br \/>\nChaque relayeur rejoindra l\u2019une des communes travers\u00e9es par ce parcours unique, en passant par les villes de Saint-Laurent-du-Var, Cagnes-sur-Mer, Villeneuve-Loubet, Antibes Juan-les-Pins ou encore Vallauris Golfe-Juan. <br class=\"autobr\"\/><br \/>\nQue vous soyez un groupe d\u2019amis, une association, une entreprise ou un club de sport, cette offre relais est faite pour vous\u00a0! <br class=\"autobr\"\/><br \/>\n<strong>Avec le Marathon Relais Caisse d\u2019Epargne des Alpes-Maritimes Nice-Cannes, venez-vous challenger, porter haut les couleurs de votre \u00e9quipe\u00a0et b\u00e9n\u00e9ficiez du tarif groupe\u00a0! Attention, comme pour les autres distances, les places sont limit\u00e9es\u00a0! <\/strong><\/p>\n<p><strong>Exemple d\u2019une composition d\u2019\u00e9quipe \u00e0 6 relayeurs<\/strong>\u00a0<br \/>\n<br \/><b>\u2013<\/b>\u00a0<strong>Relayeur 1\u00a0:<\/strong> d\u00e9part de Nice \u00e0 8h00&gt;arriv\u00e9e \u00e0 Saint-Laurent-du-Var\u00a0: 8,7 km \u00e0 parcourir<br \/>\n<br \/><b>\u2013<\/b>\u00a0<strong>Relayeur 2<\/strong>\u00a0: d\u00e9part de Saint-Laurent-du-Var&gt; arriv\u00e9e \u00e0 Cagnes-sur-Mer\u00a0: 3 km \u00e0 parcourir<br \/>\n<br \/><b>\u2013<\/b>\u00a0<strong>Relayeur 3<\/strong>\u00a0: d\u00e9part de Cagnes-sur-Mer&gt;arriv\u00e9e \u00e0 Villeneuve-Loubet\u00a0: 5,1 km \u00e0 parcourir<br \/>\n<br \/><b>\u2013<\/b>\u00a0<strong>Relayeur 4<\/strong>\u00a0: d\u00e9part de Villeneuve-Loubet&gt;arriv\u00e9e \u00e0 Antibes Juan-les-Pins\u00a0: 8,5 km \u00e0 parcourir<br \/>\n<br \/><b>\u2013<\/b>\u00a0<strong>Relayeur 5<\/strong>\u00a0: d\u00e9part d\u2019Antibes Juan-les-Pins&gt;arriv\u00e9e \u00e0 Vallauris Golfe-Juan\u00a0: 10,8 km \u00e0 parcourir<br \/>\n<br \/><b>\u2013<\/b>\u00a0<strong>Relayeur 6<\/strong>\u00a0: d\u00e9part de Vallauris Golfe-Juan&gt;arriv\u00e9e \u00e0 Cannes\u00a0: 6 km.<br class=\"autobr\"\/><br \/>\nLes entreprises AXA, Thales, Amadeus ou encore l\u2019A\u00e9roport Nice C\u00f4te d\u2019Azur\u2026 ont d\u00e9j\u00e0 \u00e9t\u00e9 s\u00e9duites par le concept du Marathon en relais\u00a0! Pourquoi pas la v\u00f4tre\u00a0?  <br class=\"autobr\"\/><br \/>\nMotivez vos collaborateurs, soudez vos \u00e9quipes et devenez l\u2019entreprise la plus performante du Marathon des Alpes-Maritimes  Nice-Cannes\u00a0! <br class=\"autobr\"\/><br \/>\n<strong>Rejoignez l\u2019aventure maintenant sur\u00a0:  <a href=\"http:\/\/www.marathonrelais06.com\" class=\"spip_out\" rel=\"external nofollow noopener\" target=\"_blank\">www.marathonrelais06.com<\/a><\/strong> Poursuivez l\u2019aventure et d\u00e9couvrez des offres VIP  <\/p>\n<p>Pour prolonger l\u2019exp\u00e9rience individuelle ou collective dans des conditions privil\u00e9gi\u00e9es, le Marathon des Alpes-Maritimes Nice-Cannes propose aux entreprises et aux individuels (dans la limite des places disponibles) <strong>une offre VIP pens\u00e9e pour renforcer la coh\u00e9sion interne, remercier les collaborateurs ou accueillir les coureurs dans un environnement privil\u00e9gi\u00e9 apr\u00e8s la course \u00e0 Cannes. <\/strong> <br class=\"autobr\"\/><br \/>\nProfitez d\u2019une exp\u00e9rience premium avant et apr\u00e8s la course avec le Pack Entreprise Riviera Premium. D\u00e8s le jeudi 6 Novembre 14 h vos \u00e9quipes pourront acc\u00e9der \u00e0 un espace d\u00e9di\u00e9 sur le village exposants et b\u00e9n\u00e9ficier d\u2019 un retrait facilit\u00e9 pour leurs dossards et leurs dotations.  <br class=\"autobr\"\/><br \/>\n<strong>La veille de la couse, \u00e0 partir de 15 h, les entreprises b\u00e9n\u00e9ficiant de l\u2019offre premium seront convi\u00e9es \u00e0 un cocktail de bienvenue, moment fort du week-end, qui comprendra la pr\u00e9sentation exclusive du parcours<\/strong>. Cette rencontre, pens\u00e9e pour les entreprises, se d\u00e9roulera dans une ambiance professionnelle et conviviale, id\u00e9ale pour lancer officiellement l\u2019aventure du marathon\u2026 <br class=\"autobr\"\/><br \/>\n<strong>Le jour J, les coureurs (accompagn\u00e9s de leurs accompagnateurs s\u2019ils le souhaitent) et les entreprises b\u00e9n\u00e9ficiant de l\u2019offre VIP b\u00e9n\u00e9ficieront d\u2019un acc\u00e8s privil\u00e9gi\u00e9 au sein de l\u2019Espace la Rotonde L\u00e9rins, situ\u00e9 au c\u0153ur du Palais des Festivals comprenant l\u2019acc\u00e8s \u00e0 un buffet sportif, une s\u00e9ance de soins de r\u00e9cup\u00e9ration et des animations. <\/strong> <br class=\"autobr\"\/><br \/>\nUn moment de confort et de convivialit\u00e9 dans un cadre prestigieux, face \u00e0 la baie de Cannes\u00a0! <br class=\"autobr\"\/><br \/>\nRetrouvez toutes les informations et les modalit\u00e9s de r\u00e9servations <a href=\"http:\/\/www.marathon06.com\/2025\/participer\/offres-entreprises.htm\" class=\"spip_out\" rel=\"external nofollow noopener\" target=\"_blank\">pour les packs entreprises classiques et VIP ici<\/a><br class=\"autobr\"\/><br \/>\nRetrouvez toutes les informations et les modalit\u00e9s des r\u00e9servation <a href=\"https:\/\/www.marathon06.com\/2025\/participer\/offre-VIP.htm\" class=\"spip_out\" rel=\"external nofollow noopener\" target=\"_blank\">pour les offres VIP individuelles ici\u00a0<\/a><\/p>\n<p>Visuel de Une \u00a9Marathon 06<\/p>\n","protected":false},"excerpt":{"rendered":"S\u2019il n\u2019est d\u00e9sormais plus possible de s\u2019inscrire au Marathon des Alpes-Maritimes Nice-Cannes sur les distances du marathon, du&hellip;\n","protected":false},"author":2,"featured_media":185347,"comment_status":"","ping_status":"","sticky":false,"template":"","format":"standard","meta":{"footnotes":""},"categories":[2819],"tags":[1111,11,2408,1777,674,1011,27,12,2401,882,25],"class_list":{"0":"post-185346","1":"post","2":"type-post","3":"status-publish","4":"format-standard","5":"has-post-thumbnail","7":"category-nice","8":"tag-actu","9":"tag-actualites","10":"tag-appels-d","11":"tag-eu","12":"tag-europe","13":"tag-fr","14":"tag-france","15":"tag-news","16":"tag-nice","17":"tag-provence-alpes-cote-dazur","18":"tag-republique-francaise"},"share_on_mastodon":{"url":"https:\/\/pubeurope.com\/@fr\/114703270218755026","error":""},"_links":{"self":[{"href":"https:\/\/www.europesays.com\/fr\/wp-json\/wp\/v2\/posts\/185346","targetHints":{"allow":["GET"]}}],"collection":[{"href":"https:\/\/www.europesays.com\/fr\/wp-json\/wp\/v2\/posts"}],"about":[{"href":"https:\/\/www.europesays.com\/fr\/wp-json\/wp\/v2\/types\/post"}],"author":[{"embeddable":true,"href":"https:\/\/www.europesays.com\/fr\/wp-json\/wp\/v2\/users\/2"}],"replies":[{"embeddable":true,"href":"https:\/\/www.europesays.com\/fr\/wp-json\/wp\/v2\/comments?post=185346"}],"version-history":[{"count":0,"href":"https:\/\/www.europesays.com\/fr\/wp-json\/wp\/v2\/posts\/185346\/revisions"}],"wp:featuredmedia":[{"embeddable":true,"href":"https:\/\/www.europesays.com\/fr\/wp-json\/wp\/v2\/media\/185347"}],"wp:attachment":[{"href":"https:\/\/www.europesays.com\/fr\/wp-json\/wp\/v2\/media?parent=185346"}],"wp:term":[{"taxonomy":"category","embeddable":true,"href":"https:\/\/www.europesays.com\/fr\/wp-json\/wp\/v2\/categories?post=185346"},{"taxonomy":"post_tag","embeddable":true,"href":"https:\/\/www.europesays.com\/fr\/wp-json\/wp\/v2\/tags?post=185346"}],"curies":[{"name":"wp","href":"https:\/\/api.w.org\/{rel}","templated":true}]}}