{"id":185358,"date":"2025-06-18T07:55:08","date_gmt":"2025-06-18T07:55:08","guid":{"rendered":"https:\/\/www.europesays.com\/fr\/185358\/"},"modified":"2025-06-18T07:55:08","modified_gmt":"2025-06-18T07:55:08","slug":"la-bonne-mairie-la-plate-forme-ou-les-collectivites-peuvent-donner-ou-vendre-leur-materiel","status":"publish","type":"post","link":"https:\/\/www.europesays.com\/fr\/185358\/","title":{"rendered":"La Bonne Mairie, la plate-forme o\u00f9 les collectivit\u00e9s peuvent donner ou vendre leur mat\u00e9riel"},"content":{"rendered":"<p class=\"paragraph text_align_left lp-f-body-02\">Favoriser la solidarit\u00e9 entre mairies et <a href=\"https:\/\/www.leparisien.fr\/hauts-de-seine-92\/ici-rien-nest-neuf-a-part-les-clous-a-gennevilliers-le-mobilier-de-seconde-main-en-pleine-croissance-06-02-2024-HWWX6MQI2RDVDNFU4YHRH7YBBA.php\" target=\"_blank\" rel=\"noreferrer noopener\">l\u2019\u00e9conomie circulaire<\/a>. C\u2019est le concept lanc\u00e9 par le designer toulousain <a href=\"https:\/\/www.leparisien.fr\/haute-garonne-31\/lartiste-toulousain-chat-maigre-lance-un-concours-pour-les-jeunes-designers-25-07-2022-NF5NRZFAFFCVJIKKSESB2H6ITM.php\" target=\"_blank\" rel=\"noreferrer noopener\">Kamel Secraoui<\/a> qui a cr\u00e9\u00e9 il y a trois semaines la plate-forme num\u00e9rique <a href=\"https:\/\/labonnemairie.fr\/\" target=\"_blank\" rel=\"noreferrer noopener\">\u00ab La Bonne Mairie \u00bb<\/a> o\u00f9 les collectivit\u00e9s peuvent \u00e9changer ou revendre le mat\u00e9riel qui encombre leurs locaux. Un nouveau projet solidaire pour l\u2019artiste toulousain connu aussi pour ses bancs Naelou qui a d\u00e9j\u00e0 initi\u00e9 il y a quelques ann\u00e9es la Social Plancha Club, une table de cuisson mobile sur laquelle il cuisine pour les personnes sans-abri.<\/p>\n<p class=\"paragraph text_align_left lp-f-body-02\">\u00ab Je travaille avec beaucoup de mairies et collectivit\u00e9s via mon agence de design et j\u2019ai constat\u00e9 que les mairies des grandes villes ont beaucoup de stock inutilis\u00e9 dans leurs services techniques alors que les petites communes gal\u00e8rent \u00e0 s\u2019\u00e9quiper \u00bb, souligne Kamel Secraoui qui a \u00e9t\u00e9 re\u00e7u lundi \u00e0 l\u2019\u00c9lys\u00e9e par un conseiller du pr\u00e9sident pour parler de son initiative.<\/p>\n<p>Adh\u00e9sion gratuite pour les mairies de moins de 2000 habitants<\/p>\n<p class=\"paragraph text_align_left lp-f-body-02\">\u00ab Le but du site, c\u2019est de les mettre en relation rapidement pour que le mat\u00e9riel serve ceux qui en ont besoin et de permettre des \u00e9conomies aux communes \u00bb, poursuit-il.<\/p>\n<p class=\"paragraph text_align_left lp-f-body-02\">Une trentaine de collectivit\u00e9s, comme la mairie de Gruissan (Aude) ou de Quint-Fonsegrives (Haute-Garonne) est d\u00e9j\u00e0 inscrite sur la plate-forme o\u00f9 sont propos\u00e9s des bancs en fer, des aires de jeux pour enfants, des d\u00e9corations de No\u00ebl ou encore des barri\u00e8res de s\u00e9curit\u00e9. Les mairies de moins de 2 000 habitants peuvent adh\u00e9rer gratuitement \u00e0 la Bonne Mairie, les collectivit\u00e9s plus importantes payent environ 2 000 euros par an pour diff\u00e9rents comptes. Les dons sont aussi possibles sur la plate-forme qui peut \u00eatre utilis\u00e9e partout en France.<\/p>\n","protected":false},"excerpt":{"rendered":"Favoriser la solidarit\u00e9 entre mairies et l\u2019\u00e9conomie circulaire. C\u2019est le concept lanc\u00e9 par le designer toulousain Kamel Secraoui&hellip;\n","protected":false},"author":2,"featured_media":185359,"comment_status":"","ping_status":"","sticky":false,"template":"","format":"standard","meta":{"footnotes":""},"categories":[2816],"tags":[1111,11,459,1777,674,1011,27,3746,4623,12,2680,25,2312],"class_list":{"0":"post-185358","1":"post","2":"type-post","3":"status-publish","4":"format-standard","5":"has-post-thumbnail","7":"category-toulouse","8":"tag-actu","9":"tag-actualites","10":"tag-departements-horsidfo","11":"tag-eu","12":"tag-europe","13":"tag-fr","14":"tag-france","15":"tag-futurs","16":"tag-haute-garonne-31","17":"tag-news","18":"tag-occitanie","19":"tag-republique-francaise","20":"tag-toulouse"},"share_on_mastodon":{"url":"","error":""},"_links":{"self":[{"href":"https:\/\/www.europesays.com\/fr\/wp-json\/wp\/v2\/posts\/185358","targetHints":{"allow":["GET"]}}],"collection":[{"href":"https:\/\/www.europesays.com\/fr\/wp-json\/wp\/v2\/posts"}],"about":[{"href":"https:\/\/www.europesays.com\/fr\/wp-json\/wp\/v2\/types\/post"}],"author":[{"embeddable":true,"href":"https:\/\/www.europesays.com\/fr\/wp-json\/wp\/v2\/users\/2"}],"replies":[{"embeddable":true,"href":"https:\/\/www.europesays.com\/fr\/wp-json\/wp\/v2\/comments?post=185358"}],"version-history":[{"count":0,"href":"https:\/\/www.europesays.com\/fr\/wp-json\/wp\/v2\/posts\/185358\/revisions"}],"wp:featuredmedia":[{"embeddable":true,"href":"https:\/\/www.europesays.com\/fr\/wp-json\/wp\/v2\/media\/185359"}],"wp:attachment":[{"href":"https:\/\/www.europesays.com\/fr\/wp-json\/wp\/v2\/media?parent=185358"}],"wp:term":[{"taxonomy":"category","embeddable":true,"href":"https:\/\/www.europesays.com\/fr\/wp-json\/wp\/v2\/categories?post=185358"},{"taxonomy":"post_tag","embeddable":true,"href":"https:\/\/www.europesays.com\/fr\/wp-json\/wp\/v2\/tags?post=185358"}],"curies":[{"name":"wp","href":"https:\/\/api.w.org\/{rel}","templated":true}]}}