{"id":185373,"date":"2025-06-18T08:05:15","date_gmt":"2025-06-18T08:05:15","guid":{"rendered":"https:\/\/www.europesays.com\/fr\/185373\/"},"modified":"2025-06-18T08:05:15","modified_gmt":"2025-06-18T08:05:15","slug":"fete-de-la-musique-2025-metro-et-rer-en-service-toute-la-nuit","status":"publish","type":"post","link":"https:\/\/www.europesays.com\/fr\/185373\/","title":{"rendered":"F\u00eate de la Musique 2025 : m\u00e9tro et RER en service toute la nuit"},"content":{"rendered":"<p><img loading=\"lazy\" decoding=\"async\" alt=\"\u00a9 AP\/Antonin Albert - Tramways, m\u00e9tros, RER, Noctilien et Transilien seront en service toute la nuit ce samedi 21 juin, \u00e0 l\u2019occasion de la F\u00eate de la musique.\" data-zoom-src=\"https:\/\/www.europesays.com\/fr\/wp-content\/uploads\/2025\/06\/1750233911_535_initial-metro-paris.jpg\" data-zoomable=\"\" height=\"702\" src=\"https:\/\/www.europesays.com\/fr\/wp-content\/uploads\/2025\/06\/1750233911_535_initial-metro-paris.jpg\" width=\"1248\"\/>  <\/p>\n<p class=\"article-desc\">\u00a9 AP\/Antonin Albert &#8211; Tramways, m\u00e9tros, RER, Noctilien et Transilien seront en service toute la nuit ce samedi 21 juin, \u00e0 l\u2019occasion de la F\u00eate de la musique. <\/p>\n<p>Pour la <a href=\"https:\/\/mesinfos.fr\/ile-de-france\/fete-de-la-musique-a-paris-concert-artiste-et-vasque-olympique-au-programme-224264.html\" rel=\"noopener\" target=\"_blank\">F\u00eate de la musique<\/a> du samedi 21 juin 2025,<strong> \u00cele-de-France Mobilit\u00e9s<\/strong> et la <strong>RATP<\/strong> reconduisent leur dispositif sp\u00e9cial pour permettre \u00e0 tous les festivaliers de profiter des concerts jusque tard dans la nuit, et de rentrer en toute s\u00e9curit\u00e9. <\/p>\n<p>Un<strong> forfait illimit\u00e9 <\/strong>\u00e0 4,20 \u20ac vous permet de circuler sur tout le r\u00e9seau de<strong> transports franciliens<\/strong>. Il sera valable du samedi 21 juin 17h au dimanche 22 juin 7h et inclus m\u00e9tro, RER, Transilien, tram, bus (hors <strong>Orlyval<\/strong>, navettes a\u00e9roport, et bus touristiques). <\/p>\n<p> 6 lignes de m\u00e9tro ouvertes <\/p>\n<p>Les <strong>m\u00e9tros <\/strong>circuleront avec une bonne fr\u00e9quence entre samedi soir et dimanche matin, mais seules certaines stations seront desservies. Voici les lignes et arr\u00eats concern\u00e9s : <\/p>\n<ul>\n<li>\n<p><strong>Ligne 1 <\/strong>: De Ch\u00e2teau de Vincennes \u00e0 La D\u00e9fense (stations interm\u00e9diaires : Nation, Gare de Lyon, Bastille, Ch\u00e2telet, Concorde\u2026) <\/p>\n<\/li>\n<li>\n<p><strong>Ligne 2 <\/strong>: Nation \u2194 Porte Dauphine (dont Anvers, Pigalle, Charles de Gaulle-\u00c9toile) <\/p>\n<\/li>\n<li>\n<p><strong>Ligne 4<\/strong> : Bagneux \u2194 Porte de Clignancourt (dessert notamment Montparnasse, Ch\u00e2telet, Gare de l\u2019Est, Barb\u00e8s) <\/p>\n<\/li>\n<li>\n<p><strong>Ligne 6<\/strong> : Nation \u2194 Charles de Gaulle-\u00c9toile (via Bercy, Denfert-Rochereau, Trocad\u00e9ro) <\/p>\n<\/li>\n<li>\n<p><strong>Ligne 9<\/strong> : Mairie de Montreuil \u2194 Pont de S\u00e8vres (via Nation, Grands Boulevards, Trocad\u00e9ro) <\/p>\n<\/li>\n<li>\n<p><strong>Ligne 14<\/strong> : Thiais-Orly \u2194 Saint-Denis-Pleyel (dessert entre autres Gare de Lyon, Ch\u00e2telet, Saint-Lazare)<\/p>\n<p> <img decoding=\"async\" alt=\"\" class=\"img-size-limited\" data-zoomable=\"\" height=\"1221\" loading=\"lazy\" src=\"https:\/\/www.europesays.com\/fr\/wp-content\/uploads\/2025\/06\/plan-metro-rer-fete-de-la-musique-2025.JPG\" width=\"1475\"\/> \u00a9 IDFM &#8211; Plan m\u00e9tro RER F\u00eate de la Musique 202<\/li>\n<\/ul>\n<p> RER et Transilien : circulation assur\u00e9e <\/p>\n<p>Les lignes RER A, B, C, D et E circuleront \u00e9galement apr\u00e8s leur service habituel. Toutes les gares seront desservies sur les tron\u00e7ons : <\/p>\n<ul>\n<li>\n<p><strong>RER A, B<\/strong> : circulation normale nocturne. <\/p>\n<\/li>\n<li>\n<p><strong>RER E<\/strong> : service entre Gare de l&rsquo;Est \u2194 Chelles et Tournan. <\/p>\n<\/li>\n<li>\n<p><strong>Transilien<\/strong> : lignes H, J, L, N, P, R op\u00e9rationnelles. <\/p>\n<ul>\n<li>\n<p>Attention : la ligne R ne circulera que de Melun \u00e0 Montereau. <\/p>\n<\/li>\n<li>\n<p>Conflans, Les Mureaux, Mantes-la-Jolie : desservis uniquement par bus de substitution. <\/p>\n<\/li>\n<\/ul>\n<\/li>\n<\/ul>\n<p> <img decoding=\"async\" alt=\"\" class=\"img-size-limited\" data-zoomable=\"\" height=\"1214\" loading=\"lazy\" src=\"https:\/\/www.europesays.com\/fr\/wp-content\/uploads\/2025\/06\/plan-rer-fete-de-la-musique-2025.JPG\" width=\"1471\"\/> \u00a9 IDFM &#8211; Fr\u00e9quence de passage des RER et Transiliens\u00a0la nuit de la F\u00eate de la Musique.\u00a0 Tram et Noctilien actif <\/p>\n<ul>\n<li>\n<p>Le <strong>tram T4<\/strong> assurera un service continu entre Aulnay-sous-Bois, Bondy et l\u2019H\u00f4pital de Montfermeil. <\/p>\n<\/li>\n<li>\n<p>Le <strong>r\u00e9seau Noctilien<\/strong> sera actif de 00h30 \u00e0 05h30, adapt\u00e9 aux horaires des trains et aux p\u00e9rim\u00e8tres de s\u00e9curit\u00e9. <\/p>\n<\/li>\n<\/ul>\n<p> <img decoding=\"async\" alt=\"\" class=\"img-size-limited\" data-zoomable=\"\" height=\"1214\" loading=\"lazy\" src=\"https:\/\/www.europesays.com\/fr\/wp-content\/uploads\/2025\/06\/plan-bus-fete-de-la-musique-2025.JPG\" width=\"1470\"\/> \u00a9 IDFM &#8211; Plan des lignes de bus F\u00eate de la Musique 2025.<\/p>\n","protected":false},"excerpt":{"rendered":"\u00a9 AP\/Antonin Albert &#8211; Tramways, m\u00e9tros, RER, Noctilien et Transilien seront en service toute la nuit ce samedi&hellip;\n","protected":false},"author":2,"featured_media":185374,"comment_status":"","ping_status":"","sticky":false,"template":"","format":"standard","meta":{"footnotes":""},"categories":[1592],"tags":[1111,11,1777,674,1011,27,32350,662,12,626,25,800,2216],"class_list":{"0":"post-185373","1":"post","2":"type-post","3":"status-publish","4":"format-standard","5":"has-post-thumbnail","7":"category-ile-de-france","8":"tag-actu","9":"tag-actualites","10":"tag-eu","11":"tag-europe","12":"tag-fr","13":"tag-france","14":"tag-fu00eate-de-la-musique","15":"tag-ile-de-france","16":"tag-news","17":"tag-paris","18":"tag-republique-francaise","19":"tag-transports","20":"tag-transports-en-commun"},"share_on_mastodon":{"url":"https:\/\/pubeurope.com\/@fr\/114703337060577968","error":""},"_links":{"self":[{"href":"https:\/\/www.europesays.com\/fr\/wp-json\/wp\/v2\/posts\/185373","targetHints":{"allow":["GET"]}}],"collection":[{"href":"https:\/\/www.europesays.com\/fr\/wp-json\/wp\/v2\/posts"}],"about":[{"href":"https:\/\/www.europesays.com\/fr\/wp-json\/wp\/v2\/types\/post"}],"author":[{"embeddable":true,"href":"https:\/\/www.europesays.com\/fr\/wp-json\/wp\/v2\/users\/2"}],"replies":[{"embeddable":true,"href":"https:\/\/www.europesays.com\/fr\/wp-json\/wp\/v2\/comments?post=185373"}],"version-history":[{"count":0,"href":"https:\/\/www.europesays.com\/fr\/wp-json\/wp\/v2\/posts\/185373\/revisions"}],"wp:featuredmedia":[{"embeddable":true,"href":"https:\/\/www.europesays.com\/fr\/wp-json\/wp\/v2\/media\/185374"}],"wp:attachment":[{"href":"https:\/\/www.europesays.com\/fr\/wp-json\/wp\/v2\/media?parent=185373"}],"wp:term":[{"taxonomy":"category","embeddable":true,"href":"https:\/\/www.europesays.com\/fr\/wp-json\/wp\/v2\/categories?post=185373"},{"taxonomy":"post_tag","embeddable":true,"href":"https:\/\/www.europesays.com\/fr\/wp-json\/wp\/v2\/tags?post=185373"}],"curies":[{"name":"wp","href":"https:\/\/api.w.org\/{rel}","templated":true}]}}