{"id":185390,"date":"2025-06-18T08:14:13","date_gmt":"2025-06-18T08:14:13","guid":{"rendered":"https:\/\/www.europesays.com\/fr\/185390\/"},"modified":"2025-06-18T08:14:13","modified_gmt":"2025-06-18T08:14:13","slug":"les-permis-de-construire-en-allemagne-en-hausse-pour-le-deuxieme-mois-consecutif","status":"publish","type":"post","link":"https:\/\/www.europesays.com\/fr\/185390\/","title":{"rendered":"Les permis de construire en Allemagne en hausse pour le deuxi\u00e8me mois cons\u00e9cutif"},"content":{"rendered":"<p>Les permis de construire pour les appartements en Allemagne ont augment\u00e9 de 4,9\u00a0% en avril par rapport \u00e0 l\u2019ann\u00e9e pr\u00e9c\u00e9dente, enregistrant ainsi un deuxi\u00e8me mois cons\u00e9cutif de progression dans la planification de la construction r\u00e9sidentielle, sur fond de reprise timide de l\u2019\u00e9conomie au sens large.<\/p>\n<p>\nSelon les donn\u00e9es publi\u00e9es mercredi par l\u2019Office f\u00e9d\u00e9ral des statistiques, 18\u00a0500 permis de construire ont \u00e9t\u00e9 accord\u00e9s pour de nouveaux appartements en avril, soit 900 de plus qu\u2019un an plus t\u00f4t. En mars, la hausse avait \u00e9t\u00e9 de 5,8\u00a0%, correspondant \u00e0 1\u00a0100 permis suppl\u00e9mentaires.<\/p>\n<p>\nSur la p\u00e9riode de janvier \u00e0 avril, les permis ont progress\u00e9 de 3,7\u00a0% par rapport \u00e0 l\u2019ann\u00e9e pr\u00e9c\u00e9dente.<\/p>\n<p>\nLe secteur immobilier allemand commence \u00e0 se remettre timidement de la crise la plus grave qu\u2019il ait connue depuis des d\u00e9cennies, amorc\u00e9e en 2022. Les permis de construire constituent un indicateur cl\u00e9 de l\u2019activit\u00e9 du secteur \u00e0 court terme.<\/p>\n<p>\nL\u2019\u00e9conomie allemande devrait conna\u00eetre une croissance cette ann\u00e9e apr\u00e8s deux ann\u00e9es cons\u00e9cutives de contraction, ont indiqu\u00e9 jeudi quatre instituts \u00e9conomiques, qui ont relev\u00e9 leurs pr\u00e9visions pour 2025 et 2026.<\/p>\n","protected":false},"excerpt":{"rendered":"Les permis de construire pour les appartements en Allemagne ont augment\u00e9 de 4,9\u00a0% en avril par rapport \u00e0&hellip;\n","protected":false},"author":2,"featured_media":185391,"comment_status":"","ping_status":"","sticky":false,"template":"","format":"standard","meta":{"footnotes":""},"categories":[1587],"tags":[11,672,340,1804,1805,1803,1777,674,1801,12,1802],"class_list":{"0":"post-185390","1":"post","2":"type-post","3":"status-publish","4":"format-standard","5":"has-post-thumbnail","7":"category-allemagne","8":"tag-actualites","9":"tag-allemagne","10":"tag-bourse","11":"tag-bundesrepublik-deutschland","12":"tag-de","13":"tag-deutschland","14":"tag-eu","15":"tag-europe","16":"tag-germany","17":"tag-news","18":"tag-republique-federale-dallemagne"},"share_on_mastodon":{"url":"https:\/\/pubeurope.com\/@fr\/114703372427633763","error":""},"_links":{"self":[{"href":"https:\/\/www.europesays.com\/fr\/wp-json\/wp\/v2\/posts\/185390","targetHints":{"allow":["GET"]}}],"collection":[{"href":"https:\/\/www.europesays.com\/fr\/wp-json\/wp\/v2\/posts"}],"about":[{"href":"https:\/\/www.europesays.com\/fr\/wp-json\/wp\/v2\/types\/post"}],"author":[{"embeddable":true,"href":"https:\/\/www.europesays.com\/fr\/wp-json\/wp\/v2\/users\/2"}],"replies":[{"embeddable":true,"href":"https:\/\/www.europesays.com\/fr\/wp-json\/wp\/v2\/comments?post=185390"}],"version-history":[{"count":0,"href":"https:\/\/www.europesays.com\/fr\/wp-json\/wp\/v2\/posts\/185390\/revisions"}],"wp:featuredmedia":[{"embeddable":true,"href":"https:\/\/www.europesays.com\/fr\/wp-json\/wp\/v2\/media\/185391"}],"wp:attachment":[{"href":"https:\/\/www.europesays.com\/fr\/wp-json\/wp\/v2\/media?parent=185390"}],"wp:term":[{"taxonomy":"category","embeddable":true,"href":"https:\/\/www.europesays.com\/fr\/wp-json\/wp\/v2\/categories?post=185390"},{"taxonomy":"post_tag","embeddable":true,"href":"https:\/\/www.europesays.com\/fr\/wp-json\/wp\/v2\/tags?post=185390"}],"curies":[{"name":"wp","href":"https:\/\/api.w.org\/{rel}","templated":true}]}}