{"id":185406,"date":"2025-06-18T08:22:23","date_gmt":"2025-06-18T08:22:23","guid":{"rendered":"https:\/\/www.europesays.com\/fr\/185406\/"},"modified":"2025-06-18T08:22:23","modified_gmt":"2025-06-18T08:22:23","slug":"super-xiii-ahmed-boualem-la-saison-2024-2025-de-super-xiii-restera-gravee-dans-les-memoires-rugby-a-xiii","status":"publish","type":"post","link":"https:\/\/www.europesays.com\/fr\/185406\/","title":{"rendered":"Super XIII &#8211; Ahmed Boualem : \u00ab\u00a0La saison 2024-2025 de Super XIII restera grav\u00e9e dans les m\u00e9moires\u00a0\u00bb &#8211; Rugby \u00e0 XIII"},"content":{"rendered":"<p style=\"text-align: justify;\"><strong>Ahmed Boualem, manager sportif d\u2019Albi, revient sur la tr\u00e8s belle saison 2024-2025 des Tigers d\u2019Albi.<\/strong><\/p>\n<blockquote>\n<p style=\"text-align: justify;\">La saison 2024-2025 de Super XIII restera grav\u00e9e dans les m\u00e9moires comme une ann\u00e9e exceptionnelle pour Albi Rugby League. Apr\u00e8s une saison r\u00e9guli\u00e8re intense et des phases finales haletantes, notre \u00e9quipe a su se surpasser pour offrir \u00e0 tout un club, une ville et ses supporters un titre de Champion de France de rugby \u00e0 XIII riche en \u00e9motions !<\/p>\n<p style=\"text-align: justify;\">Ce sacre vient couronner des mois de travail, de solidarit\u00e9, de pers\u00e9v\u00e9rance et d\u2019engagement de la part de tout le groupe. Encadr\u00e9e par un staff exp\u00e9riment\u00e9 et soud\u00e9, notre \u00e9quipe a d\u00e9montr\u00e9 tout au long de la saison un jeu complet, rigoureux en d\u00e9fense et inspir\u00e9 en attaque, qui a su faire vibrer les tribunes du stade Mazicou d\u2019Albi.<\/p>\n<p style=\"text-align: justify;\"><strong>Un tournant historique<\/strong><\/p>\n<p style=\"text-align: justify;\">Cette fin de saison marque \u00e9galement la fin d\u2019un cycle avec le d\u00e9part de nos entra\u00eeneurs de l\u2019\u00e9quipe premi\u00e8re, en poste respectivement depuis 7 et 4 saisons. Leur d\u00e9vouement, leur passion et leur vision du jeu ont fortement contribu\u00e9 \u00e0 l\u2019identit\u00e9 et aux succ\u00e8s de l\u2019\u00e9quipe ces derni\u00e8res ann\u00e9es. Le club leur adresse une immense reconnaissance pour leur engagement sans faille.<\/p>\n<p style=\"text-align: justify;\"><strong>Une nouvelle \u00e8re se profile<\/strong><\/p>\n<p style=\"text-align: justify;\">La saison 2025-2026 s\u2019ouvrira sous le signe du renouveau. Un nouveau staff prendra les r\u00eanes de l\u2019\u00e9quipe premi\u00e8re, avec l\u2019objectif clair d\u2019insuffler une nouvelle dynamique tout en poursuivant l\u2019exigence de performance qui caract\u00e9rise notre club.<\/p>\n<p style=\"text-align: justify;\">Cette transition s\u2019accompagnera d\u2019une volont\u00e9 affirm\u00e9e : int\u00e9grer progressivement les jeunes talents issus de nos \u00e9quipes U17 et U19. V\u00e9ritables p\u00e9pites du club, form\u00e9s \u00e0 nos valeurs et \u00e0 notre culture de jeu, ces jeunes joueurs repr\u00e9sentent l\u2019avenir d\u2019Albi Rugby League. Leur mont\u00e9e en puissance au sein du groupe \u00e9lite est une priorit\u00e9 strat\u00e9gique pour consolider un projet sportif durable et ambitieux.<\/p>\n<p style=\"text-align: justify;\"><strong>Vers de nouveaux sommets<\/strong><\/p>\n<p style=\"text-align: justify;\">Forts de notre titre de champions de France, nous abordons cette nouvelle \u00e9tape avec enthousiasme et d\u00e9termination. Le soutien ind\u00e9fectible de nos supporters, partenaires, b\u00e9n\u00e9voles et \u00e9lus sera, une fois de plus, essentiel pour continuer \u00e0 faire rayonner les couleurs Orange et Noir du club.<\/p>\n<\/blockquote>\n<p style=\"text-align: justify;\"><strong>Treize Mondial<br \/><a href=\"https:\/\/www.facebook.com\/13Mondial\" target=\"_blank\" rel=\"noopener noreferrer\"><img loading=\"lazy\" decoding=\"async\" class=\"alignnone wp-image-2909\" src=\"http:\/\/dicodusport.fr\/blog\/wp-content\/uploads\/2017\/07\/logo-facebook-150x150.png\" alt=\"\" width=\"40\" height=\"40\"\/><\/a><a href=\"https:\/\/twitter.com\/XIIIMondial\" target=\"_blank\" rel=\"noopener noreferrer\"><img loading=\"lazy\" decoding=\"async\" class=\"alignnone wp-image-2908\" src=\"http:\/\/dicodusport.fr\/blog\/wp-content\/uploads\/2017\/07\/logo-twitter-150x150.png\" alt=\"\" width=\"39\" height=\"39\"\/><\/a><\/strong><\/p>\n<p>        <script async src=\"https:\/\/platform.twitter.com\/widgets.js\" charset=\"utf-8\"><\/script><\/p>\n","protected":false},"excerpt":{"rendered":"Ahmed Boualem, manager sportif d\u2019Albi, revient sur la tr\u00e8s belle saison 2024-2025 des Tigers d\u2019Albi. La saison 2024-2025&hellip;\n","protected":false},"author":2,"featured_media":185407,"comment_status":"","ping_status":"","sticky":false,"template":"","format":"standard","meta":{"footnotes":""},"categories":[1416],"tags":[32352,7296,1011,27,479,2228,1468,2229,60,2231],"class_list":{"0":"post-185406","1":"post","2":"type-post","3":"status-publish","4":"format-standard","5":"has-post-thumbnail","7":"category-rugby","8":"tag-ahmed-boualem","9":"tag-albi","10":"tag-fr","11":"tag-france","12":"tag-rugby","13":"tag-rugby-a-xiii","14":"tag-rugby-football","15":"tag-rugby-league","16":"tag-sports","17":"tag-super-xiii"},"share_on_mastodon":{"url":"https:\/\/pubeurope.com\/@fr\/114703403969481951","error":""},"_links":{"self":[{"href":"https:\/\/www.europesays.com\/fr\/wp-json\/wp\/v2\/posts\/185406","targetHints":{"allow":["GET"]}}],"collection":[{"href":"https:\/\/www.europesays.com\/fr\/wp-json\/wp\/v2\/posts"}],"about":[{"href":"https:\/\/www.europesays.com\/fr\/wp-json\/wp\/v2\/types\/post"}],"author":[{"embeddable":true,"href":"https:\/\/www.europesays.com\/fr\/wp-json\/wp\/v2\/users\/2"}],"replies":[{"embeddable":true,"href":"https:\/\/www.europesays.com\/fr\/wp-json\/wp\/v2\/comments?post=185406"}],"version-history":[{"count":0,"href":"https:\/\/www.europesays.com\/fr\/wp-json\/wp\/v2\/posts\/185406\/revisions"}],"wp:featuredmedia":[{"embeddable":true,"href":"https:\/\/www.europesays.com\/fr\/wp-json\/wp\/v2\/media\/185407"}],"wp:attachment":[{"href":"https:\/\/www.europesays.com\/fr\/wp-json\/wp\/v2\/media?parent=185406"}],"wp:term":[{"taxonomy":"category","embeddable":true,"href":"https:\/\/www.europesays.com\/fr\/wp-json\/wp\/v2\/categories?post=185406"},{"taxonomy":"post_tag","embeddable":true,"href":"https:\/\/www.europesays.com\/fr\/wp-json\/wp\/v2\/tags?post=185406"}],"curies":[{"name":"wp","href":"https:\/\/api.w.org\/{rel}","templated":true}]}}