{"id":185412,"date":"2025-06-18T08:26:09","date_gmt":"2025-06-18T08:26:09","guid":{"rendered":"https:\/\/www.europesays.com\/fr\/185412\/"},"modified":"2025-06-18T08:26:09","modified_gmt":"2025-06-18T08:26:09","slug":"quel-avenir-pour-alpine-en-f1","status":"publish","type":"post","link":"https:\/\/www.europesays.com\/fr\/185412\/","title":{"rendered":"quel avenir pour Alpine en F1 ?"},"content":{"rendered":"<p itemprop=\"description\">Le d\u00e9part de Luca de Meo de la t\u00eate du<br \/>\ngroupe Renault, pr\u00e9vu pour le 15 juillet, suscite des remous jusque<br \/>\ndans le paddock de la Formule 1. Son retrait laisse un vide que<br \/>\nPierre Gasly n\u2019a pas manqu\u00e9 de souligner avec \u00e9motion.<\/p>\n<p data-start=\"610\" data-end=\"1058\">En tant que PDG de Renault,<br \/>\nLuca de Meo a profond\u00e9ment remodel\u00e9 la vision du constructeur en<br \/>\nred\u00e9finissant ses priorit\u00e9s. C\u2019est sous son impulsion qu\u2019Alpine est<br \/>\ndevenue bien plus qu\u2019un simple label sportif, pour s\u2019imposer comme<br \/>\nle fer de lance des ambitions de Renault en F1. Rationalisation des<br \/>\nop\u00e9rations, repositionnement de la marque et investissement<br \/>\nstrat\u00e9gique dans la discipline reine du sport automobile : son<br \/>\ninfluence a \u00e9t\u00e9 d\u00e9terminante.<\/p>\n<p data-start=\"1060\" data-end=\"1339\"><a href=\"https:\/\/f1i.autojournal.fr\/infos\/coup-de-tonnerre\/courage-fuyons-lechec-dalpine-provoque-le-depart-de-luca-de-meo\/\" target=\"_blank\" rel=\"noopener\"><br \/>\nSon d\u00e9part du groupe Renault<\/a> intervient \u00e0 un moment charni\u00e8re,<br \/>\nalors qu\u2019Alpine s\u2019appr\u00eate \u00e0 franchir une nouvelle \u00e9tape avec<br \/>\nl\u2019adoption des moteurs Mercedes \u00e0 partir de la <a href=\"https:\/\/f1i.autojournal.fr\/calendrier-f1-2026-dates-horaires-grands-prix\/\" target=\"_blank\" rel=\"noopener\"><br \/>\nsaison F1 2026<\/a> et une r\u00e9organisation interne majeure. Dans ce<br \/>\ncontexte, les incertitudes sur la direction future du projet sont<br \/>\nnombreuses.<\/p>\n<p>Gasly : \u00ab\u00a0Une personne tr\u00e8s<br \/>\ninspirante\u00a0\u00bb<\/p>\n<p data-start=\"1385\" data-end=\"1771\">Pierre Gasly, arriv\u00e9 chez<br \/>\nAlpine en 2023 dans le cadre d\u2019un recrutement soutenu par de Meo, a<br \/>\nexprim\u00e9 une profonde tristesse \u00e0 l\u2019annonce de son d\u00e9part.<\/p>\n<p data-start=\"1385\" data-end=\"1771\">\u00ab\u00a0J\u2019ai une excellente<br \/>\nrelation avec Luca. C\u2019est lui qui m\u2019a ouvert les portes de<br \/>\nl\u2019\u00e9quipe, et j\u2019ai toujours \u00e9t\u00e9 inspir\u00e9 par sa vision. Apprendre<br \/>\nqu\u2019il quitte ses fonctions m\u2019a vraiment touch\u00e9\u00a0\u00bb a confi\u00e9 le<br \/>\npilote fran\u00e7ais \u00e0 Montr\u00e9al.<\/p>\n<p data-start=\"1773\" data-end=\"1954\">Il reconna\u00eet n\u00e9anmoins que<br \/>\ncette d\u00e9cision a certainement ses raisons, qu\u2019il ne conna\u00eet pas<br \/>\nencore en d\u00e9tail. Malgr\u00e9 le climat incertain, il reste concentr\u00e9<br \/>\nsur l\u2019avenir de l\u2019\u00e9quipe.<\/p>\n<p>Maintenir la coh\u00e9sion face<br \/>\naux turbulences<\/p>\n<p data-start=\"2004\" data-end=\"2398\">Depuis plusieurs saisons,<br \/>\nAlpine traverse des p\u00e9riodes de remaniements internes, tant au<br \/>\nniveau de sa direction que de ses ambitions sportives. De Meo<br \/>\nincarnait jusque-l\u00e0 une forme de stabilit\u00e9, garant d\u2019un projet F1<br \/>\nconstruit sur le long terme.<\/p>\n<p data-start=\"2004\" data-end=\"2398\">\u00ab\u00a0M\u00eame si tout n\u2019est pas<br \/>\nparfait, l\u2019\u00e9quipe travaille dur et il y a de belles choses \u00e0<br \/>\nl\u2019usine\u00a0\u00bb affirme Gasly, d\u00e9termin\u00e9 \u00e0 conserver l\u2019\u00e9lan<br \/>\nactuel.<\/p>\n<p data-start=\"2400\" data-end=\"2686\">Il insiste sur l\u2019importance de<br \/>\nrester unis alors que la Formule 1 se dirige vers une nouvelle \u00e8re<br \/>\ntechnique en 2026 : \u00ab\u00a0Il faut garder le cap. Dans deux ans, la<br \/>\nhi\u00e9rarchie pourrait \u00eatre boulevers\u00e9e. C\u2019est maintenant qu\u2019il faut<br \/>\nrester soud\u00e9s pour tirer profit des opportunit\u00e9s \u00e0 venir.\u00a0\u00bb<\/p>\n<p>Un nouveau directeur d\u2019\u00e9quipe<br \/>\nen approche ?<\/p>\n<p data-start=\"2737\" data-end=\"3031\">Dans le paddock du Grand Prix<br \/>\ndu Canada, les bruits de couloir \u00e9voquaient <a href=\"https:\/\/f1i.autojournal.fr\/infos\/nomination\/un-nouveau-manager-pour-diriger-alpine-f1\/\" target=\"_blank\" rel=\"noopener\"><br \/>\nune possible arriv\u00e9e de Steve Nielsen<\/a> \u00e0 la t\u00eate de l\u2019\u00e9curie.<br \/>\nMalgr\u00e9 ses d\u00e9n\u00e9gations publiques, cette nomination semble<br \/>\nimminente. Elle viendrait compl\u00e9ter une r\u00e9organisation profonde de<br \/>\nla structure manag\u00e9riale d\u2019Alpine.<\/p>\n<p data-start=\"3033\" data-end=\"3356\">Gasly, interrog\u00e9 sur la<br \/>\ndifficult\u00e9 de rester concentr\u00e9 dans un tel contexte, a r\u00e9pondu avec<br \/>\nfranchise : \u00ab\u00a0Oui, c\u2019est humain de se sentir perturb\u00e9. Mais<br \/>\nc\u2019est dans ces moments-l\u00e0 qu\u2019il faut se serrer les coudes, faire<br \/>\npreuve de solidarit\u00e9 et croire au projet. C\u2019est la seule mani\u00e8re de<br \/>\nconstruire quelque chose de durable.\u00a0\u00bb<\/p>\n","protected":false},"excerpt":{"rendered":"Le d\u00e9part de Luca de Meo de la t\u00eate du groupe Renault, pr\u00e9vu pour le 15 juillet, suscite&hellip;\n","protected":false},"author":2,"featured_media":185413,"comment_status":"","ping_status":"","sticky":false,"template":"","format":"standard","meta":{"footnotes":""},"categories":[1412],"tags":[2674,1451,1452,1453,1454,1455,1011,27,18292,2248,60],"class_list":{"0":"post-185412","1":"post","2":"type-post","3":"status-publish","4":"format-standard","5":"has-post-thumbnail","7":"category-f1","8":"tag-alpine","9":"tag-f1","10":"tag-formula-1","11":"tag-formula1","12":"tag-formule-1","13":"tag-formule1","14":"tag-fr","15":"tag-france","16":"tag-luca-de-meo","17":"tag-pierre-gasly","18":"tag-sports"},"share_on_mastodon":{"url":"https:\/\/pubeurope.com\/@fr\/114703419546490467","error":""},"_links":{"self":[{"href":"https:\/\/www.europesays.com\/fr\/wp-json\/wp\/v2\/posts\/185412","targetHints":{"allow":["GET"]}}],"collection":[{"href":"https:\/\/www.europesays.com\/fr\/wp-json\/wp\/v2\/posts"}],"about":[{"href":"https:\/\/www.europesays.com\/fr\/wp-json\/wp\/v2\/types\/post"}],"author":[{"embeddable":true,"href":"https:\/\/www.europesays.com\/fr\/wp-json\/wp\/v2\/users\/2"}],"replies":[{"embeddable":true,"href":"https:\/\/www.europesays.com\/fr\/wp-json\/wp\/v2\/comments?post=185412"}],"version-history":[{"count":0,"href":"https:\/\/www.europesays.com\/fr\/wp-json\/wp\/v2\/posts\/185412\/revisions"}],"wp:featuredmedia":[{"embeddable":true,"href":"https:\/\/www.europesays.com\/fr\/wp-json\/wp\/v2\/media\/185413"}],"wp:attachment":[{"href":"https:\/\/www.europesays.com\/fr\/wp-json\/wp\/v2\/media?parent=185412"}],"wp:term":[{"taxonomy":"category","embeddable":true,"href":"https:\/\/www.europesays.com\/fr\/wp-json\/wp\/v2\/categories?post=185412"},{"taxonomy":"post_tag","embeddable":true,"href":"https:\/\/www.europesays.com\/fr\/wp-json\/wp\/v2\/tags?post=185412"}],"curies":[{"name":"wp","href":"https:\/\/api.w.org\/{rel}","templated":true}]}}