{"id":185418,"date":"2025-06-18T08:29:12","date_gmt":"2025-06-18T08:29:12","guid":{"rendered":"https:\/\/www.europesays.com\/fr\/185418\/"},"modified":"2025-06-18T08:29:12","modified_gmt":"2025-06-18T08:29:12","slug":"la-belle-revanche-derwan-la-nouvelle-vie-de-jean-marie-et-mael-sur-les-poteaux-bonjour-quimper","status":"publish","type":"post","link":"https:\/\/www.europesays.com\/fr\/185418\/","title":{"rendered":"La belle revanche d\u2019Erwan, la nouvelle vie de Jean-Marie et Ma\u00ebl sur les poteaux. Bonjour Quimper\u00a0!"},"content":{"rendered":"<p>M\u00e9t\u00e9o\u00a0: ressenti 31\u00b0C<\/p>\n<p>Les temp\u00e9ratures vont grimper en fl\u00e8che cet apr\u00e8s-midi\u00a0: de 11\u00b0C au petit matin, le thermom\u00e8tre atteindra 27\u00b0C, avec un ressenti de 31\u00b0C. L\u2019indice UV sera tr\u00e8s \u00e9lev\u00e9, \u00e0 9. Et ce n\u2019est pas fini, la vague de chaleur va se renforcer entre jeudi et dimanche, avec des pointes pr\u00e9vues <a href=\"https:\/\/www.letelegramme.fr\/bretagne\/meteo-en-bretagne-un-temps-estival-ce-mercredi-jusqua-30c-6838201.php\" title=\"www.letelegramme.fr\" target=\"_blank\" rel=\"noopener\">jusqu\u2019\u00e0 32\u00b0C dans le Finist\u00e8re<\/a>. Une bonne occasion de profiter des salles de cin\u00e9ma climatis\u00e9es, en ce jour de sorties.<\/p>\n<p>Le soleil s\u2019est lev\u00e9 \u00e0 6\u00a0h\u00a016 et se couchera \u00e0 22\u00a0h\u00a018.<\/p>\n<p>Circulation\u00a0: une seule voie Bd Dupleix<\/p>\n<p>Il faudra une nouvelle fois s\u2019armer de patience ce matin, quai Dupleix. Les automobilistes roulent sur une seule voie <a href=\"https:\/\/www.letelegramme.fr\/finistere\/quimper-29000\/pourquoi-les-quais-de-lodet-seront-fermes-pendant-plusieurs-nuits-a-quimper-6820272.php\" title=\"www.letelegramme.fr\" target=\"_blank\" rel=\"noopener\">en raison des travaux<\/a>. Ailleurs, les habituels ralentissements aux entr\u00e9es de Quimper du c\u00f4t\u00e9 de Gourvily, au Rouillen et \u00e0 Troyalac\u2019h.<\/p>\n<p>C\u00f4t\u00e9 TER, un retard de 30 minutes a affect\u00e9 les trains Quimper-Rennes et Quimper-Nantes de 5\u00a0h\u00a033. Et le Brest-Quimper de 6\u00a0h\u00a036 a \u00e9t\u00e9 supprim\u00e9 suite \u00e0 une d\u00e9faillance mat\u00e9rielle, report\u00e9 \u00e0 7\u00a0h\u00a042. Le Quimper-Brest de 12\u00a0h\u00a009 sera supprim\u00e9 \u00e9galement.<\/p>\n<p>La belle revanche d\u2019un m\u00e9cano de 27 ans<\/p>\n<p>Promis par le syst\u00e8me scolaire \u00e0 un avenir sans \u00e9clat, Erwan Lou\u00e9dec a pers\u00e9v\u00e9r\u00e9 par passion. Diagnostiqu\u00e9 dyslexique, le Cloharsien a suivi sa vocation de m\u00e9canicien, puis gravi tous les \u00e9chelons pour devenir <a href=\"https:\/\/www.letelegramme.fr\/finistere\/clohars-fouesnant-29950\/ses-professeurs-disaient-quil-ne-ferait-jamais-rien-a-clohars-fouesnant-erwan-petit-genie-de-la-mecanique-automobile-a-pris-sa-revanche-sur-la-vie-video-6837661.php\" title=\"www.letelegramme.fr\" target=\"_blank\" rel=\"noopener\">l\u2019un des plus jeunes techniciens experts Cotech de France<\/a>. Un parcours inspirant.<\/p>\n<p><img decoding=\"async\" src=\"https:\/\/www.europesays.com\/fr\/wp-content\/uploads\/2025\/06\/685255d5acbf3df84604cd60.1.jpeg\" width=\"480\" height=\"300\" class=\"web_golden_m\" loading=\"lazy\" alt=\"Passionn\u00e9 par la m\u00e9canique automobile, Erwan a particip\u00e9 \u00e0 deux reprises \u00e0 l\u2019\u00e9mission \u00ab\u00a0Top M\u00e9canique\u00a0\u00bb, sur RMC, avec son fr\u00e8re. Son passage a, l\u00e0 encore, \u00e9t\u00e9 remarqu\u00e9\u00a0: \u00ab\u00a0Olivier de Stefano, le pr\u00e9sentateur de l\u2019\u00e9mission qui est aussi l\u2019ancien directeur technique de Porsche et Ferrari, a propos\u00e9 de m\u2019embaucher\u00a0!\u00a0\u00bb\"\/>Passionn\u00e9 par la m\u00e9canique automobile, Erwan a particip\u00e9 \u00e0 deux reprises \u00e0 l\u2019\u00e9mission \u00ab\u00a0Top M\u00e9canique\u00a0\u00bb, sur RMC, avec son fr\u00e8re. Son passage a, l\u00e0 encore, \u00e9t\u00e9 remarqu\u00e9\u00a0: \u00ab\u00a0Olivier de Stefano, le pr\u00e9sentateur de l\u2019\u00e9mission qui est aussi l\u2019ancien directeur technique de Porsche et Ferrari, a propos\u00e9 de m\u2019embaucher\u00a0!\u00a0\u00bb (Le T\u00e9l\u00e9gramme\/Laura Ayad)Un rein offert, une vie rendue<\/p>\n<p>Gr\u00e2ce \u00e0 un donneur, ce greff\u00e9 du rein a retrouv\u00e9 la libert\u00e9\u00a0: Jean-Marie Corbeau, 62 ans, a endur\u00e9 pendant plus de deux ans des dialyses nocturnes avant de recevoir, un jour de 2021, l\u2019appel qui a chang\u00e9 sa vie. Pr\u00e9sident de France Rein Cornouaille, <a href=\"https:\/\/www.letelegramme.fr\/finistere\/quimper-29000\/le-don-dorganes-ma-permis-de-retrouver-la-liberte-apres-des-mois-de-dialyse-ce-pont-labbiste-a-pu-recevoir-un-rein-6838056.php\" title=\"www.letelegramme.fr\" target=\"_blank\" rel=\"noopener\">il milite pour sensibiliser au don d\u2019organes<\/a>.<\/p>\n<p><img decoding=\"async\" src=\"https:\/\/www.europesays.com\/fr\/wp-content\/uploads\/2025\/06\/685255d5a4eac0d63c059973.1.jpeg\" width=\"480\" height=\"300\" class=\"web_golden_m\" loading=\"lazy\" alt=\"Jean-Marie Corbeau (2e \u00e0 droite) est pr\u00e9sident de l\u2019association France rein Cornouaille. Ce lundi, il s\u2019est rendu au centre hospitalier, \u00e0 Quimper, pour l\u2019inauguration d\u2019une exposition de sensibilisation au don d\u2019organes.\"\/>Jean-Marie Corbeau (2e \u00e0 droite) est pr\u00e9sident de l\u2019association France rein Cornouaille. Ce lundi, il s\u2019est rendu au centre hospitalier, \u00e0 Quimper, pour l\u2019inauguration d\u2019une exposition de sensibilisation au don d\u2019organes. (Le T\u00e9l\u00e9gramme\/Sophie Benoit)Koh-Lanta\u00a0: le Fouesnantais qualifi\u00e9<\/p>\n<p>\u00ab\u00a0C\u2019est pour la Bretagne, c\u2019est pour Fouesnant\u00a0\u00bb. Belle qualification, hier soir, dans l\u2019\u00e9mission Koh-Lanta \u00e0 l\u2019\u00e9preuve de l\u2019orientation en trouvant son poignard. Le Fouesnantais Ma\u00ebl Lozac\u2019h disputera donc la mythique \u00e9preuve des poteaux lors de la finale, mardi 24 juin. <a href=\"https:\/\/www.letelegramme.fr\/finistere\/fouesnant-29170\/koh-lanta-le-finisterien-mael-lozach-se-qualifie-pour-la-derniere-epreuve-du-jeu-daventure-6838191.php\" title=\"www.letelegramme.fr\" target=\"_blank\" rel=\"noopener\">Il sera oppos\u00e9 \u00e0 J\u00e9r\u00f4me le Catalan et Ga\u00eblle<\/a>.<\/p>\n<p>\u00c9ph\u00e9m\u00e9ride\u00a0: \u00e7a s\u2019est pass\u00e9 un 18 juin<\/p>\n<p>En 1815, Napol\u00e9on est vaincu \u00e0 Waterloo en Belgique. Bilan\u00a0: 40\u00a0000 morts ou bless\u00e9s fran\u00e7ais. La fin de son \u00e9pop\u00e9e. L\u2019Appel du 18 juin 1940\u00a0: depuis Londres, le g\u00e9n\u00e9ral de Gaulle lance, sur les ondes de la BBC, un appel \u00e0 la r\u00e9sistance\u00a0: \u00ab\u00a0Moi, g\u00e9n\u00e9ral de Gaulle, j\u2019invite les officiers et les soldats fran\u00e7ais\u2026\u00a0\u00bb. En 1948, lancement du disque longue dur\u00e9e, plus connu sous le nom de 33 tours. C\u2019est aussi le 18 juin 1996 que disparaissait Glenmor, \u00e0 Quimperl\u00e9.<\/p>\n<p>Bonne f\u00eate aux L\u00e9once et bon anniversaire au tennisman Richard Gasquet (39 ans), \u00e0 l\u2019actrice Julie Depardieu (52 ans) et \u00e0 l\u2019humoriste et acteur Jamel Debbouze (50 ans). Un silure parisien porte, depuis peu, son pr\u00e9nom\u00a0!<\/p><\/p>\n","protected":false},"excerpt":{"rendered":"M\u00e9t\u00e9o\u00a0: ressenti 31\u00b0C Les temp\u00e9ratures vont grimper en fl\u00e8che cet apr\u00e8s-midi\u00a0: de 11\u00b0C au petit matin, le thermom\u00e8tre&hellip;\n","protected":false},"author":2,"featured_media":185419,"comment_status":"","ping_status":"","sticky":false,"template":"","format":"standard","meta":{"footnotes":""},"categories":[1359],"tags":[32354,3322,58,3320,59,1011,27,973,3323,3319],"class_list":{"0":"post-185418","1":"post","2":"type-post","3":"status-publish","4":"format-standard","5":"has-post-thumbnail","7":"category-people","8":"tag-bonjour-quimper","9":"tag-concarneau","10":"tag-divertissement","11":"tag-douarnenez","12":"tag-entertainment","13":"tag-fr","14":"tag-france","15":"tag-people","16":"tag-pont-labbe","17":"tag-quimper"},"share_on_mastodon":{"url":"https:\/\/pubeurope.com\/@fr\/114703431510126502","error":""},"_links":{"self":[{"href":"https:\/\/www.europesays.com\/fr\/wp-json\/wp\/v2\/posts\/185418","targetHints":{"allow":["GET"]}}],"collection":[{"href":"https:\/\/www.europesays.com\/fr\/wp-json\/wp\/v2\/posts"}],"about":[{"href":"https:\/\/www.europesays.com\/fr\/wp-json\/wp\/v2\/types\/post"}],"author":[{"embeddable":true,"href":"https:\/\/www.europesays.com\/fr\/wp-json\/wp\/v2\/users\/2"}],"replies":[{"embeddable":true,"href":"https:\/\/www.europesays.com\/fr\/wp-json\/wp\/v2\/comments?post=185418"}],"version-history":[{"count":0,"href":"https:\/\/www.europesays.com\/fr\/wp-json\/wp\/v2\/posts\/185418\/revisions"}],"wp:featuredmedia":[{"embeddable":true,"href":"https:\/\/www.europesays.com\/fr\/wp-json\/wp\/v2\/media\/185419"}],"wp:attachment":[{"href":"https:\/\/www.europesays.com\/fr\/wp-json\/wp\/v2\/media?parent=185418"}],"wp:term":[{"taxonomy":"category","embeddable":true,"href":"https:\/\/www.europesays.com\/fr\/wp-json\/wp\/v2\/categories?post=185418"},{"taxonomy":"post_tag","embeddable":true,"href":"https:\/\/www.europesays.com\/fr\/wp-json\/wp\/v2\/tags?post=185418"}],"curies":[{"name":"wp","href":"https:\/\/api.w.org\/{rel}","templated":true}]}}