{"id":185420,"date":"2025-06-18T08:30:09","date_gmt":"2025-06-18T08:30:09","guid":{"rendered":"https:\/\/www.europesays.com\/fr\/185420\/"},"modified":"2025-06-18T08:30:09","modified_gmt":"2025-06-18T08:30:09","slug":"bien-connue-dans-cette-commune-du-cotentin-sylvie-lance-son-entreprise-de-photographie","status":"publish","type":"post","link":"https:\/\/www.europesays.com\/fr\/185420\/","title":{"rendered":"Bien connue dans cette commune du Cotentin, Sylvie lance son entreprise de photographie"},"content":{"rendered":"<p>            Par<br \/>\n        <strong><br \/>\n            <a href=\"https:\/\/actu.fr\/auteur\/redaction-pressemanche\" title=\"Consulter tous les articles de R\u00e9daction La Presse de la Manche\" rel=\"nofollow noopener\" target=\"_blank\">R\u00e9daction La Presse de la Manche<\/a><br \/>\n        <\/strong><\/p>\n<p>        Publi\u00e9 le<\/p>\n<p>            18 juin 2025 \u00e0 8h28        <\/p>\n<p data-end=\"543\">Le public avait d\u00e9couvert <b>Sylvie Lecardonnel<\/b> lors du march\u00e9 de No\u00ebl 2024 de <a href=\"https:\/\/actu.fr\/normandie\/montebourg_50341\/\" rel=\"nofollow noopener\" target=\"_blank\">Montebourg<\/a> (Manche). Sur son stand, cette <b>passionn\u00e9e de photographie<\/b> pr\u00e9sentait une belle diversit\u00e9 de clich\u00e9s.<\/p>\n<p data-end=\"543\" class=\" wall-content\">Elle avait ensuite poursuivi son partage artistique d\u00e9but mars, \u00e0 travers une exposition organis\u00e9e \u00e0 la mairie de Montebourg, qui avait attir\u00e9 de nombreux visiteurs sur les deux journ\u00e9es.<\/p>\n<p data-end=\"670\" class=\" wall-content\">Aujourd\u2019hui, Sylvie franchit une <b>nouvelle \u00e9tape<\/b> : elle vient de <b>cr\u00e9er sa micro-entreprise <\/b>dans le domaine de la photographie.<\/p>\n<p data-end=\"860\" class=\" wall-content\">\u00ab\u00a0Je r\u00e9alise des photographies principalement dans le Cotentin, sur des <b>sujets tr\u00e8s vari\u00e9s<\/b>, pr\u00e9cise-t-elle. Il est tout \u00e0 fait possible de me commander des clich\u00e9s sur des th\u00e8mes pr\u00e9cis.\u00a0\u00bb<\/p>\n<p>\u00ab\u00a0L\u2019\u0153il et le C\u0153ur\u00a0\u00bb<\/p>\n<p data-end=\"1091\" class=\" wall-content\">Le public peut \u00e9galement choisir parmi les images issues de sa collection personnelle.<\/p>\n<p data-end=\"1091\" class=\" wall-content\">\u00ab\u00a0Je vais poursuivre les <b>expositions<\/b>, qui porteront toujours le titre L\u2019\u0153il et le C\u0153ur\u00ab\u00a0, ajoute la photographe.<\/p>\n<p>Vid\u00e9os : en ce moment sur ActuProchaines expositions\u00a0<\/p>\n<ul class=\" wall-content\">\n<li data-end=\"1179\"><b data-end=\"1148\">Du 14 au 16 novembre<\/b> : Salon photo Varengu\u2019arts\u00a0;<\/li>\n<li data-end=\"1240\"><b data-end=\"1206\">Du 13 au 24 novembre<\/b> : Palais de justice de Valognes ;<\/li>\n<li data-end=\"1283\"><b data-end=\"1258\">29 novembre<\/b> : Mairie de Montebourg ;<\/li>\n<li data-end=\"1340\"><b data-end=\"1307\">13 et 14 d\u00e9cembre<\/b> : March\u00e9 de No\u00ebl de Montebourg.<\/li>\n<\/ul>\n<p data-end=\"1478\" class=\" wall-content\">Et peut-\u00eatre une surprise estivale : \u00ab\u00a0Je r\u00e9fl\u00e9chis \u00e0 organiser une exposition dans mon jardin, en ao\u00fbt\u00a0\u00bb, conclut Sylvie Lecardonnel.<\/p>\n<p data-end=\"1478\" class=\" wall-content\"><b>De notre correspondante Claudine KEMPF<\/b><\/p>\n<p>T\u00e9l. : 06 16 62 47 57. Courriel : <a href=\"http:\/\/actu.fr\/cdn-cgi\/l\/email-protection#e28e87818390868d8c8c878ecc919b8e948b87a28d90838c8587cc8490\" rel=\"nofollow noopener\" target=\"_blank\">[email\u00a0protected]<\/a>.<\/p>\n<p class=\" wall-content\">Suivez toute l\u2019actualit\u00e9 de vos villes et m\u00e9dias favoris en vous inscrivant \u00e0 <a href=\"https:\/\/moncompte.actu.fr\" title=\"D\u00e9couvez Mon Actu\" rel=\"nofollow noopener\" data-trk=\"{&quot;cta&quot;:{&quot;action&quot;:&quot;https:\\\/\\\/moncompte.actu.fr&quot;,&quot;category&quot;:&quot;mon compte&quot;,&quot;from&quot;:&quot;article footer&quot;,&quot;name&quot;:&quot;Mon actu&quot;,&quot;type&quot;:&quot;cta&quot;}}\" target=\"_blank\">Mon Actu<\/a>.<\/p>\n","protected":false},"excerpt":{"rendered":"Par R\u00e9daction La Presse de la Manche Publi\u00e9 le 18 juin 2025 \u00e0 8h28 Le public avait d\u00e9couvert&hellip;\n","protected":false},"author":2,"featured_media":185421,"comment_status":"","ping_status":"","sticky":false,"template":"","format":"standard","meta":{"footnotes":""},"categories":[1358],"tags":[1348,1384,1385,215,3168,1386,58,33,59,1011,27,1756],"class_list":{"0":"post-185420","1":"post","2":"type-post","3":"status-publish","4":"format-standard","5":"has-post-thumbnail","7":"category-arts-et-design","8":"tag-arts","9":"tag-arts-and-design","10":"tag-arts-et-design","11":"tag-commerce","12":"tag-cotentin","13":"tag-design","14":"tag-divertissement","15":"tag-economie","16":"tag-entertainment","17":"tag-fr","18":"tag-france","19":"tag-photographie"},"share_on_mastodon":{"url":"https:\/\/pubeurope.com\/@fr\/114703435512066063","error":""},"_links":{"self":[{"href":"https:\/\/www.europesays.com\/fr\/wp-json\/wp\/v2\/posts\/185420","targetHints":{"allow":["GET"]}}],"collection":[{"href":"https:\/\/www.europesays.com\/fr\/wp-json\/wp\/v2\/posts"}],"about":[{"href":"https:\/\/www.europesays.com\/fr\/wp-json\/wp\/v2\/types\/post"}],"author":[{"embeddable":true,"href":"https:\/\/www.europesays.com\/fr\/wp-json\/wp\/v2\/users\/2"}],"replies":[{"embeddable":true,"href":"https:\/\/www.europesays.com\/fr\/wp-json\/wp\/v2\/comments?post=185420"}],"version-history":[{"count":0,"href":"https:\/\/www.europesays.com\/fr\/wp-json\/wp\/v2\/posts\/185420\/revisions"}],"wp:featuredmedia":[{"embeddable":true,"href":"https:\/\/www.europesays.com\/fr\/wp-json\/wp\/v2\/media\/185421"}],"wp:attachment":[{"href":"https:\/\/www.europesays.com\/fr\/wp-json\/wp\/v2\/media?parent=185420"}],"wp:term":[{"taxonomy":"category","embeddable":true,"href":"https:\/\/www.europesays.com\/fr\/wp-json\/wp\/v2\/categories?post=185420"},{"taxonomy":"post_tag","embeddable":true,"href":"https:\/\/www.europesays.com\/fr\/wp-json\/wp\/v2\/tags?post=185420"}],"curies":[{"name":"wp","href":"https:\/\/api.w.org\/{rel}","templated":true}]}}