{"id":185439,"date":"2025-06-18T08:40:11","date_gmt":"2025-06-18T08:40:11","guid":{"rendered":"https:\/\/www.europesays.com\/fr\/185439\/"},"modified":"2025-06-18T08:40:11","modified_gmt":"2025-06-18T08:40:11","slug":"en-iran-les-autorites-annoncent-une-restriction-dinternet-apres-la-derniere-attaque-israelienne","status":"publish","type":"post","link":"https:\/\/www.europesays.com\/fr\/185439\/","title":{"rendered":"en Iran, les autorit\u00e9s annoncent une restriction d\u2019Internet\u00a0apr\u00e8s la derni\u00e8re attaque isra\u00e9lienne"},"content":{"rendered":"\n<p class=\"post__live-container--answer-text post__space-node\">Merci pour votre message. L\u2019affrontement entre Isra\u00ebl et l\u2019Iran oppose deux arm\u00e9es de capacit\u00e9 in\u00e9gale, avec un armement isra\u00e9lien ultramoderne face \u00e0 une arm\u00e9e iranienne fragilis\u00e9e par la perte de plusieurs g\u00e9n\u00e9raux, d\u2019une partie de son arsenal et l\u2019affaiblissement des groupes qui la soutiennent dans la r\u00e9gion.<\/p>\n<p class=\"post__live-container--answer-text post__space-node\">Selon l\u2019Institut international d\u2019\u00e9tudes strat\u00e9giques de Londres (IISS) au 16\u00a0juin, l\u2019arm\u00e9e de l\u2019air isra\u00e9lienne \u00e9tait dot\u00e9e de 316 avions de combat. L\u2019Iran disposait pour sa part de 136 chasseurs de diff\u00e9rents mod\u00e8les, qualifi\u00e9s par l\u2019IISS d\u2019\u00ab\u00a0\u00e2g\u00e9s\u00a0\u00bb ou \u00ab\u00a0obsol\u00e8tes\u00a0\u00bb.<\/p>\n<p class=\"post__live-container--answer-text post__space-node\">En mati\u00e8re de missiles, l\u2019industrie isra\u00e9lienne de d\u00e9fense tourne \u00e0 plein, mais les guerres \u00e0 Gaza et au Liban ont sollicit\u00e9 les stocks malgr\u00e9 les importants volumes de l\u2019aide am\u00e9ricaine. <a href=\"https:\/\/www.lemonde.fr\/international\/live\/2025\/06\/18\/en-direct-israel-iran-ali-khamenei-le-guide-supreme-iranien-previent-que-son-pays-ne-montrera-aucune-pitie-envers-les-israeliens_6612642_3210.html?#id-2428989\" rel=\"nofollow noopener\" target=\"_blank\">C\u00f4t\u00e9 iranien, une r\u00e9ponse a \u00e9t\u00e9 apport\u00e9e un peu plus bas dans le live<\/a>, mais certaines sources font \u00e9tat d\u2019un stock allant de 2\u00a0000\u00a0\u00e0 4\u00a0000\u00a0missiles. Mais \u00ab\u00a0ce qui peut atteindre Isra\u00ebl ne d\u00e9passe pas 600-700\u00a0missiles\u00a0\u00bb, assurait pour sa part vendredi 13\u00a0juin, Pierre Razoux, directeur acad\u00e9mique de la Fondation m\u00e9diterran\u00e9enne d\u2019\u00e9tudes strat\u00e9giques (FMES), \u00e0 l\u2019Agence France-Presse (AFP).<\/p>\n<p class=\"post__live-container--answer-text post__space-node\">Les engins isra\u00e9liens d\u00e9ploy\u00e9s en Iran par le Mossad, renseignement ext\u00e9rieur isra\u00e9lien, ont affaibli la d\u00e9fense de l\u2019Iran et sa force de frappe en riposte. A l\u2019inverse, comme en\u00a02024, \u00ab\u00a0les drones iraniens seront forc\u00e9ment intercept\u00e9s, donc ne feront pas la diff\u00e9rence\u00a0\u00bb, assure Pierre Razoux.<\/p>\n<p class=\"post__live-container--answer-text post__space-node\">En revanche, si les frappes de la R\u00e9publique islamique l\u2019an pass\u00e9 ont quasiment toutes \u00e9t\u00e9 intercept\u00e9es par les d\u00e9fenses isra\u00e9liennes, ces derni\u00e8res n\u2019ont pas \u00e9t\u00e9 infaillibles depuis quatre jours.<\/p>\n<p class=\"post__live-container--answer-text post__space-node\">L\u2019Iran a fond\u00e9 sa strat\u00e9gie sur le soutien \u00e0 des alli\u00e9s r\u00e9gionaux, r\u00e9unis au sein de \u00ab\u00a0l\u2019axe de la r\u00e9sistance\u00a0\u00bb. Mais pr\u00e8s de 20 mois apr\u00e8s l\u2019attaque sans pr\u00e9c\u00e9dent du Hamas sur Isra\u00ebl, le mouvement a \u00e9t\u00e9 d\u00e9capit\u00e9 par les bombes isra\u00e9liennes. Le Hezbollah a lourdement souffert de l\u2019affrontement direct avec Isra\u00ebl fin 2024. Et la Syrie post-Bachar Al-Assad n\u2019est plus favorable \u00e0 T\u00e9h\u00e9ran. Outre les milices pro-iraniennes en Irak, qui n\u2019ont pas r\u00e9agi, il ne reste \u00e0 T\u00e9h\u00e9ran que les rebelles houthis du Y\u00e9men.<\/p>\n<p class=\"post__live-container--answer-text post__space-node\">Simultan\u00e9ment, Isra\u00ebl jouit du soutien inconditionnel am\u00e9ricain. Sans \u00e9carter l\u2019option de n\u00e9gocier, le pr\u00e9sident Donald Trump a pr\u00e9venu qu\u2019il r\u00e9pliquerait avec \u00ab\u00a0toute sa force\u00a0\u00bb en cas d\u2019attaque iranienne sur les Etats-Unis.<\/p>\n<p class=\"post__live-container--answer-text post__space-node\">Une guerre terrestre semble toutefois tr\u00e8s peu probable, les deux Etats ne partageant aucune fronti\u00e8re commune. L\u2019arm\u00e9e isra\u00e9lienne dispose de 169\u00a0500 soldats, appel\u00e9s et professionnels, avec une r\u00e9serve de 465\u00a0000 hommes, selon l\u2019IISS, soit quelque 635\u00a0000 hommes, dont une grande partie a \u00e9t\u00e9 engag\u00e9e dans les guerres \u00e0 Gaza et au Liban.<\/p>\n<p class=\"post__live-container--answer-text post__space-node\">La FMES estime les forces iraniennes \u00e0 650\u00a0000 hommes, la premi\u00e8re en nombre de la r\u00e9gion, auxquels s\u2019ajoutent 190\u00a0000 membres des gardiens de la r\u00e9volution et 600\u00a0000 r\u00e9servistes.<\/p>\n","protected":false},"excerpt":{"rendered":"Merci pour votre message. L\u2019affrontement entre Isra\u00ebl et l\u2019Iran oppose deux arm\u00e9es de capacit\u00e9 in\u00e9gale, avec un armement&hellip;\n","protected":false},"author":2,"featured_media":185440,"comment_status":"","ping_status":"","sticky":false,"template":"","format":"standard","meta":{"footnotes":""},"categories":[5],"tags":[11,1011,27,14,12,28],"class_list":{"0":"post-185439","1":"post","2":"type-post","3":"status-publish","4":"format-standard","5":"has-post-thumbnail","7":"category-international","8":"tag-actualites","9":"tag-fr","10":"tag-france","11":"tag-international","12":"tag-news","13":"tag-world"},"share_on_mastodon":{"url":"https:\/\/pubeurope.com\/@fr\/114703474659485227","error":""},"_links":{"self":[{"href":"https:\/\/www.europesays.com\/fr\/wp-json\/wp\/v2\/posts\/185439","targetHints":{"allow":["GET"]}}],"collection":[{"href":"https:\/\/www.europesays.com\/fr\/wp-json\/wp\/v2\/posts"}],"about":[{"href":"https:\/\/www.europesays.com\/fr\/wp-json\/wp\/v2\/types\/post"}],"author":[{"embeddable":true,"href":"https:\/\/www.europesays.com\/fr\/wp-json\/wp\/v2\/users\/2"}],"replies":[{"embeddable":true,"href":"https:\/\/www.europesays.com\/fr\/wp-json\/wp\/v2\/comments?post=185439"}],"version-history":[{"count":0,"href":"https:\/\/www.europesays.com\/fr\/wp-json\/wp\/v2\/posts\/185439\/revisions"}],"wp:featuredmedia":[{"embeddable":true,"href":"https:\/\/www.europesays.com\/fr\/wp-json\/wp\/v2\/media\/185440"}],"wp:attachment":[{"href":"https:\/\/www.europesays.com\/fr\/wp-json\/wp\/v2\/media?parent=185439"}],"wp:term":[{"taxonomy":"category","embeddable":true,"href":"https:\/\/www.europesays.com\/fr\/wp-json\/wp\/v2\/categories?post=185439"},{"taxonomy":"post_tag","embeddable":true,"href":"https:\/\/www.europesays.com\/fr\/wp-json\/wp\/v2\/tags?post=185439"}],"curies":[{"name":"wp","href":"https:\/\/api.w.org\/{rel}","templated":true}]}}