{"id":185462,"date":"2025-06-18T08:53:45","date_gmt":"2025-06-18T08:53:45","guid":{"rendered":"https:\/\/www.europesays.com\/fr\/185462\/"},"modified":"2025-06-18T08:53:45","modified_gmt":"2025-06-18T08:53:45","slug":"rouen-le-groupe-bsl-etend-son-empreinte-territoriale-avec-lintegration-datlas-securite","status":"publish","type":"post","link":"https:\/\/www.europesays.com\/fr\/185462\/","title":{"rendered":"ROUEN : Le Groupe BSL \u00e9tend son empreinte territoriale avec l\u2019int\u00e9gration d\u2019Atlas S\u00e9curit\u00e9"},"content":{"rendered":"<p><strong>Le Groupe BSL renforce sa pr\u00e9sence territoriale avec l\u2019int\u00e9gration d\u2019Atlas S\u00e9curit\u00e9 Priv\u00e9e.<\/strong><\/p>\n<p>Le Groupe BSL, sp\u00e9cialiste de la s\u00e9curit\u00e9 et de la pr\u00e9vention des risques, a annonc\u00e9 l\u2019acquisition d\u2019Atlas S\u00e9curit\u00e9 Priv\u00e9e, un acteur majeur de la surveillance humaine dans le Grand Ouest. Cette op\u00e9ration, finalis\u00e9e le <strong>lundi 2 juin 2025<\/strong>, marque une \u00e9tape structurante dans la strat\u00e9gie de croissance du Groupe BSL.<\/p>\n<p><strong>Une expansion g\u00e9ographique strat\u00e9gique<\/strong><\/p>\n<p>Atlas S\u00e9curit\u00e9 Priv\u00e9e, pr\u00e9sente \u00e0 Rouen, Nantes, Le Havre, Angers, Cherbourg et dans plusieurs autres villes cl\u00e9s, emploie <strong>1500<\/strong> collaborateurs et r\u00e9alise un chiffre d\u2019affaires de <strong>34 millions d\u2019euros<\/strong>. Cette acquisition permet au Groupe BSL de renforcer sa couverture territoriale, en s\u2019implantant pour la premi\u00e8re fois dans une r\u00e9gion strat\u00e9gique o\u00f9 il n\u2019\u00e9tait pas encore actif.<\/p>\n<p><strong>Patrick Senior, Fondateur du Groupe BSL, d\u00e9clare<\/strong> : \u00ab Cette acquisition marque un tournant strat\u00e9gique, avec une couverture quasi nationale tout en conservant l\u2019ADN d\u2019une PME. Elle marque un tournant pour BSL dans son ambition de devenir un acteur de r\u00e9f\u00e9rence parmi les ETI fran\u00e7aises \u00bb.<\/p>\n<p><strong>Synergies op\u00e9rationnelles et commerciales<\/strong><\/p>\n<p>Au-del\u00e0 de l\u2019expansion g\u00e9ographique, le rapprochement repose sur des synergies op\u00e9rationnelles et commerciales fortes. Ces synergies sont port\u00e9es par la compl\u00e9mentarit\u00e9 des portefeuilles clients et une culture d\u2019entreprise commune fond\u00e9e sur la proximit\u00e9 et la r\u00e9activit\u00e9. L\u2019int\u00e9gration s\u2019organisera autour d\u2019une centralisation des fonctions support au sein du Groupe BSL, tandis que les \u00e9quipes op\u00e9rationnelles d\u2019Atlas conserveront leur autonomie.<\/p>\n<p>Le fondateur d\u2019Atlas S\u00e9curit\u00e9 Priv\u00e9e, St\u00e9phane Chergui, entre au capital de la holding pour une dur\u00e9e de quatre ans. La directrice g\u00e9n\u00e9rale d\u2019Atlas poursuivra ses fonctions tout en assumant de nouvelles responsabilit\u00e9s \u00e0 l\u2019\u00e9chelle nationale.<\/p>\n<p><strong>Un accompagnement de qualit\u00e9<\/strong><\/p>\n<p>BSL a \u00e9t\u00e9 accompagn\u00e9e par <strong>Largilli\u00e8re Finance<\/strong> (M&amp;A), le cabinet d\u2019avocats <strong>Aubl\u00e9<\/strong> (conseil juridique) et le cabinet <strong>Bugeaud<\/strong>(audit) dans le cadre de l\u2019op\u00e9ration. Celle-ci a \u00e9t\u00e9 financ\u00e9e par une dette senior structur\u00e9e par <strong>BNP Paribas<\/strong> (arrangeur), la <strong>BRED<\/strong> et le <strong>CIC<\/strong>.<\/p>\n<p>Ce rachat s\u2019inscrit \u00e9galement dans la dynamique de d\u00e9veloppement national men\u00e9e par S\u00e9curalliance France, et dans l\u2019ambition d\u2019expansion internationale port\u00e9e par le r\u00e9seau Global S\u00e9curalliance.<\/p>\n<p><strong>\u00c0 propos de BSL<\/strong><\/p>\n<p>Cr\u00e9\u00e9e en <strong>1990<\/strong>, BSL est une entreprise fran\u00e7aise ind\u00e9pendante sp\u00e9cialis\u00e9e dans les m\u00e9tiers de la s\u00e9curit\u00e9 priv\u00e9e. Le groupe propose une offre compl\u00e8te de services allant de la surveillance humaine \u00e0 la s\u00e9curit\u00e9 \u00e9lectronique, en passant par l\u2019accueil en entreprise, la t\u00e9l\u00e9surveillance ou encore les prestations incendie. Acteur reconnu du secteur, BSL intervient partout en France aupr\u00e8s de grands comptes publics et priv\u00e9s, en s\u2019appuyant sur plus de <strong>2000<\/strong> collaborateurs et une organisation orient\u00e9e vers la proximit\u00e9, la r\u00e9activit\u00e9 et la qualit\u00e9 de service.<\/p>\n","protected":false},"excerpt":{"rendered":"Le Groupe BSL renforce sa pr\u00e9sence territoriale avec l\u2019int\u00e9gration d\u2019Atlas S\u00e9curit\u00e9 Priv\u00e9e. Le Groupe BSL, sp\u00e9cialiste de la&hellip;\n","protected":false},"author":2,"featured_media":185463,"comment_status":"","ping_status":"","sticky":false,"template":"","format":"standard","meta":{"footnotes":""},"categories":[9587],"tags":[1111,11,1777,674,1011,27,12,5161,25,9590],"class_list":{"0":"post-185462","1":"post","2":"type-post","3":"status-publish","4":"format-standard","5":"has-post-thumbnail","7":"category-rouen","8":"tag-actu","9":"tag-actualites","10":"tag-eu","11":"tag-europe","12":"tag-fr","13":"tag-france","14":"tag-news","15":"tag-normandie","16":"tag-republique-francaise","17":"tag-rouen"},"share_on_mastodon":{"url":"https:\/\/pubeurope.com\/@fr\/114703525659764702","error":""},"_links":{"self":[{"href":"https:\/\/www.europesays.com\/fr\/wp-json\/wp\/v2\/posts\/185462","targetHints":{"allow":["GET"]}}],"collection":[{"href":"https:\/\/www.europesays.com\/fr\/wp-json\/wp\/v2\/posts"}],"about":[{"href":"https:\/\/www.europesays.com\/fr\/wp-json\/wp\/v2\/types\/post"}],"author":[{"embeddable":true,"href":"https:\/\/www.europesays.com\/fr\/wp-json\/wp\/v2\/users\/2"}],"replies":[{"embeddable":true,"href":"https:\/\/www.europesays.com\/fr\/wp-json\/wp\/v2\/comments?post=185462"}],"version-history":[{"count":0,"href":"https:\/\/www.europesays.com\/fr\/wp-json\/wp\/v2\/posts\/185462\/revisions"}],"wp:featuredmedia":[{"embeddable":true,"href":"https:\/\/www.europesays.com\/fr\/wp-json\/wp\/v2\/media\/185463"}],"wp:attachment":[{"href":"https:\/\/www.europesays.com\/fr\/wp-json\/wp\/v2\/media?parent=185462"}],"wp:term":[{"taxonomy":"category","embeddable":true,"href":"https:\/\/www.europesays.com\/fr\/wp-json\/wp\/v2\/categories?post=185462"},{"taxonomy":"post_tag","embeddable":true,"href":"https:\/\/www.europesays.com\/fr\/wp-json\/wp\/v2\/tags?post=185462"}],"curies":[{"name":"wp","href":"https:\/\/api.w.org\/{rel}","templated":true}]}}