{"id":185466,"date":"2025-06-18T08:57:16","date_gmt":"2025-06-18T08:57:16","guid":{"rendered":"https:\/\/www.europesays.com\/fr\/185466\/"},"modified":"2025-06-18T08:57:16","modified_gmt":"2025-06-18T08:57:16","slug":"lfi-ecologistes-tout-le-monde-veut-prendre-la-place-des-socialistes","status":"publish","type":"post","link":"https:\/\/www.europesays.com\/fr\/185466\/","title":{"rendered":"LFI, \u00e9cologistes\u2026 Tout le monde veut prendre la place des socialistes"},"content":{"rendered":"<p>La gauche peut-elle s\u2019emparer d\u2019un bastion de la gauche\u00a0? A <a href=\"https:\/\/www.20minutes.fr\/rennes\/\" class=\"color-ultramarine c-link\" target=\"_blank\" rel=\"noopener\">Rennes<\/a>, la question peut se poser. Car \u00e0 moins d\u2019un an des <a href=\"https:\/\/www.20minutes.fr\/municipales\/\" class=\"color-ultramarine c-link\" target=\"_blank\" rel=\"noopener\">\u00e9lections municipales<\/a>, l\u2019app\u00e9tit est grand pour mettre la main sur ce fauteuil occup\u00e9 par le Parti socialiste depuis la victoire d\u2019Edmond Herv\u00e9 en\u00a01977. La France payait alors en francs, voyait Marie Myriam gagner l\u2019Eurovision et Jacques Chirac \u00eatre \u00e9lu maire de Paris. Pr\u00e8s d\u2019un demi-si\u00e8cle plus tard, le PS est toujours aux commandes.<\/p>\n<p>Alors certes, Nathalie App\u00e9r\u00e9 n\u2019a <a href=\"https:\/\/www.20minutes.fr\/politique\/4084300-20240401-rennes-encore-envie-nathalie-appere-route-troisieme-mandat-maire\" class=\"color-ultramarine c-link\" target=\"_blank\" rel=\"noopener\">pas encore officiellement annonc\u00e9 sa candidature<\/a>. Mais le suspense est mince et tout laisse \u00e0 penser que la maire briguera un troisi\u00e8me mandat \u00e0 la t\u00eate de la capitale bretonne. La question qui se pose, c\u2019est avec qui elle se lancera. Ou m\u00eame contre qui. Apr\u00e8s deux colocations plut\u00f4t sereines avec Les Ecologistes, la logique <a href=\"https:\/\/www.20minutes.fr\/politique\/matthieu-theurier\/4143420-20250317-municipales-2026-rennes-osera-defier-maire-nathalie-appere-forteresse-gauche\" class=\"color-ultramarine c-link\" target=\"_blank\" rel=\"noopener\">aurait laiss\u00e9 penser \u00e0 une mise en m\u00e9nage d\u00e8s le premier tour<\/a>. Mais rien n\u2019est jou\u00e9.<\/p>\n<p><img decoding=\"async\" alt=\"Lucile Koch, Morvan Le Gentil, Val\u00e9rie Faucheux et Laurent Hamon m\u00e8nent la campagne des \u00e9cologistes en vue des \u00e9lections municipales \u00e0 Rennes. \" class=\"c-img\" loading=\"lazy\" fetchpriority=\"auto\" width=\"718\"  src=\"https:\/\/img.20mn.fr\/oXUUrc4HQ9St4QAiDsBlsCk\/718x0\" \/>Lucile Koch, Morvan Le Gentil, Val\u00e9rie Faucheux et Laurent Hamon m\u00e8nent la campagne des \u00e9cologistes en vue des \u00e9lections municipales \u00e0 Rennes. \u2002-\u00a0C. Allain\/20 Minutes<\/p>\n<p>Au moment de faire leur bilan, les verts rennais vantent leurs r\u00e9alisations. \u00ab\u00a0Nous avions n\u00e9goci\u00e9 plus de 150 propositions <a href=\"https:\/\/www.20minutes.fr\/municipales\/2789527-20200530-municipales-2020-rennes-nathalie-appere-ultra-favorite-etre-reelue-apres-alliance-verts\" class=\"color-ultramarine c-link\" target=\"_blank\" rel=\"noopener\">entre les deux tours en\u00a02020<\/a>. Aujourd\u2019hui, 94\u00a0% de nos engagements sont tenus ou lanc\u00e9s. Nous avons su tenir nos d\u00e9l\u00e9gations avec s\u00e9rieux et efficacit\u00e9\u00a0\u00bb, assume Laurent Hamon. Le copr\u00e9sident des 21 \u00e9lus \u00e9cologistes de la ville de <a href=\"https:\/\/www.20minutes.fr\/rennes\/\" class=\"color-ultramarine c-link\" target=\"_blank\" rel=\"noopener\">Rennes <\/a>va m\u00eame plus loin\u00a0: \u00ab\u00a0On est pr\u00eats. On peut avoir un maire \u00e9cologiste \u00e0 Rennes. On est capables d\u2019assumer ces comp\u00e9tences.\u00a0\u00bb<\/p>\n<p>Des r\u00e9sultats en constante progression<\/p>\n<p>Voil\u00e0 qui semble enterrer la perspective d\u2019un accord avec la maire, non\u00a0? \u00ab\u00a0La cohabitation s\u2019est bien pass\u00e9e. Elle est la r\u00e9sultante d\u2019une fusion bien n\u00e9goci\u00e9e. Mais ce sera \u00e0 nos militants de prendre la d\u00e9cision. C\u2019est la question du projet qui doit primer. De quoi on a envie pour notre ville\u00a0\u00bb, assure l\u2019\u00e9lu. \u00ab\u00a0On sera en dialogue avec tout le monde \u00e0 gauche\u00a0\u00bb, rappelle Val\u00e9rie Faucheux, ancienne du Front de gauche ayant ralli\u00e9 Les Ecologistes. Le choix de partir seul ou non devrait \u00eatre act\u00e9 \u00e0 l\u2019automne. \u00ab\u00a0Je ne m\u2019interdis pas l\u2019id\u00e9e de m\u2019imaginer maire\u00a0\u00bb, a d\u2019ailleurs d\u00e9clar\u00e9 au Mensuel de Rennes l\u2019adjointe \u00e0 l\u2019\u00e9ducation Ga\u00eblle Rougier. Si vous n\u2019y voyez pas un signal\u2026<\/p>\n<p>Les chiffres parlent d\u2019eux-m\u00eames. En\u00a02008, la liste \u00e9colo avait atteint 8\u00a0% des suffrages. En\u00a02014, Matthieu Theurier avait obtenu 15\u00a0% avant de grimper \u00e0 25\u00a0% en\u00a02020. La tentation est grande de partir en solo pour tenter de doubler la liste socialiste et de s\u2019asseoir dans le fauteuil tant convoit\u00e9. Ajoutez \u00e0 cela quelques tacles aux choix du PS sur l\u2019urbanisme de grande hauteur, le d\u00e9veloppement \u00e9conomique (<a href=\"https:\/\/www.20minutes.fr\/politique\/4149012-20250416-si-faire-accueillir-tomates-grand-patron-investira-plus-ville-ecologiste\" class=\"color-ultramarine c-link\" target=\"_blank\" rel=\"noopener\">coucou Safran<\/a>) et le \u00ab\u00a0logiciel socialiste\u00a0\u00bb jug\u00e9 encore trop capitaliste et vous comprendrez que Les Ecologistes ont les crocs. D\u2019autant que le groupe est d\u00e9j\u00e0 alli\u00e9 avec l\u2019Union d\u00e9mocratique bretonne (UDB) et Nouvelle donne. Mais ils ne sont pas les seuls \u00e0 avoir faim.<\/p>\n<\/p>\n<p>Car dans les rangs de La France insoumise, on a aussi de l\u2019app\u00e9tit. Rappelez-vous\u00a0: en\u00a02022, Jean-Luc M\u00e9lenchon avait obtenu 36\u00a0% des voix, se pla\u00e7ant loin devant Emmanuel Macron. Le probl\u00e8me du parti d\u2019extr\u00eame gauche, c\u2019est son d\u00e9faut d\u2019implantation. En dehors <a href=\"https:\/\/www.20minutes.fr\/politique\/assemblee_nationale\/4100953-20240712-legislatives-2024-deballe-echarpe-nouvelle-vie-deputee-marie-mesmeur\" class=\"color-ultramarine c-link\" target=\"_blank\" rel=\"noopener\">de sa jeune d\u00e9put\u00e9e Marie Mesmeur<\/a>, LFI n\u2019a pas beaucoup de poids localement.<\/p>\n<p>\u00ab\u00a0Les portes restent ouvertes\u00a0\u00bb<\/p>\n<p>\u00c9lue l\u2019an dernier, la d\u00e9put\u00e9e est, avec Gw\u00e9nol\u00e9 Bourr\u00e9e, charg\u00e9e d\u2019animer la campagne des insoumis. Mais derri\u00e8re qui\u00a0? \u00ab\u00a0La d\u00e9signation de la t\u00eate de liste viendra dans un second temps\u00a0\u00bb, assure Marie Mesmeur. Mais avec qui\u00a0? \u00ab\u00a0L\u2019heure n\u2019est pas aux candidatures. Il y aura forc\u00e9ment une candidature insoumise mais nous travaillons d\u2019abord \u00e0 une union\u00a0\u00bb, assure la d\u00e9put\u00e9e. Avec les verts\u00a0? \u00ab\u00a0Les portes restent particuli\u00e8rement ouvertes aux \u00e9cologistes\u00a0\u00bb, reconna\u00eet Gw\u00e9nol\u00e9 Bourr\u00e9e. Un courrier a d\u2019ailleurs \u00e9t\u00e9 adress\u00e9 \u00e0 l\u2019ensemble des \u00e9lus de gauche de la ville. Et un questionnaire a \u00e9t\u00e9 imagin\u00e9 pour \u00e9laborer un programme, dont quelques id\u00e9es sont d\u00e9j\u00e0 act\u00e9es\u00a0: gratuit\u00e9 des transports pour les moins de 26 ans, objectif de z\u00e9ro enfant \u00e0 la rue, instauration d\u2019un r\u00e9f\u00e9rendum local ou encore reconnaissance de l\u2019\u00c9tat de Palestine.<\/p>\n<p><img decoding=\"async\" alt=\"Gw\u00e9nol\u00e9 Bourr\u00e9e et la d\u00e9put\u00e9e Marie Mesmeur sont charg\u00e9s d'animer la campagne des municipales de La France insoumise \u00e0 Rennes. \" class=\"c-img\" loading=\"lazy\" fetchpriority=\"auto\" width=\"718\"  src=\"https:\/\/img.20mn.fr\/Eo7EfawQR-iepRjTp_XG-yk\/718x0\" \/>Gw\u00e9nol\u00e9 Bourr\u00e9e et la d\u00e9put\u00e9e Marie Mesmeur sont charg\u00e9s d&rsquo;animer la campagne des municipales de La France insoumise \u00e0 Rennes. \u2002-\u00a0C. Allain\/20 Minutes<\/p>\n<p>Mais au-del\u00e0 du seul programme, il y a un \u00e9l\u00e9ment \u00e9vident qui risque de cristalliser les tensions\u00a0: qui sera t\u00eate de liste\u00a0? LFI ne semble pas d\u00e9cider \u00e0 l\u00e2cher l\u2019id\u00e9e d\u2019y aller. Mais quelle est la l\u00e9gitimit\u00e9 d\u2019un parti qui ne poss\u00e8de aucun \u00e9lu \u00e0 Rennes\u00a0? En deux mandats aux c\u00f4t\u00e9s de la majorit\u00e9, Les Ecologistes ont pris de l\u2019avance, int\u00e9grant les conseils d\u2019administrations de nombreux \u00e9tablissements. D\u2019autant qu\u2019ils ne cachent pas leurs ambitions \u00e0 l\u2019\u00e9chelle de la m\u00e9tropole, eux qui comptent deux maires (Bruz et Saint-Armel). Les n\u00e9gociations s\u2019annoncent d\u00e9licieuses. Et il n\u2019est pas exclu que chacun parte de son c\u00f4t\u00e9.<\/p>\n<p>Et \u00e0 droite, on fait quoi\u00a0?<\/p>\n<p>Le secr\u00e9taire d\u00e9partemental des R\u00e9publicains Thomas Rousseau avait \u00e9t\u00e9 le premier \u00e0 s\u2019annoncer candidat \u00e0 droite. Mais il n\u2019est pas le seul. Le leader actuel de l\u2019opposition Charles Compagnon charbonne depuis cinq ans pour tenter de se dresser contre l\u2019empire socialiste. \u00ab Partir divis\u00e9s serait une erreur funeste \u00bb, pr\u00e9vient Carole Gandon, qui veut s&rsquo;unir avec Charles Compagnon mais aussi avec Thomas Rousseau. Le Rassemblement national, qui peine \u00e0 Rennes malgr\u00e9 des scores en progr\u00e8s, devrait \u00e9galement pr\u00e9senter sa liste. Sans que l\u2019on ne sache encore qui la m\u00e8nera.<\/p>\n","protected":false},"excerpt":{"rendered":"La gauche peut-elle s\u2019emparer d\u2019un bastion de la gauche\u00a0? A Rennes, la question peut se poser. Car \u00e0&hellip;\n","protected":false},"author":2,"featured_media":185467,"comment_status":"","ping_status":"","sticky":false,"template":"","format":"standard","meta":{"footnotes":""},"categories":[2821],"tags":[1111,47,11,829,32357,2761,1777,674,1011,27,848,1023,32356,5107,32355,10736,12,4484,316,584,25],"class_list":{"0":"post-185466","1":"post","2":"type-post","3":"status-publish","4":"format-standard","5":"has-post-thumbnail","7":"category-rennes","8":"tag-actu","9":"tag-actualite","10":"tag-actualites","11":"tag-bretagne","12":"tag-campagne-electorale","13":"tag-elections-municipales-2026","14":"tag-eu","15":"tag-europe","16":"tag-fr","17":"tag-france","18":"tag-ille-et-vilaine","19":"tag-la-france-insoumise-lfi","20":"tag-les-ecologistes-eelv","21":"tag-maire","22":"tag-matthieu-theurier","23":"tag-nathalie-appere","24":"tag-news","25":"tag-parti-socialiste-ps","26":"tag-politique","27":"tag-rennes","28":"tag-republique-francaise"},"share_on_mastodon":{"url":"https:\/\/pubeurope.com\/@fr\/114703541476948817","error":""},"_links":{"self":[{"href":"https:\/\/www.europesays.com\/fr\/wp-json\/wp\/v2\/posts\/185466","targetHints":{"allow":["GET"]}}],"collection":[{"href":"https:\/\/www.europesays.com\/fr\/wp-json\/wp\/v2\/posts"}],"about":[{"href":"https:\/\/www.europesays.com\/fr\/wp-json\/wp\/v2\/types\/post"}],"author":[{"embeddable":true,"href":"https:\/\/www.europesays.com\/fr\/wp-json\/wp\/v2\/users\/2"}],"replies":[{"embeddable":true,"href":"https:\/\/www.europesays.com\/fr\/wp-json\/wp\/v2\/comments?post=185466"}],"version-history":[{"count":0,"href":"https:\/\/www.europesays.com\/fr\/wp-json\/wp\/v2\/posts\/185466\/revisions"}],"wp:featuredmedia":[{"embeddable":true,"href":"https:\/\/www.europesays.com\/fr\/wp-json\/wp\/v2\/media\/185467"}],"wp:attachment":[{"href":"https:\/\/www.europesays.com\/fr\/wp-json\/wp\/v2\/media?parent=185466"}],"wp:term":[{"taxonomy":"category","embeddable":true,"href":"https:\/\/www.europesays.com\/fr\/wp-json\/wp\/v2\/categories?post=185466"},{"taxonomy":"post_tag","embeddable":true,"href":"https:\/\/www.europesays.com\/fr\/wp-json\/wp\/v2\/tags?post=185466"}],"curies":[{"name":"wp","href":"https:\/\/api.w.org\/{rel}","templated":true}]}}