{"id":185469,"date":"2025-06-18T08:59:10","date_gmt":"2025-06-18T08:59:10","guid":{"rendered":"https:\/\/www.europesays.com\/fr\/185469\/"},"modified":"2025-06-18T08:59:10","modified_gmt":"2025-06-18T08:59:10","slug":"toute-lactu-top-music-trois-nouvelles-destinations-au-depart-de-strasbourg-avec-easyjet","status":"publish","type":"post","link":"https:\/\/www.europesays.com\/fr\/185469\/","title":{"rendered":"Toute l&rsquo;actu Top Music &#8211; Trois nouvelles destinations au d\u00e9part de Strasbourg avec EasyJet"},"content":{"rendered":"<p><img decoding=\"async\" class=\"\" style=\"width:100%\" src=\"https:\/\/www.europesays.com\/fr\/wp-content\/uploads\/2025\/06\/easyjet1750233943798.webp.webp\" alt=\"Vous pourrez partir \u00e0 Manchester, Rome et Milan !\"\/><\/p>\n<p>Vous pourrez partir \u00e0 Manchester, Rome et Milan !<\/p>\n<p>Cr\u00e9dit : Easy Jet <\/p>\n<p style=\"text-align: justify;\">La deuxi\u00e8me compagnie a\u00e9rienne de France, <a href=\"https:\/\/www.easyjet.com\/fr\" rel=\"noopener\" target=\"_blank\">EasyJet<\/a>, vient d\u2019annoncer une bonne nouvelle pour les voyageurs qui souhaitent partir depuis Strasbourg. Elle proposera \u00e0 partir du mois de novembre prochain <strong>trois nouvelles destinations internationales<\/strong>\u00a0: <strong>Milan, Rome et Manchester.<\/strong><\/p>\n<ul>\n<li><strong>Manchester <\/strong>sera desservie \u00e0 raison de deux vols par semaine, les vendredis et dimanches, \u00e0 partir du 28 novembre 2025<\/li>\n<li><strong>Rome Fiumicino<\/strong> sera desservie \u00e0 raison de deux vols par semaine depuis Strasbourg, les lundis et vendredis, \u00e0 partir du 28 novembre 2025<\/li>\n<li><strong>Milan-Malpensa<\/strong> est desservie \u00e0 raison de deux vols par semaine depuis Strasbourg, les lundis et vendredis, \u00e0 partir du 7 novembre 2025<\/li>\n<\/ul>\n<p style=\"text-align: justify;\">Cette nouvelle offre vient r\u00e9pondre \u00e0 un <strong>besoin de connectivit\u00e9 rapide et abordable<\/strong> des r\u00e9gions fran\u00e7aises entre elles et vers l\u2019international. Ces trois nouvelles liaisons s\u2019ajoutent aux <strong>quatre lignes<\/strong> pr\u00e9c\u00e9demment annonc\u00e9es par <a href=\"https:\/\/www.topmusic.fr\/easyjet-va-renforcer-son-offre-hivernale-a-l-aeroport-de-strasbourg\" rel=\"noopener\" target=\"_blank\">easyJet \u00e0 Strasbourg,<\/a> \u00e0 la suite de la reprise des vols depuis l\u2019a\u00e9roport en octobre 2024 : Barcelone, Nice, Londres-Gatwick et Naples. Renaud Paubelle, Pr\u00e9sident du Directoire de l\u2019A\u00e9roport de Strasbourg, souligne dans un communiqu\u00e9\u00a0: \u00ab Nous nous r\u00e9jouissons <strong>du renforcement de l&rsquo;offre easyJet au d\u00e9part de Strasbourg<\/strong> \u00e0 des prix toujours comp\u00e9titifs. Nous sommes heureux que la compagnie se d\u00e9veloppe de fa\u00e7on strat\u00e9gique et raisonn\u00e9e. Ces nouvelles routes vers l&rsquo;Italie et l&rsquo;Angleterre offrent de belles opportunit\u00e9s d&rsquo;escapades urbaines<strong> \u00e0 moins de 2 heures.<\/strong> \u00bb<\/p>\n<p>Les billets pour ces nouvelles liaisons sont d\u00e9j\u00e0 disponibles <strong>\u00e0 la vente \u00e0 partir de 40\u20ac <\/strong>pour Manchester et de<strong> 45 \u20ac\u00a0<\/strong>pour Milan et Rome<strong>.<\/strong><\/p>\n","protected":false},"excerpt":{"rendered":"Vous pourrez partir \u00e0 Manchester, Rome et Milan ! Cr\u00e9dit : Easy Jet La deuxi\u00e8me compagnie a\u00e9rienne de&hellip;\n","protected":false},"author":2,"featured_media":185470,"comment_status":"","ping_status":"","sticky":false,"template":"","format":"standard","meta":{"footnotes":""},"categories":[2820],"tags":[32358,1111,11,663,2389,4708,2649,18304,661,1777,674,1011,27,775,1637,4562,452,3491,8628,12,1113,5235,9394,25,3499,640,7421,4891,1175,1666,8692],"class_list":{"0":"post-185469","1":"post","2":"type-post","3":"status-publish","4":"format-standard","5":"has-post-thumbnail","7":"category-strasbourg","8":"tag-abordable","9":"tag-actu","10":"tag-actualites","11":"tag-aeroport","12":"tag-alsace","13":"tag-angleterre","14":"tag-bas-rhin","15":"tag-destinations","16":"tag-easyjet","17":"tag-eu","18":"tag-europe","19":"tag-fr","20":"tag-france","21":"tag-grand-est","22":"tag-haut-rhin","23":"tag-internationales","24":"tag-italie","25":"tag-manchester","26":"tag-milan","27":"tag-news","28":"tag-nouvelles","29":"tag-offre","30":"tag-rapide","31":"tag-republique-francaise","32":"tag-rome","33":"tag-strasbourg","34":"tag-topmusic","35":"tag-topmusicalsace","36":"tag-vol","37":"tag-voyages","38":"tag-voyageurs"},"share_on_mastodon":{"url":"https:\/\/pubeurope.com\/@fr\/114703549345942577","error":""},"_links":{"self":[{"href":"https:\/\/www.europesays.com\/fr\/wp-json\/wp\/v2\/posts\/185469","targetHints":{"allow":["GET"]}}],"collection":[{"href":"https:\/\/www.europesays.com\/fr\/wp-json\/wp\/v2\/posts"}],"about":[{"href":"https:\/\/www.europesays.com\/fr\/wp-json\/wp\/v2\/types\/post"}],"author":[{"embeddable":true,"href":"https:\/\/www.europesays.com\/fr\/wp-json\/wp\/v2\/users\/2"}],"replies":[{"embeddable":true,"href":"https:\/\/www.europesays.com\/fr\/wp-json\/wp\/v2\/comments?post=185469"}],"version-history":[{"count":0,"href":"https:\/\/www.europesays.com\/fr\/wp-json\/wp\/v2\/posts\/185469\/revisions"}],"wp:featuredmedia":[{"embeddable":true,"href":"https:\/\/www.europesays.com\/fr\/wp-json\/wp\/v2\/media\/185470"}],"wp:attachment":[{"href":"https:\/\/www.europesays.com\/fr\/wp-json\/wp\/v2\/media?parent=185469"}],"wp:term":[{"taxonomy":"category","embeddable":true,"href":"https:\/\/www.europesays.com\/fr\/wp-json\/wp\/v2\/categories?post=185469"},{"taxonomy":"post_tag","embeddable":true,"href":"https:\/\/www.europesays.com\/fr\/wp-json\/wp\/v2\/tags?post=185469"}],"curies":[{"name":"wp","href":"https:\/\/api.w.org\/{rel}","templated":true}]}}