{"id":185471,"date":"2025-06-18T09:00:30","date_gmt":"2025-06-18T09:00:30","guid":{"rendered":"https:\/\/www.europesays.com\/fr\/185471\/"},"modified":"2025-06-18T09:00:30","modified_gmt":"2025-06-18T09:00:30","slug":"tennis-les-internationaux-de-strasbourg-soignent-leur-trace-sur-terre","status":"publish","type":"post","link":"https:\/\/www.europesays.com\/fr\/185471\/","title":{"rendered":"Tennis. Les Internationaux de Strasbourg soignent leur trace sur terre"},"content":{"rendered":"<p>L\u2019image a fait le buzz durant les Internationaux de Strasbourg de tennis\u200a: au changement de c\u00f4t\u00e9, l\u2019Am\u00e9ricaine Danielle Collins, qui remplit sa gourde \u00e0 la fontaine \u00e0 eau situ\u00e9e derri\u00e8re la chaise d\u2019arbitre, enguirlande un cam\u00e9raman qu\u2019elle estime trop envahissant.<\/p>\n<p>\u00ab\u200aNous, on \u00e9tait contents, on a bien vu notre marque\u200a!\u200a\u00bb, rigole un collaborateur de la soci\u00e9t\u00e9 d\u2019eau min\u00e9rale naturelle alsacienne, partenaire du plus gros tournoi f\u00e9minin de France hors Roland-Garros. Et, de loin, le plus \u00e9coresponsable.<\/p>\n<p>Gourdes m\u00e9talliques et capteurs solaires<\/p>\n<p>Ici, les gourdes m\u00e9talliques ont remplac\u00e9 les bouteilles jetables et le plastique a \u00e9t\u00e9 banni du court central, dont l\u2019\u00e9lectricit\u00e9 est produite par des capteurs solaires situ\u00e9s dans les b\u00e2ches.<\/p>\n<p>Ce ne sont l\u00e0 que&#8230;<\/p>\n","protected":false},"excerpt":{"rendered":"L\u2019image a fait le buzz durant les Internationaux de Strasbourg de tennis\u200a: au changement de c\u00f4t\u00e9, l\u2019Am\u00e9ricaine Danielle&hellip;\n","protected":false},"author":2,"featured_media":185472,"comment_status":"","ping_status":"","sticky":false,"template":"","format":"standard","meta":{"footnotes":""},"categories":[2820],"tags":[1111,11,436,1777,674,1011,27,775,9588,12,25,517,640,1467],"class_list":{"0":"post-185471","1":"post","2":"type-post","3":"status-publish","4":"format-standard","5":"has-post-thumbnail","7":"category-strasbourg","8":"tag-actu","9":"tag-actualites","10":"tag-environnement","11":"tag-eu","12":"tag-europe","13":"tag-fr","14":"tag-france","15":"tag-grand-est","16":"tag-ici-on-agit","17":"tag-news","18":"tag-republique-francaise","19":"tag-sport","20":"tag-strasbourg","21":"tag-tennis"},"share_on_mastodon":{"url":"https:\/\/pubeurope.com\/@fr\/114703553247353092","error":""},"_links":{"self":[{"href":"https:\/\/www.europesays.com\/fr\/wp-json\/wp\/v2\/posts\/185471","targetHints":{"allow":["GET"]}}],"collection":[{"href":"https:\/\/www.europesays.com\/fr\/wp-json\/wp\/v2\/posts"}],"about":[{"href":"https:\/\/www.europesays.com\/fr\/wp-json\/wp\/v2\/types\/post"}],"author":[{"embeddable":true,"href":"https:\/\/www.europesays.com\/fr\/wp-json\/wp\/v2\/users\/2"}],"replies":[{"embeddable":true,"href":"https:\/\/www.europesays.com\/fr\/wp-json\/wp\/v2\/comments?post=185471"}],"version-history":[{"count":0,"href":"https:\/\/www.europesays.com\/fr\/wp-json\/wp\/v2\/posts\/185471\/revisions"}],"wp:featuredmedia":[{"embeddable":true,"href":"https:\/\/www.europesays.com\/fr\/wp-json\/wp\/v2\/media\/185472"}],"wp:attachment":[{"href":"https:\/\/www.europesays.com\/fr\/wp-json\/wp\/v2\/media?parent=185471"}],"wp:term":[{"taxonomy":"category","embeddable":true,"href":"https:\/\/www.europesays.com\/fr\/wp-json\/wp\/v2\/categories?post=185471"},{"taxonomy":"post_tag","embeddable":true,"href":"https:\/\/www.europesays.com\/fr\/wp-json\/wp\/v2\/tags?post=185471"}],"curies":[{"name":"wp","href":"https:\/\/api.w.org\/{rel}","templated":true}]}}