{"id":185473,"date":"2025-06-18T09:01:14","date_gmt":"2025-06-18T09:01:14","guid":{"rendered":"https:\/\/www.europesays.com\/fr\/185473\/"},"modified":"2025-06-18T09:01:14","modified_gmt":"2025-06-18T09:01:14","slug":"parraine-par-lacteur-jean-marc-barr-le-futur-pole-mer-loic-leferme-pour-proteger-lecosysteme-verra-le-jour-en-2026-a-villefranche-sur-mer","status":"publish","type":"post","link":"https:\/\/www.europesays.com\/fr\/185473\/","title":{"rendered":"Parrain\u00e9 par l&rsquo;acteur Jean-Marc Barr, le futur p\u00f4le mer \u00ab\u00a0Lo\u00efc-Leferme\u00a0\u00bb pour prot\u00e9ger l&rsquo;\u00e9cosyst\u00e8me verra le jour en 2026 \u00e0 Villefranche-sur-Mer"},"content":{"rendered":"<p><strong>Jean-Marc Barr<\/strong> lance dans un grand sourire: \u00ab\u00a0Tout pour la mer!\u00a0\u00bb. <strong>Le c\u00e9l\u00e8bre acteur du Grand Bleu a accept\u00e9 d\u2019\u00eatre le parrain du futur p\u00f4le mer Lo\u00efc-Leferme<\/strong>, pilot\u00e9 par le D\u00e9partement des Alpes-Maritimes et qui verra le jour \u00e0 l\u2019\u00e9t\u00e9 2026 au port de la darse de Villefranche-sur-Mer. D\u2019autres personnalit\u00e9s marquantes &#8211; \u00e0 l\u2019instar des sportifs <strong>Guillaume N\u00e9ry, Jean-Pierre Dick, Julie Gautier, Pierre Frolla<\/strong> et <strong>Alexia Barrier<\/strong> &#8211; sont associ\u00e9es au projet et \u00e9taient pr\u00e9sentes pour son <strong>lancement, le 8 juin<\/strong>. L\u00e0 encore, pas de hasard mais un symbole puisque la date co\u00efncidait avec la journ\u00e9e mondiale de l\u2019Oc\u00e9an.<\/p>\n<p>\u00ab\u00a0Ce p\u00f4le est une sublime id\u00e9e pour promouvoir le sport et apprendre aux enfants le caract\u00e8re sacr\u00e9 de la mer\u00a0\u00bb, rel\u00e8ve celui qui a camp\u00e9 Jacques Mayol au cin\u00e9ma, suscitant probablement si ce n\u2019est des vocations, \u00e0 tout le moins beaucoup d\u2019int\u00e9r\u00eat pour l\u2019apn\u00e9e. Un sport dans lequel le regrett\u00e9 <strong>Lo\u00efc Leferme<\/strong> a excell\u00e9. Et c\u2019est pour lui rendre hommage que son nom a \u00e9t\u00e9 donn\u00e9 \u00e0 cette structure \u00ab\u00a0car c\u2019est ce pour quoi il se battait\u00a0\u00bb, r\u00e9sume le pr\u00e9sident du D\u00e9partement, Charles-Ange Gin\u00e9sy, qui d\u00e9crit: \u00ab\u00a0C\u2019est bien plus qu\u2019un \u00e9quipement : c\u2019est un projet structurant, une vision partag\u00e9e pour transmettre, prot\u00e9ger et valoriser notre M\u00e9diterran\u00e9e. Avec sa cr\u00e9ation \u00e0 Villefranche-sur-Mer, berceau de l\u2019apn\u00e9e moderne, nous franchissons une nouvelle \u00e9tape en installant un lieu d\u2019excellence d\u00e9di\u00e9 aux pratiques maritimes, \u00e0 la coop\u00e9ration et \u00e0 la transition \u00e9cologique.\u00a0\u00bb<\/p>\n<p>Servir \u00e0 la culture de la mer <\/p>\n<p><strong>Ce p\u00f4le est construit autour de six axes<\/strong>: l\u2019apn\u00e9e internationale faisant de \u00ab\u00a0Villefranche-sur-Mer un haut lieu mondial de l\u2019apn\u00e9e moderne\u00a0\u00bb, se r\u00e9jouit l\u2019\u00e9lu, mais aussi la course au large, l\u2019accueil des champions, la protection de l\u2019environnement avec la sensibilisation des bambins en collaboration avec l\u2019Institut de la mer de Villefranche (IMEV), le patrimoine maritime (avec circuit patrimonial, restauration de la caserne Dubois, valorisation de la construction navale traditionnelle) et les associations locales qui trouveront l\u00e0 un outil pour leur permettre de mener \u00e0 bien leurs projets.<\/p>\n<p>\u00ab\u00a0Nous ferons tout pour que ce p\u00f4le puisse servir \u00e0 cette culture de la mer, assure Charles-Ange Gin\u00e9sy. Et si nous en avons trac\u00e9 les contours, nous laisserons aux acteurs associatifs la libert\u00e9 et l\u2019imagination dont ils peuvent faire preuve pour se l\u2019approprier et cr\u00e9er un \u00e9cosyst\u00e8me pour nos enfants. Car comme l\u2019a \u00e9crit Baudelaire: \u00ab\u00a0Homme libre, toujours tu ch\u00e9riras la mer!\u00a0\u00bb.<\/p>\n","protected":false},"excerpt":{"rendered":"Jean-Marc Barr lance dans un grand sourire: \u00ab\u00a0Tout pour la mer!\u00a0\u00bb. Le c\u00e9l\u00e8bre acteur du Grand Bleu a&hellip;\n","protected":false},"author":2,"featured_media":185474,"comment_status":"","ping_status":"","sticky":false,"template":"","format":"standard","meta":{"footnotes":""},"categories":[2819],"tags":[1111,11,436,1777,674,1011,27,12,2401,882,25],"class_list":{"0":"post-185473","1":"post","2":"type-post","3":"status-publish","4":"format-standard","5":"has-post-thumbnail","7":"category-nice","8":"tag-actu","9":"tag-actualites","10":"tag-environnement","11":"tag-eu","12":"tag-europe","13":"tag-fr","14":"tag-france","15":"tag-news","16":"tag-nice","17":"tag-provence-alpes-cote-dazur","18":"tag-republique-francaise"},"share_on_mastodon":{"url":"https:\/\/pubeurope.com\/@fr\/114703557521229634","error":""},"_links":{"self":[{"href":"https:\/\/www.europesays.com\/fr\/wp-json\/wp\/v2\/posts\/185473","targetHints":{"allow":["GET"]}}],"collection":[{"href":"https:\/\/www.europesays.com\/fr\/wp-json\/wp\/v2\/posts"}],"about":[{"href":"https:\/\/www.europesays.com\/fr\/wp-json\/wp\/v2\/types\/post"}],"author":[{"embeddable":true,"href":"https:\/\/www.europesays.com\/fr\/wp-json\/wp\/v2\/users\/2"}],"replies":[{"embeddable":true,"href":"https:\/\/www.europesays.com\/fr\/wp-json\/wp\/v2\/comments?post=185473"}],"version-history":[{"count":0,"href":"https:\/\/www.europesays.com\/fr\/wp-json\/wp\/v2\/posts\/185473\/revisions"}],"wp:featuredmedia":[{"embeddable":true,"href":"https:\/\/www.europesays.com\/fr\/wp-json\/wp\/v2\/media\/185474"}],"wp:attachment":[{"href":"https:\/\/www.europesays.com\/fr\/wp-json\/wp\/v2\/media?parent=185473"}],"wp:term":[{"taxonomy":"category","embeddable":true,"href":"https:\/\/www.europesays.com\/fr\/wp-json\/wp\/v2\/categories?post=185473"},{"taxonomy":"post_tag","embeddable":true,"href":"https:\/\/www.europesays.com\/fr\/wp-json\/wp\/v2\/tags?post=185473"}],"curies":[{"name":"wp","href":"https:\/\/api.w.org\/{rel}","templated":true}]}}