{"id":185479,"date":"2025-06-18T09:04:13","date_gmt":"2025-06-18T09:04:13","guid":{"rendered":"https:\/\/www.europesays.com\/fr\/185479\/"},"modified":"2025-06-18T09:04:13","modified_gmt":"2025-06-18T09:04:13","slug":"nantes-le-festival-de-cinema-sofilm-summercamp-debarque-sous-les-nefs","status":"publish","type":"post","link":"https:\/\/www.europesays.com\/fr\/185479\/","title":{"rendered":"Nantes : le festival de cin\u00e9ma Sofilm Summercamp d\u00e9barque sous les nefs !"},"content":{"rendered":"\n<p>C&rsquo;est le coup d&rsquo;envoi ce mercredi \u00e0 Nantes du festival de cin\u00e9ma <a href=\"https:\/\/www.sofilm-festival.fr\/\" rel=\"noopener\" target=\"_blank\">Sofilm Summercamp<\/a>. Le rendez-vous est pris sous nefs, avec plusieurs s\u00e9ances de cin\u00e9ma en plein-air, mais pas seulement ! Des projections en salle sont aussi pr\u00e9vues, au Path\u00e9 du centre-ville. Petit tour d\u2019horizon du programme du jour avec Farid Lounas, l\u2019un des coordinateurs de l&rsquo;\u00e9v\u00e8nement.<\/p>\n<blockquote><p>\n\u00ab\u00a0On aura un blind-test de cin\u00e9ma\u00a0\u00bb\n<\/p><\/blockquote>\n<p>\u00ab\u00a0On commencera par deux films en parall\u00e8le : le premier, c&rsquo;est La disparition de Josef Mengele qui se jouera au Path\u00e9, \u00e0 partir de 20 heures. La fameuse histoire de l&rsquo;ange de la mort, d&rsquo;Auschwitz et sa disparition en Am\u00e9rique du Sud&#8230; Plus l\u00e9ger, en m\u00eame temps, sous les nefs, on aura un blind-test de cin\u00e9ma et puis le film tr\u00e8s grand public, Shrek. <\/p>\n<p>Et pour tout ce qui concerne les films au Path\u00e9, <strong>tous les films sont \u00e0 8 euros dans les tr\u00e8s belles salles du complexe\u00a0\u00bb.<\/strong><\/p>\n<p>Ce n&rsquo;est pas fini, d&rsquo;autres animations sont pr\u00e9vues demain jeudi, comme par exemple une s\u00e9ance de cin\u00e9ma en plein-air sous les nefs avec la projection de l&rsquo;iconique Thelma et Louise !<\/p>\n<p>Vendredi soir, place \u00e0 un cin\u00e9ma &#8211; karaok\u00e9. A ne pas manquer aussi samedi, la projection en avant-premi\u00e8re au Path\u00e9 de Connemara, inspir\u00e9 du livre de Nicolas Mathieu, avec au casting M\u00e9lanie Thierry, et Bastien Bouillon.<\/p>\n<blockquote><p>\nQuatre jours festifs, et des inqui\u00e9tudes\n<\/p><\/blockquote>\n<p>Ces quatre jours festifs sont aussi l&rsquo;occasion de rappeler que le milieu du cin\u00e9ma est loin d&rsquo;\u00eatre serein en Pays de la Loire, suite aux coupes budg\u00e9taires drastiques d\u00e9cid\u00e9es par la pr\u00e9sidente de la R\u00e9gion, Christelle Moran\u00e7ais. \u00ab\u00a0Les professionnels seront pr\u00e9sents le jeudi soir pour une rencontre sous les nefs \u00e0 partir de 19h30. <strong>La baisse du financement du cin\u00e9ma par la r\u00e9gion Pays de la Loire pose beaucoup de question \u00e0 tout le monde.<\/strong> J&rsquo;esp\u00e8re que les tournages se multiplieront mais je pense qu&rsquo;il y a un gros travail \u00e0 faire pour faire en sorte que la profession se d\u00e9veloppe, et que les producteurs se sentent accueillis en Pays de la Loire.<\/p>\n<p> Nous on va plut\u00f4t \u00eatre sur l&rsquo;accueil des publics pendant ce festival mais sur la question professionnelle, il y a surtout un gros travail \u00e0 faire entre les acteurs publics et les professionnels pour faire en sorte que \u00e7a devienne r\u00e9ellement une terre d&rsquo;accueil de cin\u00e9ma. Pour l&rsquo;instant, c&rsquo;est encore une question importante suite aux derni\u00e8res d\u00e9cisions de la r\u00e9gion\u00a0\u00bb.<\/p>\n","protected":false},"excerpt":{"rendered":"C&rsquo;est le coup d&rsquo;envoi ce mercredi \u00e0 Nantes du festival de cin\u00e9ma Sofilm Summercamp. Le rendez-vous est pris&hellip;\n","protected":false},"author":2,"featured_media":185480,"comment_status":"","ping_status":"","sticky":false,"template":"","format":"standard","meta":{"footnotes":""},"categories":[2818],"tags":[1111,11,650,1777,674,849,1011,27,766,19919,12,2636,25,19918],"class_list":{"0":"post-185479","1":"post","2":"type-post","3":"status-publish","4":"format-standard","5":"has-post-thumbnail","7":"category-nantes","8":"tag-actu","9":"tag-actualites","10":"tag-cinema","11":"tag-eu","12":"tag-europe","13":"tag-festival","14":"tag-fr","15":"tag-france","16":"tag-nantes","17":"tag-nefs","18":"tag-news","19":"tag-pays-de-la-loire","20":"tag-republique-francaise","21":"tag-summercamp"},"share_on_mastodon":{"url":"https:\/\/pubeurope.com\/@fr\/114703569145571019","error":""},"_links":{"self":[{"href":"https:\/\/www.europesays.com\/fr\/wp-json\/wp\/v2\/posts\/185479","targetHints":{"allow":["GET"]}}],"collection":[{"href":"https:\/\/www.europesays.com\/fr\/wp-json\/wp\/v2\/posts"}],"about":[{"href":"https:\/\/www.europesays.com\/fr\/wp-json\/wp\/v2\/types\/post"}],"author":[{"embeddable":true,"href":"https:\/\/www.europesays.com\/fr\/wp-json\/wp\/v2\/users\/2"}],"replies":[{"embeddable":true,"href":"https:\/\/www.europesays.com\/fr\/wp-json\/wp\/v2\/comments?post=185479"}],"version-history":[{"count":0,"href":"https:\/\/www.europesays.com\/fr\/wp-json\/wp\/v2\/posts\/185479\/revisions"}],"wp:featuredmedia":[{"embeddable":true,"href":"https:\/\/www.europesays.com\/fr\/wp-json\/wp\/v2\/media\/185480"}],"wp:attachment":[{"href":"https:\/\/www.europesays.com\/fr\/wp-json\/wp\/v2\/media?parent=185479"}],"wp:term":[{"taxonomy":"category","embeddable":true,"href":"https:\/\/www.europesays.com\/fr\/wp-json\/wp\/v2\/categories?post=185479"},{"taxonomy":"post_tag","embeddable":true,"href":"https:\/\/www.europesays.com\/fr\/wp-json\/wp\/v2\/tags?post=185479"}],"curies":[{"name":"wp","href":"https:\/\/api.w.org\/{rel}","templated":true}]}}