{"id":185494,"date":"2025-06-18T09:12:09","date_gmt":"2025-06-18T09:12:09","guid":{"rendered":"https:\/\/www.europesays.com\/fr\/185494\/"},"modified":"2025-06-18T09:12:09","modified_gmt":"2025-06-18T09:12:09","slug":"franck-allisio-officiellement-candidat-aux-municipales-pour-le-rn","status":"publish","type":"post","link":"https:\/\/www.europesays.com\/fr\/185494\/","title":{"rendered":"Franck Allisio officiellement candidat aux municipales pour le RN"},"content":{"rendered":"<p>Le d\u00e9put\u00e9 des Bouches-du-Rh\u00f4ne a confirm\u00e9 qu\u2019il briguait la mairie de Marseille pour le RN. Conseiller r\u00e9gional, il a \u00e9galement \u00e9t\u00e9 \u00e9lu d\u00e9put\u00e9 en 2022 dans la 12e circonscription qui comprend notamment les villes de Vitrolles et Marignane. Il est le premier \u00e0 se d\u00e9clarer dans la course \u00e0 la mairie.<\/p>\n<p class=\"fig-paragraph\">C\u2019\u00e9tait devenu un secret de Polichinelle. Dans une interview accord\u00e9e \u00e0\u00a0<a href=\"https:\/\/www.francebleu.fr\/emissions\/l-invite-de-7h45-d-ici-provence\/exclusif-le-rn-franck-allisio-est-officiellement-candidat-a-la-mairie-de-marseille-4563907\" target=\"_blank\" rel=\"nofollow noopener\" data-gtm-custom-categorie=\"navigation\" data-gtm-custom-action=\"crossclick\" data-gtm-custom-label=\"Contextuel\" data-gtm-event=\"customEventSPE\">Ici Provence<\/a>, le chef de file d\u00e9partemental RN des Bouches-du-Rh\u00f4ne,\u00a0<a href=\"http:\/\/www.lefigaro.fr\/marseille\/marseille-une-enquete-visant-le-depute-rn-franck-allisio-ouverte-pour-detournement-de-biens-publics-20250509\" data-fig-type=\"NewsFlash\" data-gtm-custom-categorie=\"navigation\" data-gtm-custom-action=\"crossclick\" data-gtm-custom-label=\"Contextuel\" data-gtm-event=\"customEventSPE\" data-fig-domain=\"LEFIGARO\" target=\"_blank\" rel=\"noopener\">Franck Allisio<\/a>, a confirm\u00e9 son intention d\u2019\u00eatre la t\u00eate de liste du parti pour les prochaines \u00e9lections municipales \u00e0 Marseille.<\/p>\n<p>Premier candidat d\u00e9clar\u00e9<\/p>\n<p class=\"fig-paragraph\">Ancien conseiller municipal de Marseille de 2020 \u00e0 2022,\u00a0<a href=\"http:\/\/www.lefigaro.fr\/politique\/pour-renouer-le-contact-avec-la-droite-le-rn-ressuscite-le-rpr-20230623\" data-fig-type=\"Article\" data-gtm-custom-categorie=\"navigation\" data-gtm-custom-action=\"crossclick\" data-gtm-custom-label=\"Contextuel\" data-gtm-event=\"customEventSPE\" data-fig-domain=\"LEFIGARO\" target=\"_blank\" rel=\"noopener\">Franck Allisio<\/a>\u00a0a quitt\u00e9 ses fonctions, conform\u00e9ment \u00e0 la l\u00e9gislation sur le non-cumul des mandats, apr\u00e8s son \u00e9lection comme d\u00e9put\u00e9 dans la 12e circonscription des Bouches-du-Rh\u00f4ne, qui comprend notamment Marignane et Vitrolles. Il si\u00e8ge \u00e9galement depuis 2016 au conseil r\u00e9gional, o\u00f9 il fait partie de l\u2019opposition au pr\u00e9sident de la r\u00e9gion Provence-Alpes-C\u00f4te d\u2019Azur, Renaud Muselier.<\/p>\n<p class=\"fig-paragraph\">Il est \u00e0 ce jour le premier candidat \u00e0 se d\u00e9clarer officiellement \u00e0 Marseille pour les prochaines \u00e9lections municipales. R\u00e9cemment, les Insoumis ont annonc\u00e9 pr\u00e9parer une candidature autonome \u00e0 la majorit\u00e9 actuelle, port\u00e9e par l\u2019ancien socialiste Beno\u00eet Payan. Les \u00e9cologistes doivent quant \u00e0 eux se prononcer sur la strat\u00e9gie pour les prochaines municipales \u00e0 Marseille le 1er juillet prochain.<\/p>\n","protected":false},"excerpt":{"rendered":"Le d\u00e9put\u00e9 des Bouches-du-Rh\u00f4ne a confirm\u00e9 qu\u2019il briguait la mairie de Marseille pour le RN. Conseiller r\u00e9gional, il&hellip;\n","protected":false},"author":2,"featured_media":185495,"comment_status":"","ping_status":"","sticky":false,"template":"","format":"standard","meta":{"footnotes":""},"categories":[2814],"tags":[1111,11,885,1182,24324,1180,1181,1777,674,1011,27,1184,1185,884,3554,12,1177,1176,149,1186,882,25,2848,1178,1183,1179],"class_list":{"0":"post-185494","1":"post","2":"type-post","3":"status-publish","4":"format-standard","5":"has-post-thumbnail","7":"category-marseille","8":"tag-actu","9":"tag-actualites","10":"tag-bouches-du-rhone","11":"tag-calanques","12":"tag-candidatures","13":"tag-canebiere","14":"tag-cite-phoceenne","15":"tag-eu","16":"tag-europe","17":"tag-fr","18":"tag-france","19":"tag-la-timone","20":"tag-les-baumettes-mediterranee","21":"tag-marseille","22":"tag-municipales","23":"tag-news","24":"tag-notre-dame-de-la-garde","25":"tag-olympique-de-marseille","26":"tag-om","27":"tag-provence","28":"tag-provence-alpes-cote-dazur","29":"tag-republique-francaise","30":"tag-rn","31":"tag-saint-charles","32":"tag-sormiou","33":"tag-vieux-port"},"share_on_mastodon":{"url":"https:\/\/pubeurope.com\/@fr\/114703600399445084","error":""},"_links":{"self":[{"href":"https:\/\/www.europesays.com\/fr\/wp-json\/wp\/v2\/posts\/185494","targetHints":{"allow":["GET"]}}],"collection":[{"href":"https:\/\/www.europesays.com\/fr\/wp-json\/wp\/v2\/posts"}],"about":[{"href":"https:\/\/www.europesays.com\/fr\/wp-json\/wp\/v2\/types\/post"}],"author":[{"embeddable":true,"href":"https:\/\/www.europesays.com\/fr\/wp-json\/wp\/v2\/users\/2"}],"replies":[{"embeddable":true,"href":"https:\/\/www.europesays.com\/fr\/wp-json\/wp\/v2\/comments?post=185494"}],"version-history":[{"count":0,"href":"https:\/\/www.europesays.com\/fr\/wp-json\/wp\/v2\/posts\/185494\/revisions"}],"wp:featuredmedia":[{"embeddable":true,"href":"https:\/\/www.europesays.com\/fr\/wp-json\/wp\/v2\/media\/185495"}],"wp:attachment":[{"href":"https:\/\/www.europesays.com\/fr\/wp-json\/wp\/v2\/media?parent=185494"}],"wp:term":[{"taxonomy":"category","embeddable":true,"href":"https:\/\/www.europesays.com\/fr\/wp-json\/wp\/v2\/categories?post=185494"},{"taxonomy":"post_tag","embeddable":true,"href":"https:\/\/www.europesays.com\/fr\/wp-json\/wp\/v2\/tags?post=185494"}],"curies":[{"name":"wp","href":"https:\/\/api.w.org\/{rel}","templated":true}]}}