{"id":185500,"date":"2025-06-18T09:16:20","date_gmt":"2025-06-18T09:16:20","guid":{"rendered":"https:\/\/www.europesays.com\/fr\/185500\/"},"modified":"2025-06-18T09:16:20","modified_gmt":"2025-06-18T09:16:20","slug":"canicule-ou-et-quand-le-mercure-frolera-t-il-les-40c","status":"publish","type":"post","link":"https:\/\/www.europesays.com\/fr\/185500\/","title":{"rendered":"Canicule : o\u00f9 et quand le mercure fr\u00f4lera-t-il les 40\u00b0C ?"},"content":{"rendered":"<ul class=\"jsx-862013697 ArticleChapo__List\">\n<li class=\"jsx-862013697 ArticleChapo__List_Item flex\">La France s&rsquo;appr\u00eate \u00e0 vivre sa premi\u00e8re canicule de l&rsquo;\u00e9t\u00e9 \u00e0 partir de la fin de semaine.<\/li>\n<li class=\"jsx-862013697 ArticleChapo__List_Item flex\">Les temp\u00e9ratures vont litt\u00e9ralement s&rsquo;envoler, avec de possibles records \u00e0 la cl\u00e9.<\/li>\n<\/ul>\n<p data-module=\"article-paragraph\" class=\"jsx-3046738180 Paragraph Paragraph__End\">Soleil et chaleur s&rsquo;imposent en ce d\u00e9but de semaine, avec des temp\u00e9ratures en progression constante. Ceci n&rsquo;est toutefois qu&rsquo;un avant-go\u00fbt de ce qui est attendu \u00e0 partir de ce week-end, l&rsquo;anticyclone se d\u00e9calant vers l&rsquo;Europe centrale. Il fera alors remonter une masse d&rsquo;air remarquablement chaud, avec \u00e0 la cl\u00e9 de possibles pointes \u00e0 40\u00b0C possibles jusque dans le nord du pays ! Le pic d&rsquo;intensit\u00e9 de cette vague de chaleur est attendu en d\u00e9but de semaine prochaine.\u00a0<\/p>\n<p data-module=\"article-paragraph\" class=\"jsx-3046738180 Paragraph Paragraph__End\">Ce mercredi, les thermom\u00e8tres affichent des valeurs encore raisonnables dans la plupart des r\u00e9gions, avec de 22 \u00e0 32\u00b0C attendus dans la moiti\u00e9 nord et entre 30 et 36\u00b0C dans le sud aux heures les plus chaudes. Si les maximales se situeront jusqu&rsquo;\u00e0 7\u00b0C au-dessus des normales de saison, elles resteront tr\u00e8s \u00e9loign\u00e9es des records. De plus, les valeurs nocturnes demeureront assez fra\u00eeches, permettant ainsi \u00e0 l&rsquo;organisme de r\u00e9cup\u00e9rer de la chaleur diurne parfois forte.<\/p>\n<p>Les seuils de canicule atteints en fin de semaine  <\/p>\n<p data-module=\"article-paragraph\" class=\"jsx-3046738180 Paragraph\">Jeudi, les valeurs gagneront encore un ou deux degr\u00e9s par rapport \u00e0 la veille. M\u00eame chose le lendemain, la journ\u00e9e de vendredi marquant le d\u00e9but de l&rsquo;\u00e9pisode caniculaire \u00e0 proprement dit dans l&rsquo;ouest avec 35-36\u00b0C possibles en Pays-de-la-Loire, 37\u00b0C en Poitou-Charentes et 38\u00b0C en Aquitaine. Si les seuils de canicule sont plus \u00e9lev\u00e9s en M\u00e9diterran\u00e9e, notamment pour les temp\u00e9ratures minimales, ils seront approch\u00e9s l&rsquo;apr\u00e8s-midi avec de 35 \u00e0 38\u00b0C attendus.<\/p>\n<p data-module=\"article-paragraph\" class=\"jsx-3046738180 Paragraph Paragraph__End\">La chaleur continuera de s&rsquo;accentuer ce week-end, avec des valeurs exceptionnellement \u00e9lev\u00e9es pour un d\u00e9but d&rsquo;\u00e9t\u00e9 calendaire (le solstice ayant lieu ce samedi). Outre les maximales, les temp\u00e9ratures nocturnes baisseront de moins en moins. Ainsi, en fin de nuit de vendredi \u00e0 samedi, les thermom\u00e8tres afficheront entre 20 et 25\u00b0C dans l&rsquo;ouest et jusqu&rsquo;en M\u00e9diterran\u00e9e.<\/p>\n<p>Vers un pic d&rsquo;intensit\u00e9 en d\u00e9but de semaine prochaine<\/p>\n<p data-module=\"article-paragraph\" class=\"jsx-3046738180 Paragraph\">En cours de journ\u00e9e, les 30\u00b0C seront quasiment partout d\u00e9pass\u00e9s. Samedi apr\u00e8s-midi, des pointes \u00e0 36\u00b0C sont attendues en Bretagne comme dans le centre-est, 38\u00b0C dans les Pays-de-la-Loire ou encore 39\u00b0C en Aquitaine et vers le Roussillon. Dimanche, les plus fortes chaleurs gagneront les r\u00e9gions septentrionales avec jusqu&rsquo;\u00e0 37\u00b0C entre le Bassin parisien et le val de Loire.<\/p>\n<p data-module=\"article-paragraph\" class=\"jsx-3046738180 Paragraph Paragraph__End\">Selon les derniers sc\u00e9narios des diff\u00e9rents mod\u00e8les de pr\u00e9visions, le pic d&rsquo;intensit\u00e9 de la canicule devrait \u00eatre atteint entre lundi et mardi. Durant ces deux journ\u00e9es, les pointes \u00e0 40\u00b0C pourraient se multiplier, y compris dans le nord du pays, comme en \u00cele-de-France notamment. Des records pourraient \u00eatre battus, de tels niveaux n&rsquo;ayant pas \u00e9t\u00e9 atteints au nord de la Loire lors des canicules de juin 2019 et de juin 2022.<\/p>\n<p><a href=\"https:\/\/www.tf1info.fr\/meteo\/video-stress-thermique-180-volontaires-d-ile-de-france-vont-porter-une-station-meteo-mobile-sur-le-dos-pour-analyser-les-effets-des-pics-de-chaleur-2376266.html\" rel=\"noopener\" class=\"jsx-3308031228 Link flex\" target=\"_blank\"><img decoding=\"async\" src=\"https:\/\/www.europesays.com\/fr\/wp-content\/uploads\/2025\/06\/capture-jt-station-meteo-mobile-sac-a-dos-3-7383f3-0@1x.jpeg\" alt=\"Basile Chaix, directeur de recherche \u00e0 l'Inserm, portant une station m\u00e9t\u00e9o sur son dos.\" loading=\"lazy\" importance=\"low\" fetchpriority=\"low\" class=\"\"\/><\/p>\n<p class=\"jsx-3657663356 ReadMoreArticle__Title\">Lire aussi<\/p>\n<p class=\"jsx-3657663356\">Pics de chaleur : 180 volontaires vont porter une station m\u00e9t\u00e9o mobile sur le dos pour analyser leurs effets<\/p>\n<p><\/a><\/p>\n<p data-module=\"article-paragraph\" class=\"jsx-3046738180 Paragraph Paragraph__End\">Sur son site internet, M\u00e9t\u00e9o-France annonce le \u00ab\u00a0d\u00e9but d&rsquo;une vague de chaleur jeudi\u00a0\u00bb avec des \u00ab\u00a0temp\u00e9ratures en hausse pouvant approcher les seuils de canicule\u00a0\u00bb dans plusieurs r\u00e9gions.\u00a0<\/p>\n<p>Guillaume WOZNICA<\/p>\n","protected":false},"excerpt":{"rendered":"La France s&rsquo;appr\u00eate \u00e0 vivre sa premi\u00e8re canicule de l&rsquo;\u00e9t\u00e9 \u00e0 partir de la fin de semaine. Les&hellip;\n","protected":false},"author":2,"featured_media":185501,"comment_status":"","ping_status":"","sticky":false,"template":"","format":"standard","meta":{"footnotes":""},"categories":[1592],"tags":[1111,11,1921,6698,1777,674,1011,27,662,1922,11007,12,626,2119,25,133,11009],"class_list":{"0":"post-185500","1":"post","2":"type-post","3":"status-publish","4":"format-standard","5":"has-post-thumbnail","7":"category-ile-de-france","8":"tag-actu","9":"tag-actualites","10":"tag-article-video","11":"tag-canicule","12":"tag-eu","13":"tag-europe","14":"tag-fr","15":"tag-france","16":"tag-ile-de-france","17":"tag-info","18":"tag-meteo-quotidienne","19":"tag-news","20":"tag-paris","21":"tag-previsions-meteo","22":"tag-republique-francaise","23":"tag-video","24":"tag-video-meteo-et-intemperies"},"share_on_mastodon":{"url":"https:\/\/pubeurope.com\/@fr\/114703616216733282","error":""},"_links":{"self":[{"href":"https:\/\/www.europesays.com\/fr\/wp-json\/wp\/v2\/posts\/185500","targetHints":{"allow":["GET"]}}],"collection":[{"href":"https:\/\/www.europesays.com\/fr\/wp-json\/wp\/v2\/posts"}],"about":[{"href":"https:\/\/www.europesays.com\/fr\/wp-json\/wp\/v2\/types\/post"}],"author":[{"embeddable":true,"href":"https:\/\/www.europesays.com\/fr\/wp-json\/wp\/v2\/users\/2"}],"replies":[{"embeddable":true,"href":"https:\/\/www.europesays.com\/fr\/wp-json\/wp\/v2\/comments?post=185500"}],"version-history":[{"count":0,"href":"https:\/\/www.europesays.com\/fr\/wp-json\/wp\/v2\/posts\/185500\/revisions"}],"wp:featuredmedia":[{"embeddable":true,"href":"https:\/\/www.europesays.com\/fr\/wp-json\/wp\/v2\/media\/185501"}],"wp:attachment":[{"href":"https:\/\/www.europesays.com\/fr\/wp-json\/wp\/v2\/media?parent=185500"}],"wp:term":[{"taxonomy":"category","embeddable":true,"href":"https:\/\/www.europesays.com\/fr\/wp-json\/wp\/v2\/categories?post=185500"},{"taxonomy":"post_tag","embeddable":true,"href":"https:\/\/www.europesays.com\/fr\/wp-json\/wp\/v2\/tags?post=185500"}],"curies":[{"name":"wp","href":"https:\/\/api.w.org\/{rel}","templated":true}]}}