{"id":185502,"date":"2025-06-18T09:17:08","date_gmt":"2025-06-18T09:17:08","guid":{"rendered":"https:\/\/www.europesays.com\/fr\/185502\/"},"modified":"2025-06-18T09:17:08","modified_gmt":"2025-06-18T09:17:08","slug":"paris-une-enquete-ouverte-pour-harcelement-moral-contre-le-psg-apres-la-plainte-de-kheira-hamraoui","status":"publish","type":"post","link":"https:\/\/www.europesays.com\/fr\/185502\/","title":{"rendered":"Paris. Une enqu\u00eate ouverte pour harc\u00e8lement moral contre le PSG apr\u00e8s la plainte de Kheira Hamraoui"},"content":{"rendered":"<p>            Par<br \/>\n        <strong><br \/>\n            <a href=\"https:\/\/actu.fr\/auteur\/redaction-paris\" title=\"Consulter tous les articles de R\u00e9daction Paris\" target=\"_blank\" rel=\"noopener\">R\u00e9daction Paris<\/a><br \/>\n        <\/strong><\/p>\n<p>        Publi\u00e9 le<\/p>\n<p>            18 juin 2025 \u00e0 10h06        <\/p>\n<p>Un mois apr\u00e8s le d\u00e9p\u00f4t de plainte de <strong>Kheira Hamraoui<\/strong>, une enqu\u00eate a \u00e9t\u00e9 ouverte \u00e0 Paris. Elle vise le <a href=\"https:\/\/actu.fr\/tag\/paris-saint-germain-psg\" target=\"_blank\" rel=\"noopener\">Paris Saint-Germain (PSG)<\/a>, son ancien club de football qu\u2019elle accuse de harc\u00e8lement moral, a indiqu\u00e9 mardi le <a href=\"https:\/\/actu.fr\/tag\/tribunal-de-paris\" target=\"_blank\" rel=\"noopener\">parquet de Paris<\/a>, interrog\u00e9 par l\u2019AFP.<\/p>\n<p>\u00ab\u2009C\u2019est une souffrance immense pour ma cliente\u2009\u00bb<\/p>\n<p class=\" wall-content\">La Brigade de r\u00e9pression de la d\u00e9linquance aux personnes (BRDP) est charg\u00e9e des investigations, selon le minist\u00e8re public.\u00a0<strong>Kheira Hamraoui<\/strong> a \u00e9t\u00e9 agress\u00e9e fin 2021, possiblement sur fond de <a href=\"https:\/\/actu.fr\/ile-de-france\/versailles_78646\/agression-de-la-joueuse-du-psg-kheira-hamraoui-sa-coequipiere-aminata-diallo-remise-en-liberte_53976199.html\" target=\"_blank\" rel=\"noopener\">rivalit\u00e9 avec sa co\u00e9quipi\u00e8re Aminata Diallo<\/a>.<\/p>\n<p class=\" wall-content\">Les investigations \u00e0 Versailles sont closes depuis le 31\u00a0janvier, avec sept personnes mises en examen, <a href=\"https:\/\/actu.fr\/ile-de-france\/paris_75056\/le-paris-sg-secoue-par-l-agression-de-kheira-hamraoui-la-garde-a-vue-d-aminata-diallo-levee_46375568.html\" target=\"_blank\" rel=\"noopener\">dont Aminata Diallo<\/a>. La plaignante, qui n\u2019a pas r\u00e9pondu \u00e0 l\u2019AFP, affirme que le PSG l\u2019a <strong>mise \u00e0 l\u2019\u00e9cart apr\u00e8s sa convalescence<\/strong> afin de l\u2019inciter \u00e0 partir, selon une source proche du dossier.<\/p>\n<p class=\" wall-content\">Parall\u00e8lement, la joueuse, qui a quitt\u00e9 le PSG en juin\u00a02023 et joue d\u00e9sormais \u00e0 <strong>Al-Shabab en Arabie saoudite<\/strong>, a saisi les prud\u2019hommes.<\/p>\n<p class=\" wall-content\">\u00ab\u2009La plainte pour harc\u00e8lement moral de Mme Hamraoui contre le PSG que nous avons d\u00e9pos\u00e9e, est <strong>totalement justifi\u00e9e<\/strong>. Il n\u2019est pas acceptable qu\u2019une joueuse de football soit mise \u00e0 l\u2019\u00e9cart par son club, le PSG, pour des raisons autres que sportives\u2009!\u2009\u00bb, a indiqu\u00e9 son avocat, Me Pascal Garbarini.<\/p>\n<p>Vid\u00e9os : en ce moment sur Actu<\/p>\n<p class=\" wall-content\">\u00ab\u2009C\u2019est une souffrance immense pour ma cliente, qui plus est victime d\u2019une agression, laquelle <strong>attendait un soutien inconditionnel<\/strong> et public de son club plut\u00f4t que des agissements r\u00e9p\u00e9t\u00e9s visant \u00e0 d\u00e9grader sa place de titulaire au sein de l\u2019\u00e9quipe\u2009\u00bb, a ajout\u00e9 le conseil. \u00ab\u2009C\u2019est un signe fort que ce service sp\u00e9cialis\u00e9, la BRDP, s\u2019empare de (ce) cas et plus g\u00e9n\u00e9ralement des atteintes aux conditions de travail des sportives dans le football\u2009\u00bb, s\u2019est-il r\u00e9joui.<\/p>\n<p>Le PSG dans la tourmente<\/p>\n<p class=\" wall-content\">Le PSG n\u2019a pas souhait\u00e9 commenter ces informations, tandis que son avocat, Me Antoine Maisonneuve, n\u2019a pas r\u00e9pondu \u00e0 l\u2019AFP dans l\u2019imm\u00e9diat. Le club parisien est d\u00e9j\u00e0 cibl\u00e9 par d\u2019autres accusations.<\/p>\n<p class=\" wall-content\"><a href=\"https:\/\/actu.fr\/tag\/kylian-mbappe\" target=\"_blank\" rel=\"noopener\">Kylian Mbapp\u00e9<\/a>, attaquant du Real Madrid, a aussi <strong>d\u00e9pos\u00e9 une plainte<\/strong> le 16\u00a0mai visant son ancien club, pour \u00ab\u2009harc\u00e8lement moral et tentative d\u2019extorsion de signature\u2009\u00bb, selon une source proche du dossier.<\/p>\n<p class=\" wall-content\">Une enqu\u00eate est par ailleurs ouverte \u00e0 la BRDP apr\u00e8s <strong>une plainte plus large du syndicat des joueurs fran\u00e7ais<\/strong> UNFP concernant la pratique, r\u00e9currente parmi les clubs, du \u00ab\u2009loft\u2009\u00bb \u2013 une mise \u00e0 l\u2019\u00e9cart.<\/p>\n<p class=\" wall-content\">Le 6\u00a0juin, selon une source proche du dossier, les avocats de l\u2019UNFP, Mes L\u00e9on Del Forno et Julia Minkowski, ont d\u00e9pos\u00e9 une nouvelle plainte pour obtenir qu\u2019un juge d\u2019instruction soit saisi des investigations.\u00a0Une <strong>troisi\u00e8me enqu\u00eate pr\u00e9liminaire<\/strong> est par ailleurs en cours \u00e0 la BRDP sur ce ph\u00e9nom\u00e8ne.<\/p>\n<p class=\" wall-content\">Avec AFP.<\/p>\n<p class=\" wall-content\">Suivez toute l\u2019actualit\u00e9 de vos villes et m\u00e9dias favoris en vous inscrivant \u00e0 <a href=\"https:\/\/moncompte.actu.fr\" title=\"D\u00e9couvez Mon Actu\" rel=\"nofollow noopener\" data-trk=\"{&quot;cta&quot;:{&quot;action&quot;:&quot;https:\\\/\\\/moncompte.actu.fr&quot;,&quot;category&quot;:&quot;mon compte&quot;,&quot;from&quot;:&quot;article footer&quot;,&quot;name&quot;:&quot;Mon actu&quot;,&quot;type&quot;:&quot;cta&quot;}}\" target=\"_blank\">Mon Actu<\/a>.<\/p>\n","protected":false},"excerpt":{"rendered":"Par R\u00e9daction Paris Publi\u00e9 le 18 juin 2025 \u00e0 10h06 Un mois apr\u00e8s le d\u00e9p\u00f4t de plainte de&hellip;\n","protected":false},"author":2,"featured_media":185503,"comment_status":"","ping_status":"","sticky":false,"template":"","format":"standard","meta":{"footnotes":""},"categories":[1888],"tags":[1111,1928,11,1927,1777,674,118,1011,27,303,12,1926,626,1925,2332,25,4595],"class_list":{"0":"post-185502","1":"post","2":"type-post","3":"status-publish","4":"format-standard","5":"has-post-thumbnail","7":"category-paris","8":"tag-actu","9":"tag-actu-paris","10":"tag-actualites","11":"tag-actualites-paris","12":"tag-eu","13":"tag-europe","14":"tag-faits-divers","15":"tag-fr","16":"tag-france","17":"tag-justice","18":"tag-news","19":"tag-news-paris","20":"tag-paris","21":"tag-paris-news","22":"tag-paris-saint-germain-psg","23":"tag-republique-francaise","24":"tag-tribunal-de-paris"},"share_on_mastodon":{"url":"https:\/\/pubeurope.com\/@fr\/114703620053034792","error":""},"_links":{"self":[{"href":"https:\/\/www.europesays.com\/fr\/wp-json\/wp\/v2\/posts\/185502","targetHints":{"allow":["GET"]}}],"collection":[{"href":"https:\/\/www.europesays.com\/fr\/wp-json\/wp\/v2\/posts"}],"about":[{"href":"https:\/\/www.europesays.com\/fr\/wp-json\/wp\/v2\/types\/post"}],"author":[{"embeddable":true,"href":"https:\/\/www.europesays.com\/fr\/wp-json\/wp\/v2\/users\/2"}],"replies":[{"embeddable":true,"href":"https:\/\/www.europesays.com\/fr\/wp-json\/wp\/v2\/comments?post=185502"}],"version-history":[{"count":0,"href":"https:\/\/www.europesays.com\/fr\/wp-json\/wp\/v2\/posts\/185502\/revisions"}],"wp:featuredmedia":[{"embeddable":true,"href":"https:\/\/www.europesays.com\/fr\/wp-json\/wp\/v2\/media\/185503"}],"wp:attachment":[{"href":"https:\/\/www.europesays.com\/fr\/wp-json\/wp\/v2\/media?parent=185502"}],"wp:term":[{"taxonomy":"category","embeddable":true,"href":"https:\/\/www.europesays.com\/fr\/wp-json\/wp\/v2\/categories?post=185502"},{"taxonomy":"post_tag","embeddable":true,"href":"https:\/\/www.europesays.com\/fr\/wp-json\/wp\/v2\/tags?post=185502"}],"curies":[{"name":"wp","href":"https:\/\/api.w.org\/{rel}","templated":true}]}}