{"id":185507,"date":"2025-06-18T09:20:09","date_gmt":"2025-06-18T09:20:09","guid":{"rendered":"https:\/\/www.europesays.com\/fr\/185507\/"},"modified":"2025-06-18T09:20:09","modified_gmt":"2025-06-18T09:20:09","slug":"paris-un-homme-lance-des-bouteilles-sur-un-restaurant-et-sexhibe-devant-des-enfants-depuis-sa-fenetre","status":"publish","type":"post","link":"https:\/\/www.europesays.com\/fr\/185507\/","title":{"rendered":"Paris\u00a0: un homme lance des bouteilles sur un restaurant et s\u2019exhibe devant des enfants depuis sa fen\u00eatre"},"content":{"rendered":"<p class=\"paragraph text_align_left lp-f-body-02\">Une soir\u00e9e cauchemardesque pour les habitants de la rue de la R\u00e9union, dans le <a href=\"https:\/\/www.leparisien.fr\/paris-75\/paris-75020\/\" target=\"_self\" rel=\"nofollow noopener\">XXe arrondissement<\/a> de <a href=\"https:\/\/www.leparisien.fr\/paris-75\/\" target=\"_self\" rel=\"nofollow noopener\">Paris<\/a>. Mardi soir, peu avant 23 heures, un homme fortement alcoolis\u00e9 a sem\u00e9 le chaos depuis la fen\u00eatre de son appartement, situ\u00e9 au deuxi\u00e8me \u00e9tage d\u2019un immeuble de la rue voisine d\u2019Avron, fait savoir une source polici\u00e8re.<\/p>\n<p class=\"paragraph text_align_left lp-f-body-02\">Les faits ont d\u00e9but\u00e9 lorsque l\u2019individu s\u2019est mis \u00e0 lancer des bouteilles en verre en direction d\u2019une enseigne de burgers, situ\u00e9 en face de son domicile. Les projectiles ont caus\u00e9 d\u2019importants d\u00e9g\u00e2ts, brisant deux grandes baies vitr\u00e9es de l\u2019\u00e9tablissement et jonchant la chauss\u00e9e de d\u00e9bris.<\/p>\n<p>Des menaces de viols envers les passants<\/p>\n<p class=\"paragraph text_align_left lp-f-body-02\">Mais l\u2019incident ne s\u2019est pas arr\u00eat\u00e9 l\u00e0. Une m\u00e8re de famille, accompagn\u00e9e de ses deux jeunes enfants, a \u00e9galement \u00e9t\u00e9 prise pour cible par le forcen\u00e9. Plus grave encore, l\u2019homme s\u2019est livr\u00e9 \u00e0 une exhibition sexuelle devant eux, prof\u00e9rant des menaces de viol \u00e0 l\u2019encontre des passants.<\/p>\n<p class=\"paragraph text_align_left lp-f-body-02\">Alert\u00e9e par un attroupement devant le restaurant, la Brigade anticriminalit\u00e9 (BAC) est rapidement intervenue sur place. Face au refus de l\u2019individu d\u2019ouvrir sa porte et \u00e0 ses menaces envers les forces de l\u2019ordre, les policiers ont d\u00fb faire appel \u00e0 une colonne d\u2019effraction. Ce n\u2019est qu\u2019apr\u00e8s avoir forc\u00e9 l\u2019entr\u00e9e que les agents ont pu interpeller le suspect, vers 23h40.<\/p>\n<p class=\"paragraph text_align_left lp-f-body-02\">D\u2019apr\u00e8s la m\u00eame source polici\u00e8re, l\u2019homme \u00e9tait en possession d\u2019un cutter au moment de son interpellation. En \u00e9tat d\u2019\u00e9bri\u00e9t\u00e9, il a imm\u00e9diatement \u00e9t\u00e9 plac\u00e9 en garde \u00e0 vue.<\/p>\n","protected":false},"excerpt":{"rendered":"Une soir\u00e9e cauchemardesque pour les habitants de la rue de la R\u00e9union, dans le XXe arrondissement de Paris.&hellip;\n","protected":false},"author":2,"featured_media":73951,"comment_status":"","ping_status":"","sticky":false,"template":"","format":"standard","meta":{"footnotes":""},"categories":[1888],"tags":[11,1777,674,1011,27,1944,12,626,25],"class_list":{"0":"post-185507","1":"post","2":"type-post","3":"status-publish","4":"format-standard","5":"has-post-thumbnail","7":"category-paris","8":"tag-actualites","9":"tag-eu","10":"tag-europe","11":"tag-fr","12":"tag-france","13":"tag-ma-ville","14":"tag-news","15":"tag-paris","16":"tag-republique-francaise"},"share_on_mastodon":{"url":"https:\/\/pubeurope.com\/@fr\/114703631988927174","error":""},"_links":{"self":[{"href":"https:\/\/www.europesays.com\/fr\/wp-json\/wp\/v2\/posts\/185507","targetHints":{"allow":["GET"]}}],"collection":[{"href":"https:\/\/www.europesays.com\/fr\/wp-json\/wp\/v2\/posts"}],"about":[{"href":"https:\/\/www.europesays.com\/fr\/wp-json\/wp\/v2\/types\/post"}],"author":[{"embeddable":true,"href":"https:\/\/www.europesays.com\/fr\/wp-json\/wp\/v2\/users\/2"}],"replies":[{"embeddable":true,"href":"https:\/\/www.europesays.com\/fr\/wp-json\/wp\/v2\/comments?post=185507"}],"version-history":[{"count":0,"href":"https:\/\/www.europesays.com\/fr\/wp-json\/wp\/v2\/posts\/185507\/revisions"}],"wp:featuredmedia":[{"embeddable":true,"href":"https:\/\/www.europesays.com\/fr\/wp-json\/wp\/v2\/media\/73951"}],"wp:attachment":[{"href":"https:\/\/www.europesays.com\/fr\/wp-json\/wp\/v2\/media?parent=185507"}],"wp:term":[{"taxonomy":"category","embeddable":true,"href":"https:\/\/www.europesays.com\/fr\/wp-json\/wp\/v2\/categories?post=185507"},{"taxonomy":"post_tag","embeddable":true,"href":"https:\/\/www.europesays.com\/fr\/wp-json\/wp\/v2\/tags?post=185507"}],"curies":[{"name":"wp","href":"https:\/\/api.w.org\/{rel}","templated":true}]}}