{"id":18551,"date":"2025-04-11T23:43:54","date_gmt":"2025-04-11T23:43:54","guid":{"rendered":"https:\/\/www.europesays.com\/fr\/18551\/"},"modified":"2025-04-11T23:43:54","modified_gmt":"2025-04-11T23:43:54","slug":"la-police-et-la-crs-82-mobilisees-dans-le-quartier-de-cleunay","status":"publish","type":"post","link":"https:\/\/www.europesays.com\/fr\/18551\/","title":{"rendered":"la police et la CRS 82 mobilis\u00e9es dans le quartier de Cleunay"},"content":{"rendered":"<p>            Par<br \/>\n        <strong><br \/>\n            <a href=\"https:\/\/actu.fr\/auteur\/brian-legoff\" title=\"Consulter tous les articles de Brian Le Goff\" rel=\"nofollow noopener\" target=\"_blank\">Brian Le Goff<\/a><br \/>\n        <\/strong><\/p>\n<p>        Publi\u00e9 le<\/p>\n<p>            10 avr. 2025 \u00e0 15h24        <\/p>\n<p>Cela faisait <strong>plusieurs semaines<\/strong> que la <a href=\"https:\/\/actu.fr\/tag\/police\" rel=\"nofollow noopener\" target=\"_blank\">police<\/a> de Rennes n\u2019avait pas communiqu\u00e9 sur une op\u00e9ration de lutte contre le narcotrafic. Ce jeudi 10 avril, elle a d\u00e9voil\u00e9 qu\u2019une nouvelle action des forces de l\u2019ordre s\u2019est d\u00e9roul\u00e9e dans le quartier de Cleunay \u00e0 <a href=\"https:\/\/actu.fr\/rennes\/\" rel=\"nofollow noopener\" target=\"_blank\">Rennes<\/a>, mercredi 9 avril, apr\u00e8s-midi.<\/p>\n<p class=\" wall-content\"><strong>44 agents<\/strong> du commissariat et des effectifs de la <a href=\"https:\/\/actu.fr\/bretagne\/rennes_35238\/enfant-blesse-par-balle-c-est-quoi-la-crs-82-brigade-nouvelle-generation-envoyee-a-rennes_61792529.html\" rel=\"nofollow noopener\" target=\"_blank\">CRS 82<\/a> ont \u00e9t\u00e9 mobilis\u00e9s.<\/p>\n<p class=\" wall-content\">\n<p class=\" wall-content\">Gr\u00e2ce \u00e0 cette op\u00e9ration, ce sont <strong>pr\u00e8s d\u2019une vingtaine de personnes<\/strong> qui ont \u00e9t\u00e9 prises en charge :<\/p>\n<ul class=\" wall-content\">\n<li>12 guetteurs, dont 10 mineurs ;<\/li>\n<li>quatre acheteurs ;<\/li>\n<li>et un vendeur.<\/li>\n<\/ul>\n<p class=\" wall-content\">Les guetteurs et acheteurs ont \u00e9t\u00e9 auditionn\u00e9s. Le <strong>vendeur est toujours en garde \u00e0 vue<\/strong> ce jeudi 10 avril dans l\u2019apr\u00e8s-midi.\u00a0<\/p>\n<p>Vid\u00e9os : en ce moment sur Actu<\/p>\n<p class=\" wall-content\">Suivez toute l\u2019actualit\u00e9 de vos villes et m\u00e9dias favoris en vous inscrivant \u00e0 <a href=\"https:\/\/moncompte.actu.fr\" title=\"D\u00e9couvez Mon Actu\" rel=\"nofollow noopener\" data-trk=\"{&quot;cta&quot;:{&quot;action&quot;:&quot;https:\\\/\\\/moncompte.actu.fr&quot;,&quot;category&quot;:&quot;mon compte&quot;,&quot;from&quot;:&quot;article footer&quot;,&quot;name&quot;:&quot;Mon actu&quot;,&quot;type&quot;:&quot;cta&quot;}}\" target=\"_blank\">Mon Actu<\/a>.<\/p>\n","protected":false},"excerpt":{"rendered":"Par Brian Le Goff Publi\u00e9 le 10 avr. 2025 \u00e0 15h24 Cela faisait plusieurs semaines que la police&hellip;\n","protected":false},"author":2,"featured_media":18552,"comment_status":"","ping_status":"","sticky":false,"template":"","format":"standard","meta":{"footnotes":""},"categories":[2818],"tags":[1111,11,1052,1777,674,118,1011,27,766,813,12,2636,1072,25],"class_list":{"0":"post-18551","1":"post","2":"type-post","3":"status-publish","4":"format-standard","5":"has-post-thumbnail","7":"category-nantes","8":"tag-actu","9":"tag-actualites","10":"tag-drogue","11":"tag-eu","12":"tag-europe","13":"tag-faits-divers","14":"tag-fr","15":"tag-france","16":"tag-nantes","17":"tag-narcotrafiquants","18":"tag-news","19":"tag-pays-de-la-loire","20":"tag-police","21":"tag-republique-francaise"},"share_on_mastodon":{"url":"https:\/\/pubeurope.com\/@fr\/114321992178834352","error":""},"_links":{"self":[{"href":"https:\/\/www.europesays.com\/fr\/wp-json\/wp\/v2\/posts\/18551","targetHints":{"allow":["GET"]}}],"collection":[{"href":"https:\/\/www.europesays.com\/fr\/wp-json\/wp\/v2\/posts"}],"about":[{"href":"https:\/\/www.europesays.com\/fr\/wp-json\/wp\/v2\/types\/post"}],"author":[{"embeddable":true,"href":"https:\/\/www.europesays.com\/fr\/wp-json\/wp\/v2\/users\/2"}],"replies":[{"embeddable":true,"href":"https:\/\/www.europesays.com\/fr\/wp-json\/wp\/v2\/comments?post=18551"}],"version-history":[{"count":0,"href":"https:\/\/www.europesays.com\/fr\/wp-json\/wp\/v2\/posts\/18551\/revisions"}],"wp:featuredmedia":[{"embeddable":true,"href":"https:\/\/www.europesays.com\/fr\/wp-json\/wp\/v2\/media\/18552"}],"wp:attachment":[{"href":"https:\/\/www.europesays.com\/fr\/wp-json\/wp\/v2\/media?parent=18551"}],"wp:term":[{"taxonomy":"category","embeddable":true,"href":"https:\/\/www.europesays.com\/fr\/wp-json\/wp\/v2\/categories?post=18551"},{"taxonomy":"post_tag","embeddable":true,"href":"https:\/\/www.europesays.com\/fr\/wp-json\/wp\/v2\/tags?post=18551"}],"curies":[{"name":"wp","href":"https:\/\/api.w.org\/{rel}","templated":true}]}}