{"id":185514,"date":"2025-06-18T09:24:09","date_gmt":"2025-06-18T09:24:09","guid":{"rendered":"https:\/\/www.europesays.com\/fr\/185514\/"},"modified":"2025-06-18T09:24:09","modified_gmt":"2025-06-18T09:24:09","slug":"le-plus-grand-pas-en-avant-depuis-60-ans","status":"publish","type":"post","link":"https:\/\/www.europesays.com\/fr\/185514\/","title":{"rendered":"\u201cLe plus grand pas en avant depuis 60 ans\u201d"},"content":{"rendered":"\n<p>\u201cC\u2019est le plus grand pas en avant depuis 60\u00a0ans\u201d, <a class=\"ithalc\" data-ithal=\"lien_externe\" data-ithalc=\"[nav_article]\" target=\"_blank\" href=\"https:\/\/www.theguardian.com\/politics\/2025\/jun\/17\/decriminalisation-abortion-vote-mps\" rel=\"noopener\">applaudit <strong>The Guardian<\/strong><\/a><strong>.<\/strong> Les d\u00e9put\u00e9s britanniques ont vot\u00e9 mardi 17\u00a0juin en faveur de la d\u00e9criminalisation de l\u2019IVG en Angleterre et au pays de Galles, deux nations constitutives du Royaume-Uni. \u201cAu terme d\u2019un d\u00e9bat charg\u00e9 d\u2019\u00e9motion de deux heures, les parlementaires ont opt\u00e9 pour la modification de la loi par 379\u00a0voix pour et 137\u00a0voix contre\u201d, <a class=\"ithalc\" data-ithal=\"lien_externe\" data-ithalc=\"[nav_article]\" target=\"_blank\" href=\"https:\/\/www.thetimes.com\/uk\/politics\/article\/mps-abortion-vote-news-8q2vzbk8b\" rel=\"noopener\">relate <strong>The Times<\/strong><\/a><strong>. <\/strong><\/p>\n<blockquote><p>\u201cLe sujet \u00e9tait consid\u00e9r\u00e9 comme un cas de conscience, les \u00e9lus n\u2019avaient donc aucune obligation de suivre la ligne de leur parti.\u201d<\/p><\/blockquote>\n<p>Dans les faits, presque toute la majorit\u00e9 travailliste s\u2019est prononc\u00e9e en faveur du texte contre seulement quatre votes pour dans les rangs conservateurs et aucun chez les d\u00e9put\u00e9s du parti de droite dure Reform UK. \u201cLes opposants \u00e0 la mesure craignent une augmentation des avortements tardifs\u201d, relaie le quotidien lib\u00e9ral.<\/p>\n<p>Port\u00e9 par la travailliste Tonia Antoniazzi, l\u2019amendement vient combler une br\u00e8che ouverte en 1967. \u00c0 l\u2019\u00e9poque, le gouvernement dirig\u00e9 par le Labour avait d\u00e9p\u00e9nalis\u00e9 l\u2019avortement, sans pour autant abroger le texte de 1861\u00a0relatif \u00e0 la question. \u201cCela voulait dire que l\u2019avortement restait ill\u00e9gal, \u00e9tait autoris\u00e9 jusqu\u2019\u00e0 24\u00a0semaines de grossesse, et au-del\u00e0 si la vie de la m\u00e8re \u00e9tait en danger\u201d, <a class=\"ithalc\" data-ithal=\"lien_externe\" data-ithalc=\"[nav_article]\" target=\"_blank\" href=\"https:\/\/www.mirror.co.uk\/news\/uk-news\/horror-uk-abortion-prosecutions-hospital-35404524\" rel=\"noopener\">indique le tablo\u00efd de gauche <strong>Daily Mirror<\/strong><\/a><strong>.<\/strong><\/p>\n<p>                    <strong>Hausse des poursuites judiciaires<\/strong>       <\/p>\n<p>Avec ce changement l\u00e9gislatif, dont la promulgation devrait intervenir dans les semaines \u00e0 venir, \u201cles femmes qui mettent un terme \u00e0 leur grossesse en dehors des r\u00e8gles fix\u00e9es, c\u2019est-\u00e0-dire au-del\u00e0 de la limite des 24\u00a0semaines ou via l\u2019achat de pilules abortives en ligne, ne seront plus sous la menace d\u2019une arrestation voire d\u2019une peine de prison\u201d, d\u00e9crypte The Guardian.<\/p>\n<blockquote><p>\u201cProvoquer une fausse couche est jusqu\u2019\u00e0 pr\u00e9sent consid\u00e9r\u00e9 comme un crime, dont la peine maximale est la prison \u00e0 vie.\u201d<\/p><\/blockquote>\n<p>En 2023, le cas de Carla Foster, une femme de 44\u00a0ans <a href=\"https:\/\/www.courrierinternational.com\/article\/societe-emprisonnee-pour-un-avortement-tardif-le-cas-de-carla-foster-emeut-le-royaume-uni\" target=\"_blank\" rel=\"noopener\">emprisonn\u00e9e pour un avortement tardif, avait \u00e9mu le pays<\/a>. Ces trois derni\u00e8res ann\u00e9es, compl\u00e8te le Daily Mirror, six femmes ont \u00e9t\u00e9 poursuivies pour des faits similaires, tandis que les forces de l\u2019ordre ont r\u00e9clam\u00e9 l\u2019acc\u00e8s \u00e0 une centaine de dossiers m\u00e9dicaux en raison de soup\u00e7ons quant aux conditions de r\u00e9alisation des IVG.<\/p>\n<p>Avant 2020, pourtant, seules trois femmes avaient \u00e9t\u00e9 poursuivies depuis 1861. Cette bascule, \u201cd\u00e9coule d\u2019une mesure vot\u00e9e pendant le Covid, qui a permis l\u2019envoie \u00e0 domicile des pilules abortives\u201d, analyse The Times. D\u00e9sormais, glisse le journal de Londres, \u201cl\u2019\u00c9cosse, qui dispose de son propre parlement d\u00e9centralis\u00e9, est la derni\u00e8re nation du Royaume-Uni o\u00f9 l\u2019avortement reste criminalis\u00e9\u201d.<\/p>\n","protected":false},"excerpt":{"rendered":"\u201cC\u2019est le plus grand pas en avant depuis 60\u00a0ans\u201d, applaudit The Guardian. Les d\u00e9put\u00e9s britanniques ont vot\u00e9 mardi&hellip;\n","protected":false},"author":2,"featured_media":185515,"comment_status":"","ping_status":"","sticky":false,"template":"","format":"standard","meta":{"footnotes":""},"categories":[1588],"tags":[11,475,1777,674,12,473,1853,1857,1851,1850,1852],"class_list":{"0":"post-185514","1":"post","2":"type-post","3":"status-publish","4":"format-standard","5":"has-post-thumbnail","7":"category-royaume-uni","8":"tag-actualites","9":"tag-avortement","10":"tag-eu","11":"tag-europe","12":"tag-news","13":"tag-royaume-uni","14":"tag-royaume-uni-de-grande-bretagne-et-dirlande-du-nord","15":"tag-sociu00e9tu00e9","16":"tag-uk","17":"tag-united-kingdom","18":"tag-united-kingdom-of-great-britain-and-northern-ireland"},"share_on_mastodon":{"url":"https:\/\/pubeurope.com\/@fr\/114703647685128987","error":""},"_links":{"self":[{"href":"https:\/\/www.europesays.com\/fr\/wp-json\/wp\/v2\/posts\/185514","targetHints":{"allow":["GET"]}}],"collection":[{"href":"https:\/\/www.europesays.com\/fr\/wp-json\/wp\/v2\/posts"}],"about":[{"href":"https:\/\/www.europesays.com\/fr\/wp-json\/wp\/v2\/types\/post"}],"author":[{"embeddable":true,"href":"https:\/\/www.europesays.com\/fr\/wp-json\/wp\/v2\/users\/2"}],"replies":[{"embeddable":true,"href":"https:\/\/www.europesays.com\/fr\/wp-json\/wp\/v2\/comments?post=185514"}],"version-history":[{"count":0,"href":"https:\/\/www.europesays.com\/fr\/wp-json\/wp\/v2\/posts\/185514\/revisions"}],"wp:featuredmedia":[{"embeddable":true,"href":"https:\/\/www.europesays.com\/fr\/wp-json\/wp\/v2\/media\/185515"}],"wp:attachment":[{"href":"https:\/\/www.europesays.com\/fr\/wp-json\/wp\/v2\/media?parent=185514"}],"wp:term":[{"taxonomy":"category","embeddable":true,"href":"https:\/\/www.europesays.com\/fr\/wp-json\/wp\/v2\/categories?post=185514"},{"taxonomy":"post_tag","embeddable":true,"href":"https:\/\/www.europesays.com\/fr\/wp-json\/wp\/v2\/tags?post=185514"}],"curies":[{"name":"wp","href":"https:\/\/api.w.org\/{rel}","templated":true}]}}