{"id":185516,"date":"2025-06-18T09:25:11","date_gmt":"2025-06-18T09:25:11","guid":{"rendered":"https:\/\/www.europesays.com\/fr\/185516\/"},"modified":"2025-06-18T09:25:11","modified_gmt":"2025-06-18T09:25:11","slug":"aucune-reserve-nationale-de-gaz-prevue","status":"publish","type":"post","link":"https:\/\/www.europesays.com\/fr\/185516\/","title":{"rendered":"aucune r\u00e9serve nationale de gaz pr\u00e9vue"},"content":{"rendered":"<p>Depuis la crise \u00e9nerg\u00e9tique provoqu\u00e9e par l\u2019invasion de l\u2019Ukraine par la Russie en 2022, les pays de l\u2019Union europ\u00e9enne ont renforc\u00e9 leur recours au stockage afin de se pr\u00e9munir contre les perturbations d\u2019approvisionnement.<\/p>\n<p>Premier consommateur de gaz d\u2019Europe continentale, l\u2019Allemagne a choisi de ne pas cr\u00e9er de r\u00e9serve nationale.<\/p>\n<p>Le porte-parole du\u00a0minist\u00e8re de l&rsquo;\u00c9conomie affirme que les nouvelles lois imposant aux entreprises de remplir davantage les r\u00e9serves avant l\u2019hiver suffisent \u00e0 assurer la s\u00e9curit\u00e9 \u00e9nerg\u00e9tique, sans intervention directe de l\u2019\u00c9tat.<\/p>\n<p>Malgr\u00e9 une proposition du lobby des pipelines allemands (FNB) en faveur d&rsquo;une r\u00e9serve nationale strat\u00e9gique, le gouvernement maintient sa position, estimant qu\u2019une telle mesure entra\u00eenerait une hausse des co\u00fbts pour les consommateurs.<\/p>\n<p>80 % des r\u00e9serves pleines d\u2019ici novembre<\/p>\n<p>Le nouveau gouvernement de coalition a harmonis\u00e9 les r\u00e8gles nationales avec celles de l\u2019Union Europ\u00e9enne. D\u00e9sormais, les entreprises priv\u00e9es devront remplir leurs r\u00e9serves \u00e0 au moins 80 % d\u2019ici le 1er novembre, contre 90 % exig\u00e9s auparavant.<\/p>\n<p>Plusieurs acteurs sont responsables de ces stockages, notamment Uniper, SEFE, VNG et RWE.<\/p>\n<p class=\"p-empty\">\u00a0<\/p>\n<p>Pour recevoir gratuitement notre newsletter du lundi au vendredi,\u00a0<a href=\"https:\/\/lepetitjournal.com\/newsletter\" target=\"_blank\" rel=\"noopener noreferrer nofollow\">inscrivez-vous<\/a>\u00a0!<br \/>Pour nous suivre sur\u00a0<a href=\"https:\/\/www.facebook.com\/LPJAllemagne\/\" target=\"_blank\" rel=\"noopener noreferrer nofollow\">Facebook<\/a>,\u00a0<a href=\"https:\/\/twitter.com\/LPJ_Allemagne\" target=\"_blank\" rel=\"noopener noreferrer nofollow\">Twitter<\/a>,<a href=\"https:\/\/www.linkedin.com\/company\/lepetitjournal-com-allemagne\" target=\"_blank\" rel=\"nofollow noopener\">\u00a0LinkedIn<\/a>\u00a0et\u00a0<a href=\"https:\/\/www.instagram.com\/lpj_Allemagne\/\" target=\"_blank\" rel=\"noopener noreferrer nofollow\">Instagram<\/a>.<\/p>\n<p>\u00a0<\/p>\n<p><script async src=\"https:\/\/platform.twitter.com\/widgets.js\" charset=\"utf-8\"><\/script><script async src=\"\/\/www.instagram.com\/embed.js\"><\/script><\/p>\n","protected":false},"excerpt":{"rendered":"Depuis la crise \u00e9nerg\u00e9tique provoqu\u00e9e par l\u2019invasion de l\u2019Ukraine par la Russie en 2022, les pays de l\u2019Union&hellip;\n","protected":false},"author":2,"featured_media":185517,"comment_status":"","ping_status":"","sticky":false,"template":"","format":"standard","meta":{"footnotes":""},"categories":[1587],"tags":[11,672,1804,1805,1803,1777,674,1801,12,1802],"class_list":{"0":"post-185516","1":"post","2":"type-post","3":"status-publish","4":"format-standard","5":"has-post-thumbnail","7":"category-allemagne","8":"tag-actualites","9":"tag-allemagne","10":"tag-bundesrepublik-deutschland","11":"tag-de","12":"tag-deutschland","13":"tag-eu","14":"tag-europe","15":"tag-germany","16":"tag-news","17":"tag-republique-federale-dallemagne"},"share_on_mastodon":{"url":"https:\/\/pubeurope.com\/@fr\/114703651715262179","error":""},"_links":{"self":[{"href":"https:\/\/www.europesays.com\/fr\/wp-json\/wp\/v2\/posts\/185516","targetHints":{"allow":["GET"]}}],"collection":[{"href":"https:\/\/www.europesays.com\/fr\/wp-json\/wp\/v2\/posts"}],"about":[{"href":"https:\/\/www.europesays.com\/fr\/wp-json\/wp\/v2\/types\/post"}],"author":[{"embeddable":true,"href":"https:\/\/www.europesays.com\/fr\/wp-json\/wp\/v2\/users\/2"}],"replies":[{"embeddable":true,"href":"https:\/\/www.europesays.com\/fr\/wp-json\/wp\/v2\/comments?post=185516"}],"version-history":[{"count":0,"href":"https:\/\/www.europesays.com\/fr\/wp-json\/wp\/v2\/posts\/185516\/revisions"}],"wp:featuredmedia":[{"embeddable":true,"href":"https:\/\/www.europesays.com\/fr\/wp-json\/wp\/v2\/media\/185517"}],"wp:attachment":[{"href":"https:\/\/www.europesays.com\/fr\/wp-json\/wp\/v2\/media?parent=185516"}],"wp:term":[{"taxonomy":"category","embeddable":true,"href":"https:\/\/www.europesays.com\/fr\/wp-json\/wp\/v2\/categories?post=185516"},{"taxonomy":"post_tag","embeddable":true,"href":"https:\/\/www.europesays.com\/fr\/wp-json\/wp\/v2\/tags?post=185516"}],"curies":[{"name":"wp","href":"https:\/\/api.w.org\/{rel}","templated":true}]}}