{"id":185518,"date":"2025-06-18T09:26:09","date_gmt":"2025-06-18T09:26:09","guid":{"rendered":"https:\/\/www.europesays.com\/fr\/185518\/"},"modified":"2025-06-18T09:26:09","modified_gmt":"2025-06-18T09:26:09","slug":"en-presence-de-jean-marc-morandini-a-lantenne-europe-1-oblige-disoler-ses-stagiaires-de-seconde-liberation","status":"publish","type":"post","link":"https:\/\/www.europesays.com\/fr\/185518\/","title":{"rendered":"En pr\u00e9sence de Jean-Marc Morandini \u00e0 l\u2019antenne, Europe 1 oblig\u00e9 d\u2019isoler ses stagiaires de seconde \u2013 Lib\u00e9ration"},"content":{"rendered":"<p class=\"sc-ksZaOG ehjQrN text-element\">Que faire de ses stagiaires de lyc\u00e9e lorsqu\u2019un d\u00e9linquant sexuel se trouve \u00eatre un salari\u00e9 de la r\u00e9daction ? Ce n\u2019est pas le d\u00e9but d\u2019une mauvaise blague mais bien la question \u00e0 laquelle doit r\u00e9pondre Europe 1 depuis qu\u2019elle a rouvert ses portes \u00e0 Jean-Marc Morandini. Cette semaine, la station accueille des stagiaires de secondes, tandis que <a href=\"https:\/\/www.liberation.fr\/economie\/medias\/condamne-pour-corruption-de-mineurs-jean-marc-morandini-fait-pourtant-son-retour-ce-vendredi-sur-lantenne-deurope-1-20250606_SVVRVUWQ5RGJTPCVWJEWIWFRQA\/?redirected=1\" target=\"_blank\" rel=\"noreferrer noopener\" title=\"https:\/\/www.liberation.fr\/economie\/medias\/condamne-pour-corruption-de-mineurs-jean-marc-morandini-fait-pourtant-son-retour-ce-vendredi-sur-lantenne-deurope-1-20250606_SVVRVUWQ5RGJTPCVWJEWIWFRQA\/?redirected=1\">l\u2019animateur a fait son retour dans les locaux de la station<\/a> vendredi 6 juin, comme joker de Cyril Hanouna. Ce qui ne devait \u00eatre qu\u2019une pige occasionnelle s\u2019est transform\u00e9 en remplacement prolong\u00e9, l\u2019animateur de Touche pas \u00e0 mon poste \u00e9tant absent pour \u00abraisons personnelles\u00bb.<\/p>\n<p class=\"sc-ksZaOG ehjQrN text-element\">Mardi, le journaliste \u00e9tait \u00e0 nouveau \u00e0 la t\u00eate de l\u2019\u00e9mission On marche sur la t\u00eate. Une inqui\u00e9tude pour les parents des stagiaires et les salari\u00e9s de la r\u00e9daction alors que le journaliste a \u00e9t\u00e9 condamn\u00e9, en appel, \u00e0 deux ans de prison avec sursis et 20 000 euros d\u2019amende pour corruption de mineurs. Une peine assortie d\u2019une inscription aux fichiers des auteurs d\u2019infractions sexuelles et d\u2019une interdiction d\u2019exercer une profession en contact avec des mineurs.<\/p>\n<p class=\"sc-ksZaOG ehjQrN text-element\">Europe 1, <a href=\"https:\/\/www.liberation.fr\/idees-et-debats\/tribunes\/europe-1-que-fait-larcom-pour-sopposer-a-la-mort-dune-chaine-generaliste-20240711_UVWMWXVW6ZBW5HMHVS5K4CQ3JI\/\" target=\"_blank\" rel=\"noreferrer noopener\" title=\"https:\/\/www.liberation.fr\/idees-et-debats\/tribunes\/europe-1-que-fait-larcom-pour-sopposer-a-la-mort-dune-chaine-generaliste-20240711_UVWMWXVW6ZBW5HMHVS5K4CQ3JI\/\">dans le giron du milliardaire breton Vincent Bollor\u00e9 depuis 2021<\/a>, a trouv\u00e9 la solution au casse-t\u00eate : installer les stagiaires de secondes dans une salle de l\u2019entresol. Une d\u00e9cision annonc\u00e9e par le comit\u00e9 social de l\u2019entreprise (CSE), dimanche 15 juin, qui s\u2019\u00e9tait renseign\u00e9 aupr\u00e8s de la direction sur les \u00abmesures prises\u00bb pour permettre la cohabitation entre les stagiaires et Jean-Marc Morandini. \u00abIl nous a \u00e9t\u00e9 r\u00e9pondu en d\u00e9but d\u2019apr\u00e8s-midi que ces stagiaires seront plac\u00e9s sous la responsabilit\u00e9 de tuteurs. [\u2026] Ils seront install\u00e9s en salle \u201cTropicale\u201d \u00e0 l\u2019\u00e9tage 0 avec diff\u00e9rents ateliers par jour. Une visite des studios sera effectu\u00e9e demain matin\u00bb, d\u00e9taille le mail envoy\u00e9 \u00e0 tous les salari\u00e9s.<\/p>\n<p class=\"sc-ksZaOG ehjQrN text-element\">La direction s\u2019est donc assur\u00e9e que les lyc\u00e9ens ne croisent pas Jean-Marc Morandini lors de leur visite matinale, alors que l\u2019\u00e9mission qu\u2019il pr\u00e9sente est diffus\u00e9e de 16 heures \u00e0 18 heures. Selon un salari\u00e9 du groupe, les d\u00e9l\u00e9gu\u00e9s syndicaux ont eu \u00abl\u2019assurance que Morandini ne serait pas en contact des stagiaires\u00bb lors d\u2019une r\u00e9union organis\u00e9e avec Arnaud Lagard\u00e8re, vice-pr\u00e9sident de Louis Hachette Group, qui poss\u00e8de Europe 1. \u00abOn planque les enfants, mais pas les d\u00e9linquants sexuels\u00bb, a grinc\u00e9 un salari\u00e9 aupr\u00e8s de Mediapart.<\/p>\n<p class=\"sc-ksZaOG ehjQrN text-element\">Arriv\u00e9 en 2003 dans la station de radio, le journaliste en avait \u00e9t\u00e9 renvoy\u00e9 en juillet 2016 apr\u00e8s <a href=\"https:\/\/www.liberation.fr\/futurs\/2016\/07\/19\/morandini-non-mais-hallu-quoi_1467255\/\" target=\"_blank\" rel=\"noopener\" title=\"https:\/\/www.liberation.fr\/futurs\/2016\/07\/19\/morandini-non-mais-hallu-quoi_1467255\/\">des r\u00e9v\u00e9lations des Inrockuptibles<\/a>. <a href=\"https:\/\/www.lesinrocks.com\/actu\/enquete-pratiques-de-jean-marc-morandini-67053-12-07-2016\/\" target=\"_blank\" rel=\"noopener\" title=\"https:\/\/www.lesinrocks.com\/actu\/enquete-pratiques-de-jean-marc-morandini-67053-12-07-2016\/\">L\u2019enqu\u00eate sur \u00ables pratiques de Jean-Marc Morandini\u00bb<\/a> d\u00e9crivait comment l\u2019animateur profitait d\u2019un casting pour une webs\u00e9rie sur le quotidien d\u2019une \u00e9quipe de foot les Faucons, qu\u2019il produisait, pour demander \u00e0 des acteurs de se d\u00e9nuder. Entre 2013 et 2016, il lui est reproch\u00e9 d\u2019avoir envoy\u00e9 des messages \u00e0 connotation sexuelle \u00e0 deux jeunes de 15 ans. Il avait entrepris le premier sur des sc\u00e9narios sexuels et demand\u00e9 au second de lui envoyer une photo d\u00e9nud\u00e9e. Le pr\u00e9sentateur avait aussi demand\u00e9, en 2009, \u00e0 un adolescent de 16 ans de se d\u00e9nuder et de se masturber lors d\u2019une audition, pour un film, produit par sa bo\u00eete de production, qui n\u2019a jamais vu le jour. Condamn\u00e9 dans les deux affaires \u00e0 de la prison avec sursis, Jean-Marc Morandini a annonc\u00e9 qu\u2019il comptait se pourvoir en cassation.<\/p>\n","protected":false},"excerpt":{"rendered":"Que faire de ses stagiaires de lyc\u00e9e lorsqu\u2019un d\u00e9linquant sexuel se trouve \u00eatre un salari\u00e9 de la r\u00e9daction&hellip;\n","protected":false},"author":2,"featured_media":185519,"comment_status":"","ping_status":"","sticky":false,"template":"","format":"standard","meta":{"footnotes":""},"categories":[1586],"tags":[11,1083,1777,674,1473,1011,27,12,25,1022],"class_list":{"0":"post-185518","1":"post","2":"type-post","3":"status-publish","4":"format-standard","5":"has-post-thumbnail","7":"category-europe","8":"tag-actualites","9":"tag-cyril-hanouna","10":"tag-eu","11":"tag-europe","12":"tag-europe-1","13":"tag-fr","14":"tag-france","15":"tag-news","16":"tag-republique-francaise","17":"tag-vincent-bollore"},"share_on_mastodon":{"url":"https:\/\/pubeurope.com\/@fr\/114703655585380208","error":""},"_links":{"self":[{"href":"https:\/\/www.europesays.com\/fr\/wp-json\/wp\/v2\/posts\/185518","targetHints":{"allow":["GET"]}}],"collection":[{"href":"https:\/\/www.europesays.com\/fr\/wp-json\/wp\/v2\/posts"}],"about":[{"href":"https:\/\/www.europesays.com\/fr\/wp-json\/wp\/v2\/types\/post"}],"author":[{"embeddable":true,"href":"https:\/\/www.europesays.com\/fr\/wp-json\/wp\/v2\/users\/2"}],"replies":[{"embeddable":true,"href":"https:\/\/www.europesays.com\/fr\/wp-json\/wp\/v2\/comments?post=185518"}],"version-history":[{"count":0,"href":"https:\/\/www.europesays.com\/fr\/wp-json\/wp\/v2\/posts\/185518\/revisions"}],"wp:featuredmedia":[{"embeddable":true,"href":"https:\/\/www.europesays.com\/fr\/wp-json\/wp\/v2\/media\/185519"}],"wp:attachment":[{"href":"https:\/\/www.europesays.com\/fr\/wp-json\/wp\/v2\/media?parent=185518"}],"wp:term":[{"taxonomy":"category","embeddable":true,"href":"https:\/\/www.europesays.com\/fr\/wp-json\/wp\/v2\/categories?post=185518"},{"taxonomy":"post_tag","embeddable":true,"href":"https:\/\/www.europesays.com\/fr\/wp-json\/wp\/v2\/tags?post=185518"}],"curies":[{"name":"wp","href":"https:\/\/api.w.org\/{rel}","templated":true}]}}