{"id":185523,"date":"2025-06-18T09:29:09","date_gmt":"2025-06-18T09:29:09","guid":{"rendered":"https:\/\/www.europesays.com\/fr\/185523\/"},"modified":"2025-06-18T09:29:09","modified_gmt":"2025-06-18T09:29:09","slug":"lfi-pret-a-deposer-une-motion-de-censure-la-semaine-prochaine","status":"publish","type":"post","link":"https:\/\/www.europesays.com\/fr\/185523\/","title":{"rendered":"LFI pr\u00eat \u00e0 d\u00e9poser une motion de censure la semaine prochaine"},"content":{"rendered":"<p>Comme un d\u00e9put\u00e9 ne peut pas signer plus de trois motions de censure (hors 49-3), le parti devra cependant trouver l\u2019appui d\u2019une vingtaine de membres d\u2019autres groupes pour atteindre le quorum requis des 58 signataires.<\/p>\n<p class=\"fig-paragraph\">LFI compte d\u00e9poser la semaine prochaine une motion de censure contre le gouvernement \u00e0 l&rsquo;issue de la derni\u00e8re r\u00e9union entre partenaires sociaux sur la r\u00e9forme des retraites, a indiqu\u00e9 ce mercredi leur coordinateur national\u00a0<a href=\"http:\/\/www.lefigaro.fr\/presidentielle-2027-manuel-bompard-lfi-ferme-la-porte-a-une-primaire-de-la-gauche-20250525\" target=\"_blank\" data-fig-type=\"Article\" rel=\"noopener\" data-gtm-custom-categorie=\"navigation\" data-gtm-custom-action=\"crossclick\" data-gtm-custom-label=\"Contextuel\" data-gtm-event=\"customEventSPE\" data-fig-domain=\"LEFIGARO\">Manuel Bompard<\/a>.<\/p>\n<p class=\"fig-paragraph\">\u00ab\u00c0 partir du moment o\u00f9 ce conclave n&rsquo;aboutit pas sur l&rsquo;abrogation de la\u00a0<a href=\"http:\/\/www.lefigaro.fr\/conjoncture\/reforme-des-retraites-la-patronne-de-la-cfdt-appelle-emmanuel-macron-a-dire-j-accepte-de-m-etre-trompe-20250513\" target=\"_blank\" data-fig-type=\"NewsFlash\" rel=\"noopener\" data-gtm-custom-categorie=\"navigation\" data-gtm-custom-action=\"crossclick\" data-gtm-custom-label=\"Contextuel\" data-gtm-event=\"customEventSPE\" data-fig-domain=\"LEFIGARO\">r\u00e9forme des retraites<\/a> , nous d\u00e9poserons une motion de censure (&#8230;) Si lundi soir, ses travaux se terminent sans accord ou avec un accord qui ne contient pas l&rsquo;abrogation de la r\u00e9forme, on aura une motion de censure pour la fin de la semaine\u00bb, a d\u00e9clar\u00e9 Manuel Bompard sur RTL.<\/p>\n<p class=\"fig-body-link\">\n            \u00c0 lire aussi<br \/>\n        <a class=\"fig-body-link__link fig-premium-mark\" href=\"http:\/\/www.lefigaro.fr\/social\/retraite-a-quel-age-partent-vraiment-les-francais-20250617\" data-fig-type=\"NewsFlash\" data-gtm-custom-categorie=\"navigation\" data-gtm-custom-action=\"crossclick\" data-gtm-custom-label=\"Contextuel\" data-gtm-event=\"customEventSPE\" data-fig-domain=\"LEFIGARO\" target=\"_blank\" rel=\"noopener\">Retraite\u00a0: \u00e0 quel \u00e2ge partent vraiment les Fran\u00e7ais\u00a0?<br \/>\n    <\/a>\n<\/p>\n<p>Six motions de censure d\u00e9j\u00e0 d\u00e9pos\u00e9es au total<\/p>\n<p class=\"fig-paragraph\">Comme un d\u00e9put\u00e9 ne peut pas signer plus de trois motions de censure (hors 49-3), LFI devra cependant trouver l&rsquo;appui d&rsquo;une vingtaine de membres d&rsquo;autres groupes pour atteindre le quorum requis des 58 signataires. LFI proposera \u00ab\u00e0 toutes celles et ceux \u00e0 gauche qui veulent la d\u00e9poser avec nous de la d\u00e9poser ensemble\u00bb, a indiqu\u00e9 Manuel Bompard.<\/p>\n<p class=\"fig-paragraph\">\u00abOn a d\u00e9j\u00e0 d\u00e9pos\u00e9 six motions de censure contre le gouvernement de Fran\u00e7ois Bayrou. Pour l&rsquo;instant, le Parti socialiste n&rsquo;en a vot\u00e9 aucune. Donc, s&rsquo;il change d&rsquo;avis, j&rsquo;en serais le premier heureux\u00bb, a-t-il ironis\u00e9. Manuel Bompard a de nouveau exig\u00e9 des excuses du premier secr\u00e9taire du PS,\u00a0<a href=\"http:\/\/www.lefigaro.fr\/politique\/a-nancy-olivier-faure-veut-reunifier-le-parti-socialiste-20250613\" target=\"_blank\" data-fig-type=\"Article\" rel=\"noopener\" data-gtm-custom-categorie=\"navigation\" data-gtm-custom-action=\"crossclick\" data-gtm-custom-label=\"Contextuel\" data-gtm-event=\"customEventSPE\" data-fig-domain=\"LEFIGARO\">Olivier Faure<\/a>, pour les propos tenus par le d\u00e9put\u00e9 J\u00e9rome Guedj sur Jean-Luc M\u00e9lenchon qualifi\u00e9 de \u00absalopard antis\u00e9mite\u00bb.<\/p>\n<p class=\"fig-paragraph\">Si Olivier Faure \u00abconsid\u00e8re que ce type de propos comme un mode de relation normal entre les formations politiques \u00e0 gauche, tout le monde comprendra que dans ce cas-l\u00e0, c&rsquo;est impossible de travailler avec le Parti socialiste. Qu&rsquo;il pr\u00e9sente des excuses parce que sinon \u00e7a veut dire que c&rsquo;est la ligne du Parti socialiste\u00bb, a jug\u00e9 Manuel Bompard.<\/p>\n","protected":false},"excerpt":{"rendered":"Comme un d\u00e9put\u00e9 ne peut pas signer plus de trois motions de censure (hors 49-3), le parti devra&hellip;\n","protected":false},"author":2,"featured_media":185524,"comment_status":"","ping_status":"","sticky":false,"template":"","format":"standard","meta":{"footnotes":""},"categories":[2],"tags":[11,426,427,9006,422,423,1011,27,418,424,425,780,420,421,12,419,316,429,25,9910,428],"class_list":{"0":"post-185523","1":"post","2":"type-post","3":"status-publish","4":"format-standard","5":"has-post-thumbnail","7":"category-actualites","8":"tag-actualites","9":"tag-candidat","10":"tag-candidats","11":"tag-censure","12":"tag-depute","13":"tag-deputes","14":"tag-fr","15":"tag-france","16":"tag-gouvernement","17":"tag-institution","18":"tag-institutions","19":"tag-lfi","20":"tag-loi","21":"tag-lois","22":"tag-news","23":"tag-opposition","24":"tag-politique","25":"tag-ps","26":"tag-republique-francaise","27":"tag-retraites","28":"tag-ump"},"share_on_mastodon":{"url":"https:\/\/pubeurope.com\/@fr\/114703667248405036","error":""},"_links":{"self":[{"href":"https:\/\/www.europesays.com\/fr\/wp-json\/wp\/v2\/posts\/185523","targetHints":{"allow":["GET"]}}],"collection":[{"href":"https:\/\/www.europesays.com\/fr\/wp-json\/wp\/v2\/posts"}],"about":[{"href":"https:\/\/www.europesays.com\/fr\/wp-json\/wp\/v2\/types\/post"}],"author":[{"embeddable":true,"href":"https:\/\/www.europesays.com\/fr\/wp-json\/wp\/v2\/users\/2"}],"replies":[{"embeddable":true,"href":"https:\/\/www.europesays.com\/fr\/wp-json\/wp\/v2\/comments?post=185523"}],"version-history":[{"count":0,"href":"https:\/\/www.europesays.com\/fr\/wp-json\/wp\/v2\/posts\/185523\/revisions"}],"wp:featuredmedia":[{"embeddable":true,"href":"https:\/\/www.europesays.com\/fr\/wp-json\/wp\/v2\/media\/185524"}],"wp:attachment":[{"href":"https:\/\/www.europesays.com\/fr\/wp-json\/wp\/v2\/media?parent=185523"}],"wp:term":[{"taxonomy":"category","embeddable":true,"href":"https:\/\/www.europesays.com\/fr\/wp-json\/wp\/v2\/categories?post=185523"},{"taxonomy":"post_tag","embeddable":true,"href":"https:\/\/www.europesays.com\/fr\/wp-json\/wp\/v2\/tags?post=185523"}],"curies":[{"name":"wp","href":"https:\/\/api.w.org\/{rel}","templated":true}]}}