{"id":18553,"date":"2025-04-11T23:44:21","date_gmt":"2025-04-11T23:44:21","guid":{"rendered":"https:\/\/www.europesays.com\/fr\/18553\/"},"modified":"2025-04-11T23:44:21","modified_gmt":"2025-04-11T23:44:21","slug":"le-musee-darts-de-nantes-electrise-par-lop-art","status":"publish","type":"post","link":"https:\/\/www.europesays.com\/fr\/18553\/","title":{"rendered":"Le mus\u00e9e d&rsquo;Arts de Nantes \u00e9lectris\u00e9 par l&rsquo;Op art"},"content":{"rendered":"<p class=\"editor-content__paragraph\">Tranchant sur le blanc des cimaises, des<strong> jeux de cercles et de carr\u00e9s de couleurs vives<\/strong>, imbriqu\u00e9s, r\u00e9p\u00e9t\u00e9s et d\u00e9multipli\u00e9s, \u00e9lectrisent l\u2019\u0153il. En dialogue, des <strong>sculptures faites d\u2019\u00e9l\u00e9ments g\u00e9om\u00e9triques<\/strong> en inox refl\u00e8tent leurs teintes acides. Con\u00e7ues comme de pi\u00e8ges visuels, ces \u0153uvres taquinent sans cesse notre perception, si bien qu\u2019on ne sait plus distinguer le plat du tridimensionnel, le mouvant du statique, le reflet de la r\u00e9alit\u00e9\u2026 Bienvenue dans le monde de l\u2019<strong><a href=\"https:\/\/www.beauxarts.com\/grand-format\/lop-art-en-3-minutes\/\" target=\"_blank\" rel=\"noopener\">Op art<\/a> <\/strong>!<\/p>\n<p class=\"editor-content__paragraph\">Con\u00e7ue en partenariat avec le Buffalo AKG Art Museum (\u00c9tat de New York) et nourrie de nombreux pr\u00eats prestigieux, notamment du Centre Pompidou, cette exposition pr\u00e9sent\u00e9e par le <strong>mus\u00e9e d\u2019Arts de Nantes<\/strong> rassemble <strong>plus de 80\u00a0peintures, dessins, sculptures<\/strong> et installations num\u00e9riques. Divis\u00e9e en sections th\u00e9matiques (la r\u00e9p\u00e9tition, le pixel\u2026), elle retrace <strong>60\u00a0ans d\u2019histoire de l\u2019art optique<\/strong> (dit \u00ab\u00a0Optical art\u00a0\u00bb ou \u00ab\u00a0Op art\u00a0\u00bb aux \u00c9tats-Unis), de sa naissance dans les ann\u00e9es 1960 \u00e0 son influence plus r\u00e9cente.<\/p>\n<p>    <img loading=\"lazy\" decoding=\"async\" class=\"image__img\" src=\"https:\/\/www.europesays.com\/fr\/wp-content\/uploads\/2025\/04\/web2025_04_03_expo_electricop_cc_012-964x643.jpg\" alt=\"Vue de l\u2019exposition \u00ab\u00a0Electric Op. De l\u2019art optique \u00e0 l\u2019art num\u00e9rique\u00a0\u00bb au mus\u00e9e d\u2019arts de Nantes, 2025\" width=\"964\" height=\"643\"\/><\/p>\n<p>Vue de l\u2019exposition \u00ab\u00a0Electric Op. De l\u2019art optique \u00e0 l\u2019art num\u00e9rique\u00a0\u00bb au mus\u00e9e d\u2019arts de Nantes, 2025<\/p>\n<p>    i<\/p>\n<p class=\"legende__cartel\">\u00a9 Muse\u0301e d\u2019arts de Nantes \/ photo C. Clos<\/p>\n<blockquote class=\"editor-content__blockquote editor-content__blockquote--align-left\">\n<p>\u00ab\u00a0Le mouvement est le principe m\u00eame de l\u2019art optique. Les \u0153uvres d\u2019Op art sont con\u00e7ues pour \u00eatre des exp\u00e9riences \u00e0 vivre.\u00a0\u00bb<\/p>\n<p>Salom\u00e9 van Eynde<\/p>\n<\/blockquote>\n<p class=\"editor-content__paragraph editor-content__paragraph--is-hidden\">\u00ab\u00a0La <strong>perception humaine<\/strong> est le principal terrain de jeu de ces artistes, qui essaient de comprendre comment les nouvelles technologies, comme l\u2019ordinateur et la t\u00e9l\u00e9vision, peuvent la modifier. Cet <strong>art abstrait g\u00e9om\u00e9trique<\/strong> a pris les le\u00e7ons de l\u2019art moderne pour les r\u00e9adapter <strong>\u00e0 l\u2019aune de ces nouveaux outils<\/strong> de communication\u00a0\u00bb, explique Salom\u00e9 van Eynde, commissaire scientifique et charg\u00e9e d\u2019expositions au mus\u00e9e d\u2019arts de Nantes.<\/p>\n<p>            <strong>Continuez votre lecture<\/strong><\/p>\n<p>\n                et acc\u00e9dez \u00e0 Beaux Arts Magazine<br \/>et \u00e0 tous les contenus web<br \/><strong>en illimit\u00e9 \u00e0 partir de 5,75\u20ac \/ mois<\/strong>\n            <\/p>\n<p class=\"cta-abonnement__log-in\">\n        D\u00e9j\u00e0 abonn\u00e9 ?        <a data-id=\"aHR0cHM6Ly93d3cuYmVhdXhhcnRzLmNvbS9tb24tY29tcHRlLw==\">Connectez-vous<\/a>\n    <\/p>\n<p>            <img data-vllblanksrc=\"https:\/\/www.beauxarts.com\/expos\/lop-art-electrise-au-musee-darts-de-nantes\/1\" data-vllsrc=\"https:\/\/www.europesays.com\/fr\/wp-content\/uploads\/2025\/04\/couv-bam-490-232x300.png\" alt=\"\"\/><img data-vllblanksrc=\"https:\/\/www.beauxarts.com\/expos\/lop-art-electrise-au-musee-darts-de-nantes\/1\" data-vllsrc=\"https:\/\/www.europesays.com\/fr\/wp-content\/uploads\/2025\/04\/couv-bam-489-232x300.png\" alt=\"\"\/>        <\/p>\n","protected":false},"excerpt":{"rendered":"Tranchant sur le blanc des cimaises, des jeux de cercles et de carr\u00e9s de couleurs vives, imbriqu\u00e9s, r\u00e9p\u00e9t\u00e9s&hellip;\n","protected":false},"author":2,"featured_media":18554,"comment_status":"","ping_status":"","sticky":false,"template":"","format":"standard","meta":{"footnotes":""},"categories":[2818],"tags":[1111,11,1396,1777,674,1011,27,7346,766,12,2636,25],"class_list":{"0":"post-18553","1":"post","2":"type-post","3":"status-publish","4":"format-standard","5":"has-post-thumbnail","7":"category-nantes","8":"tag-actu","9":"tag-actualites","10":"tag-art-contemporain","11":"tag-eu","12":"tag-europe","13":"tag-fr","14":"tag-france","15":"tag-musee-darts-de-nantes","16":"tag-nantes","17":"tag-news","18":"tag-pays-de-la-loire","19":"tag-republique-francaise"},"share_on_mastodon":{"url":"https:\/\/pubeurope.com\/@fr\/114321992285061104","error":""},"_links":{"self":[{"href":"https:\/\/www.europesays.com\/fr\/wp-json\/wp\/v2\/posts\/18553","targetHints":{"allow":["GET"]}}],"collection":[{"href":"https:\/\/www.europesays.com\/fr\/wp-json\/wp\/v2\/posts"}],"about":[{"href":"https:\/\/www.europesays.com\/fr\/wp-json\/wp\/v2\/types\/post"}],"author":[{"embeddable":true,"href":"https:\/\/www.europesays.com\/fr\/wp-json\/wp\/v2\/users\/2"}],"replies":[{"embeddable":true,"href":"https:\/\/www.europesays.com\/fr\/wp-json\/wp\/v2\/comments?post=18553"}],"version-history":[{"count":0,"href":"https:\/\/www.europesays.com\/fr\/wp-json\/wp\/v2\/posts\/18553\/revisions"}],"wp:featuredmedia":[{"embeddable":true,"href":"https:\/\/www.europesays.com\/fr\/wp-json\/wp\/v2\/media\/18554"}],"wp:attachment":[{"href":"https:\/\/www.europesays.com\/fr\/wp-json\/wp\/v2\/media?parent=18553"}],"wp:term":[{"taxonomy":"category","embeddable":true,"href":"https:\/\/www.europesays.com\/fr\/wp-json\/wp\/v2\/categories?post=18553"},{"taxonomy":"post_tag","embeddable":true,"href":"https:\/\/www.europesays.com\/fr\/wp-json\/wp\/v2\/tags?post=18553"}],"curies":[{"name":"wp","href":"https:\/\/api.w.org\/{rel}","templated":true}]}}