{"id":185530,"date":"2025-06-18T09:33:09","date_gmt":"2025-06-18T09:33:09","guid":{"rendered":"https:\/\/www.europesays.com\/fr\/185530\/"},"modified":"2025-06-18T09:33:09","modified_gmt":"2025-06-18T09:33:09","slug":"beziers-a-trouve-le-successeur-de-pierre-caillet","status":"publish","type":"post","link":"https:\/\/www.europesays.com\/fr\/185530\/","title":{"rendered":"B\u00e9ziers a trouv\u00e9 le successeur de Pierre Caillet ?"},"content":{"rendered":"<p>Septi\u00e8me de <a href=\"https:\/\/www.xvovalie.com\/pro-d2\/\" target=\"_blank\" rel=\"noopener\">Pro D2<\/a> \u00e0 l\u2019issue de la saison, <strong><a href=\"https:\/\/www.xvovalie.com\/tag\/asbh\/\" target=\"_blank\" rel=\"noopener\">B\u00e9ziers<\/a> n\u2019a pas eu la chance de conna\u00eetre les phases finales<\/strong>. Malgr\u00e9 \u00e7a, l\u2019ASBH restait sur des saisons convaincantes, port\u00e9e par des joueurs de classe et un entra\u00eeneur, Pierre Caillet, qui a su tirer la quintessence de son groupe. Pourtant, <strong>les nouveaux dirigeants bitterois ont d\u00e9cid\u00e9 de se s\u00e9parer du manager du club<\/strong>, quitte \u00e0 se mettre le vestiaire \u00e0 dos.<\/p>\n<p>Pour rappel, les joueurs s\u2019\u00e9taient plaints de l\u2019\u00e9viction de leur entra\u00eeneur dans une lettre ouverte publi\u00e9e sur les r\u00e9seaux. Cela n\u2019a rien chang\u00e9 et <strong>le club h\u00e9raultais est \u00e0 la recherche d\u2019un nouvel homme fort pour la saison prochaine<\/strong>.<\/p>\n<p>Rory Teague une question de temps ? <\/p>\n<p>Selon Midi Olympique, <strong>le successeur de Caillet pourrait se nommer Rory Teague<\/strong>. Les dirigeants bitterois ont dans un premier temps sond\u00e9 David Gerard, mais ce dernier, s\u00e9lectionneur de la <a data-ilj-link-preview=\"true\" data-featured-image=\"\" data-excerpt=\"La Roumanie a une longue histoire de rugby, remontant \u00e0 la fin du XIXe si\u00e8cle. Au fil des ans, l&#039;\u00e9quipe nationale roumaine a connu des hauts et des bas, mais elle est toujours rest\u00e9e un adversaire redoutable pour les \u00e9quipes europ\u00e9ennes les plus fortes. La Roumanie a \u00e9galement une ligue nationale de rugby bien \u00e9tablie,\u2026\" href=\"https:\/\/www.xvovalie.com\/roumanie\/\" target=\"_blank\" rel=\"noopener\">Roumanie<\/a> et li\u00e9 avec la f\u00e9d\u00e9ration jusqu\u2019en <a href=\"https:\/\/www.xvovalie.com\/tag\/coupe-du-monde-de-rugby-2027\/\" target=\"_blank\" rel=\"noopener\">2027<\/a>, <strong>a d\u00e9clin\u00e9 l\u2019offre h\u00e9raultaise<\/strong>.<\/p>\n<p>C\u2019est donc, toujours d\u2019apr\u00e8s les \u00e9chos du bihebdomadaire, <strong>vers Rory Teague que l\u2019ASBH s\u2019est tourn\u00e9e<\/strong>. L\u2019Anglais a l\u2019avantage de bien conna\u00eetre la <a data-ilj-link-preview=\"true\" data-featured-image=\"\" data-excerpt=\"Depuis des d\u00e9cennies, ce sport a \u00e9t\u00e9 au c\u0153ur de nombreux \u00e9v\u00e9nements sportifs majeurs dans le pays, avec des \u00e9quipes de renomm\u00e9e mondiale comme le Stade Toulousain, l&#039;ASM Clermont Auvergne ou encore le Racing 92. La coupe du monde 2023 s&#039;organisant en France, la ferveur n&#039;a pas fini de monter... La France est \u00e9galement reconnue\u2026\" href=\"https:\/\/www.xvovalie.com\/xv-de-france\/\" target=\"_blank\" rel=\"noopener\">France<\/a> puisqu\u2019il y a \u00e9volu\u00e9 en tant que joueur mais a surtout, <strong>\u00e9tait en charge des trois-quarts de l\u2019Union <a data-ilj-link-preview=\"true\" data-excerpt=\"L\u2019Union Bordeaux B\u00e8gles (UBB) a \u00e9t\u00e9 cr\u00e9\u00e9e en 2008 suite \u00e0 la fusion du Club athl\u00e9tique B\u00e8glais et du Stade bordelais universit\u00e9 club. Le club \u00e9volue en Top 14.&#013;&#010;Staff et pr\u00e9sidence :&#013;&#010;&#013;&#010; &#009;Pr\u00e9sident : Laurent Marti&#013;&#010; &#009;Entra\u00eeneur : Yannick Bru&#013;&#010;&#013;&#010;Palmar\u00e8s de l&#039;UBB&#013;&#010;&#013;&#010;&#013;&#010;&#013;&#010;Comp\u00e9tition&#013;&#010;Palmar\u00e8s&#013;&#010;&#013;&#010;&#013;&#010;Championnat de France de Pro D2&#013;&#010;Vainqueur du barrage d&#039;accession en Top 14 en 2011&#013;&#010;&#013;&#010;&#013;&#010;Championnat de France de Top 14&#013;&#010;Demi-finaliste en 2021 et 2022&#013;&#010;&#013;&#010;&#013;&#010;Coupe d&#039;Europe de rugby \u00e0 XV&#013;&#010;Demi-finaliste en 2021&#013;&#010;&#013;&#010;&#013;&#010;Challenge europ\u00e9en de rugby \u00e0 XV&#013;&#010;Demi-finaliste en 2020&#013;&#010;&#013;&#010;&#013;&#010;Championnat de France espoirs&#013;&#010;Vainqueur en 2016&#013;&#010;&#013;&#010;&#013;&#010;&#013;&#010;\u00a0\" href=\"https:\/\/www.xvovalie.com\/bordeaux-begles\/\" target=\"_blank\" rel=\"noopener\">Bordeaux-B\u00e8gles<\/a><\/strong> (2017-2018, il a \u00e9t\u00e9 promu manager en 2018) <strong>puis du <a data-ilj-link-preview=\"true\" data-excerpt=\"Fond\u00e9 en 1882, le club de rugby du Racing 92 est un club professionnel de rugby de banlieue parisienne qui \u00e9volue en TOP 14.&#013;&#010;Staff et pr\u00e9sidence :&#013;&#010;&#013;&#010; &#009;Pr\u00e9sident : Laurent Travers&#013;&#010; &#009;Entra\u00eeneur : Stuart Lancaster&#013;&#010; &#009;Yannick Nyanga&#013;&#010; &#009;Fr\u00e9d\u00e9ric Michalak&#013;&#010; &#009;Dimitri Szarzewski&#013;&#010;&#013;&#010;Palmar\u00e8s du Racing 92 :&#013;&#010;&#013;&#010;&#013;&#010;&#013;&#010;Competition&#013;&#010;Titles&#013;&#010;Years&#013;&#010;&#013;&#010;&#013;&#010;Championnat de France de premi\u00e8re division&#013;&#010;6&#013;&#010;1892, 1900, 1902, 1959, 1990, 2016&#013;&#010;&#013;&#010;&#013;&#010;Championnat de France de deuxi\u00e8me division&#013;&#010;3&#013;&#010;1998, 2009, plus d&#039;autres ann\u00e9es non sp\u00e9cifi\u00e9es&#013;&#010;&#013;&#010;&#013;&#010;Coupe de l&#039;Esp\u00e9rance&#013;&#010;1&#013;&#010;1918\" href=\"https:\/\/www.xvovalie.com\/racing-92\/\" target=\"_blank\" rel=\"noopener\">Racing 92<\/a><\/strong> (2022-2023). <\/p>\n<p>L\u2019officialisation pourrait intervenir dans les prochains jours. Pour rappel, <strong>le sort de l\u2019ASBH est toujours entre les mains de l\u2019A2R<\/strong>, le gendarme financier du rugby fran\u00e7ais. <\/p>\n<p>Biberonn\u00e9 au rugby, tomb\u00e9 malade de ce sport lors de la Coupe du Monde 2003, alors que je savais \u00e0 peine marcher, je suis le seul sudiste ayant reni\u00e9 le Stade Toulousain pour l\u2019autre Stade\u2026 Fran\u00e7ais. Condamn\u00e9 \u00e0 souffrir avec mon club de c\u0153ur, j\u2019esp\u00e8re vous transmettre mon amour pour la balle ovale \u00e0 travers XV Ovalie !<\/p>\n","protected":false},"excerpt":{"rendered":"Septi\u00e8me de Pro D2 \u00e0 l\u2019issue de la saison, B\u00e9ziers n\u2019a pas eu la chance de conna\u00eetre les&hellip;\n","protected":false},"author":2,"featured_media":185531,"comment_status":"","ping_status":"","sticky":false,"template":"","format":"standard","meta":{"footnotes":""},"categories":[1416],"tags":[32360,1011,27,32361,2308,32362,479,1468,60,10662],"class_list":{"0":"post-185530","1":"post","2":"type-post","3":"status-publish","4":"format-standard","5":"has-post-thumbnail","7":"category-rugby","8":"tag-bu00e9ziers","9":"tag-fr","10":"tag-france","11":"tag-pierre-caillet","12":"tag-pro-d2","13":"tag-rory-teague","14":"tag-rugby","15":"tag-rugby-football","16":"tag-sports","17":"tag-transferts"},"share_on_mastodon":{"url":"https:\/\/pubeurope.com\/@fr\/114703683141445935","error":""},"_links":{"self":[{"href":"https:\/\/www.europesays.com\/fr\/wp-json\/wp\/v2\/posts\/185530","targetHints":{"allow":["GET"]}}],"collection":[{"href":"https:\/\/www.europesays.com\/fr\/wp-json\/wp\/v2\/posts"}],"about":[{"href":"https:\/\/www.europesays.com\/fr\/wp-json\/wp\/v2\/types\/post"}],"author":[{"embeddable":true,"href":"https:\/\/www.europesays.com\/fr\/wp-json\/wp\/v2\/users\/2"}],"replies":[{"embeddable":true,"href":"https:\/\/www.europesays.com\/fr\/wp-json\/wp\/v2\/comments?post=185530"}],"version-history":[{"count":0,"href":"https:\/\/www.europesays.com\/fr\/wp-json\/wp\/v2\/posts\/185530\/revisions"}],"wp:featuredmedia":[{"embeddable":true,"href":"https:\/\/www.europesays.com\/fr\/wp-json\/wp\/v2\/media\/185531"}],"wp:attachment":[{"href":"https:\/\/www.europesays.com\/fr\/wp-json\/wp\/v2\/media?parent=185530"}],"wp:term":[{"taxonomy":"category","embeddable":true,"href":"https:\/\/www.europesays.com\/fr\/wp-json\/wp\/v2\/categories?post=185530"},{"taxonomy":"post_tag","embeddable":true,"href":"https:\/\/www.europesays.com\/fr\/wp-json\/wp\/v2\/tags?post=185530"}],"curies":[{"name":"wp","href":"https:\/\/api.w.org\/{rel}","templated":true}]}}