{"id":185534,"date":"2025-06-18T09:36:14","date_gmt":"2025-06-18T09:36:14","guid":{"rendered":"https:\/\/www.europesays.com\/fr\/185534\/"},"modified":"2025-06-18T09:36:14","modified_gmt":"2025-06-18T09:36:14","slug":"comment-aprilia-utilise-de-faux-martin-et-bezzecchi-en-soufflerie","status":"publish","type":"post","link":"https:\/\/www.europesays.com\/fr\/185534\/","title":{"rendered":"Comment Aprilia utilise de \u00ab\u00a0faux\u00a0\u00bb Mart\u00edn et Bezzecchi en soufflerie"},"content":{"rendered":"<p>Lors du test organis\u00e9 sur le MotorLand Arag\u00f3n la semaine derni\u00e8re, Aprilia a apport\u00e9 un nouvel ensemble a\u00e9rodynamique principalement destin\u00e9 \u00e0 am\u00e9liorer les performances en qualifications, son point faible alors que le rythme de course semble bon. Pour y parvenir, l&rsquo;\u00e9quipe a intensifi\u00e9 son travail en soufflerie depuis quelques semaines.<\/p>\n<p>Les troupes de Fabiano Sterlacchini, arriv\u00e9 l&rsquo;hiver dernier pour prendre la t\u00eate du d\u00e9partement technique, travaillent dans l&rsquo;une des deux souffleries de Toyota Gazoo Racing Europe \u00e0 Cologne, qui est r\u00e9serv\u00e9e \u00e0 ses clients. Ces installations ont notamment \u00e9t\u00e9 utilis\u00e9es par <a href=\"https:\/\/fr.motorsport.com\/team\/mclaren\/609\/\" target=\"_self\" rel=\"noopener\">McLaren<\/a> en F1 avant que l&rsquo;\u00e9quipe puisse profiter de ses installations actuelles.<\/p>\n<p>Marco De Luca, chef de projet de la RS-GP et ing\u00e9nieur a\u00e9rodynamique de formation, a imm\u00e9diatement cru \u00e0 la possibilit\u00e9 d&rsquo;am\u00e9liorer les performances de la moto en essayant d&rsquo;augmenter l&rsquo;appui quand elle prend de l&rsquo;angle, tout en am\u00e9liorant l&rsquo;efficacit\u00e9 en ligne droite, \u00e0 travers une r\u00e9duction de la tra\u00een\u00e9e pour b\u00e9n\u00e9ficier d&rsquo;une vitesse de pointe plus \u00e9lev\u00e9e.<\/p>\n<p>Les ing\u00e9nieurs se concentrent par ailleurs sur l&rsquo;un des probl\u00e8mes dont Aprilia peine \u00e0 se d\u00e9faire saison apr\u00e8s saison\u00a0: la chaleur \u00e9mise par le moteur, qui vient troubler les pilotes et peut les d\u00e9concentrer dans les courses disput\u00e9es sous de fortes temp\u00e9ratures.<\/p>\n<p>   <img decoding=\"async\" draggable=\"false\" src=\"https:\/\/www.europesays.com\/fr\/wp-content\/uploads\/2025\/06\/marco-bezzecchi-aprilia-racing.jpg\" alt=\"Marco Bezzecchi, Aprilia Racing\" width=\"1200\" height=\"800\" loading=\"lazy\"\/> <\/p>\n<p class=\"title\">Marco Bezzecchi<\/p>\n<p class=\"photographer\">Photo de: Gold and Goose Photography \/ LAT Images \/ via Getty Images<\/p>\n<p>Aprilia pousse son travail de d\u00e9veloppement de plus en plus loin pour reproduire non seulement le comportement de la moto, mais aussi la position des pilotes. Le staff de Marco De Luca cherche ainsi \u00e0 \u00e9tudier les flux a\u00e9rodynamiques autour de la machine, ainsi que sur le corps des pilotes pendant leurs mouvements.<\/p>\n<p>Des mannequins reprenant la morphologie des pilotes<\/p>\n<p>Comment mener \u00e0 bien ces travaux\u00a0? Chez certains constructeurs, les pilotes participent parfois \u00e0 des s\u00e9ances en soufflerie, surtout au d\u00e9but du d\u00e9veloppement d&rsquo;une nouvelle machine. Mais ce n&rsquo;est pas ce qu&rsquo;Aprilia a d\u00e9cid\u00e9 de faire&#8230; tout en voulant reproduire au mieux les morphologies de <a href=\"https:\/\/fr.motorsport.com\/driver\/jorge-martin\/109391\/\" target=\"_blank\" rel=\"noopener\">Jorge Mart\u00edn<\/a> et <a href=\"https:\/\/fr.motorsport.com\/driver\/marco-bezzecchi\/441839\/\" target=\"_blank\" rel=\"noopener\">Marco Bezzecchi<\/a>.<\/p>\n<p>Avec des outils de conception assist\u00e9e par ordinateur (CAO), la marque a ainsi cr\u00e9\u00e9 de \u00ab\u00a0fausses\u00a0\u00bb versions des deux hommes. Pas de statue fa\u00e7on Mus\u00e9e Gr\u00e9vin, mais des mannequins bard\u00e9s de capteurs, ce qui permet de recueillir de nombreuses donn\u00e9es et dans de tr\u00e8s nombreuses configurations.<\/p>\n<p>Les s\u00e9ances en soufflerie permettent ainsi d&rsquo;\u00e9tudier comment chaque mouvement influe sur l&rsquo;\u00e9coulement de l&rsquo;air. Les donn\u00e9es sont de plus plus pr\u00e9cises, si bien qu&rsquo;Aprilia peut \u00ab\u00a0apprendre\u00a0\u00bb \u00e0 ses pilotes la position id\u00e9ale \u00e0 adopter et cr\u00e9er des solutions personnalis\u00e9es pour chacun d&rsquo;entre eux.<\/p>\n<p>Ce domaine de d\u00e9veloppement n&rsquo;en est qu&rsquo;\u00e0 ses balbutiements mais les r\u00e9sultats pourraient \u00eatre riches d&rsquo;enseignements. Le test en Arag\u00f3n a d&rsquo;ailleurs sembl\u00e9 prometteur, puisque Bezzecchi a paru plus confiant lorsqu&rsquo;il cherchait les limites de l&rsquo;Aprilia sur un tour.<\/p>\n<p>Lire aussi :<\/p>\n<p>Dans cet article<\/p>\n<p>    Franco Nugnes\n<\/p>\n<p>    MotoGP\n<\/p>\n<p>    Jorge Mart\u00edn\n<\/p>\n<p>    Marco Bezzecchi\n<\/p>\n<p>    Aprilia Racing Team\n<\/p>\n<p>Soyez le premier inform\u00e9 et souscrivez aux alertes mails pour recevoir les infos en temps r\u00e9el<\/p>\n<p>    S&rsquo;abonner aux alertes de news<\/p>\n","protected":false},"excerpt":{"rendered":"Lors du test organis\u00e9 sur le MotorLand Arag\u00f3n la semaine derni\u00e8re, Aprilia a apport\u00e9 un nouvel ensemble a\u00e9rodynamique&hellip;\n","protected":false},"author":2,"featured_media":185535,"comment_status":"","ping_status":"","sticky":false,"template":"","format":"standard","meta":{"footnotes":""},"categories":[1413],"tags":[3563,1011,27,3564,1961,1457,1456,1458,60],"class_list":{"0":"post-185534","1":"post","2":"type-post","3":"status-publish","4":"format-standard","5":"has-post-thumbnail","7":"category-moto","8":"tag-aprilia-racing-team","9":"tag-fr","10":"tag-france","11":"tag-jorge-martu00edn","12":"tag-marco-bezzecchi","13":"tag-moto","14":"tag-motocycle","15":"tag-motogp","16":"tag-sports"},"share_on_mastodon":{"url":"https:\/\/pubeurope.com\/@fr\/114703694792251552","error":""},"_links":{"self":[{"href":"https:\/\/www.europesays.com\/fr\/wp-json\/wp\/v2\/posts\/185534","targetHints":{"allow":["GET"]}}],"collection":[{"href":"https:\/\/www.europesays.com\/fr\/wp-json\/wp\/v2\/posts"}],"about":[{"href":"https:\/\/www.europesays.com\/fr\/wp-json\/wp\/v2\/types\/post"}],"author":[{"embeddable":true,"href":"https:\/\/www.europesays.com\/fr\/wp-json\/wp\/v2\/users\/2"}],"replies":[{"embeddable":true,"href":"https:\/\/www.europesays.com\/fr\/wp-json\/wp\/v2\/comments?post=185534"}],"version-history":[{"count":0,"href":"https:\/\/www.europesays.com\/fr\/wp-json\/wp\/v2\/posts\/185534\/revisions"}],"wp:featuredmedia":[{"embeddable":true,"href":"https:\/\/www.europesays.com\/fr\/wp-json\/wp\/v2\/media\/185535"}],"wp:attachment":[{"href":"https:\/\/www.europesays.com\/fr\/wp-json\/wp\/v2\/media?parent=185534"}],"wp:term":[{"taxonomy":"category","embeddable":true,"href":"https:\/\/www.europesays.com\/fr\/wp-json\/wp\/v2\/categories?post=185534"},{"taxonomy":"post_tag","embeddable":true,"href":"https:\/\/www.europesays.com\/fr\/wp-json\/wp\/v2\/tags?post=185534"}],"curies":[{"name":"wp","href":"https:\/\/api.w.org\/{rel}","templated":true}]}}